{"id":31254,"date":"2014-03-30T15:02:01","date_gmt":"2014-03-30T15:02:01","guid":{"rendered":"http:\/\/www.hoymercedes.com.ar\/principal\/?p=31254"},"modified":"2014-03-30T15:02:01","modified_gmt":"2014-03-30T15:02:01","slug":"colegio-de-abogados-acompana-a-union-de-usuarios-viales-por-ruta-no41","status":"publish","type":"post","link":"https:\/\/www.hoymercedes.com.ar\/principal\/2014\/03\/30\/colegio-de-abogados-acompana-a-union-de-usuarios-viales-por-ruta-no41\/","title":{"rendered":"Colegio de Abogados acompa\u00f1a a Uni\u00f3n de Usuarios Viales por Ruta N\u00ba41"},"content":{"rendered":"<p><a href=\"https:\/\/www.hoymercedes.com.ar\/principal\/wp-content\/uploads\/2014\/03\/notacolegioabogados.jpeg\"><img loading=\"lazy\" decoding=\"async\" data-attachment-id=\"31256\" data-permalink=\"https:\/\/www.hoymercedes.com.ar\/principal\/2014\/03\/30\/colegio-de-abogados-acompana-a-union-de-usuarios-viales-por-ruta-no41\/notacolegioabogados\/#main\" data-orig-file=\"https:\/\/www.hoymercedes.com.ar\/principal\/wp-content\/uploads\/2014\/03\/notacolegioabogados.jpeg\" data-orig-size=\"620,794\" data-comments-opened=\"1\" data-image-meta=\"{&quot;aperture&quot;:&quot;2.8&quot;,&quot;credit&quot;:&quot;&quot;,&quot;camera&quot;:&quot;iPhone 4&quot;,&quot;caption&quot;:&quot;&quot;,&quot;created_timestamp&quot;:&quot;1396026252&quot;,&quot;copyright&quot;:&quot;&quot;,&quot;focal_length&quot;:&quot;3.85&quot;,&quot;iso&quot;:&quot;80&quot;,&quot;shutter_speed&quot;:&quot;0.025&quot;,&quot;title&quot;:&quot;&quot;}\" data-image-title=\"notacolegioabogados\" data-image-description=\"\" data-image-caption=\"\" data-large-file=\"https:\/\/www.hoymercedes.com.ar\/principal\/wp-content\/uploads\/2014\/03\/notacolegioabogados.jpeg\" class=\"aligncenter size-full wp-image-31256\" alt=\"notacolegioabogados\" src=\"https:\/\/www.hoymercedes.com.ar\/principal\/wp-content\/uploads\/2014\/03\/notacolegioabogados.jpeg\" width=\"620\" height=\"794\" srcset=\"https:\/\/www.hoymercedes.com.ar\/principal\/wp-content\/uploads\/2014\/03\/notacolegioabogados.jpeg 620w, https:\/\/www.hoymercedes.com.ar\/principal\/wp-content\/uploads\/2014\/03\/notacolegioabogados-484x620.jpeg 484w\" sizes=\"auto, (max-width: 620px) 100vw, 620px\" \/><\/a><\/p>\n<p><em><strong>La Uni\u00f3n de Usuarios Viales es un espacio de trabajo regional que desde hace tiempo viene efectuando diversas actividades en torno al mejoramimento de las rutas y autopistas de la regi\u00f3n. Ha habido marchas, movilizaci\u00f3n, encuentros de difusi\u00f3n, participaci\u00f3n en reuniones con senadores y diputados, encuentros con intendentes y concretado varios pedidos a los ejecutivos nacional y provincial para que por medio de las \u00e1reas correspondientes lleven a cabo las necesarias obras para la seguridad de todos los viajantes.<\/strong><\/em><\/p>\n<p>Dentro de las vinculaciones institucionales, se ha conocido el acompa\u00f1amiento del Colegio de Abogados de la Departamental Mercedes en relaci\u00f3n a los pedidos.<\/p>\n<p>En \u00e9ste caso la entidad que nuclea a los abogados efectu\u00f3 notas y pedidos a los intendente de Mercedes, San Antonio de Areco y San Andr\u00e9s de Giles donde manifiestan su preocupaci\u00f3n y deseo de que pronto se efect\u00faen las necesarias obras en la Ruta Provincial N\u00ba41 que tantas vidas se llev\u00f3 en los \u00faltimos a\u00f1os.<\/p>\n<p>Se contin\u00faa, de \u00e9sta manera, sumando adhesiones e interlocutores para la mejora de la compleja realidad vial.<\/p>\n","protected":false},"excerpt":{"rendered":"<p>La Uni\u00f3n de Usuarios Viales es un espacio de trabajo regional que desde hace tiempo viene efectuando diversas actividades en &#8230; <a title=\"Colegio de Abogados acompa\u00f1a a Uni\u00f3n de Usuarios Viales por Ruta N\u00ba41\" class=\"read-more\" href=\"https:\/\/www.hoymercedes.com.ar\/principal\/2014\/03\/30\/colegio-de-abogados-acompana-a-union-de-usuarios-viales-por-ruta-no41\/\" aria-label=\"Leer m\u00e1s sobre Colegio de Abogados acompa\u00f1a a Uni\u00f3n de Usuarios Viales por Ruta N\u00ba41\">Leer m\u00e1s<\/a><\/p>\n","protected":false},"author":1,"featured_media":0,"comment_status":"open","ping_status":"open","sticky":false,"template":"","format":"standard","meta":{"_monsterinsights_skip_tracking":false,"_monsterinsights_sitenote_active":false,"_monsterinsights_sitenote_note":"","_monsterinsights_sitenote_category":0,"jetpack_post_was_ever_published":false,"_jetpack_newsletter_access":"","_jetpack_dont_email_post_to_subs":false,"_jetpack_newsletter_tier_id":0,"_jetpack_memberships_contains_paywalled_content":false,"_jetpack_memberships_contains_paid_content":false,"footnotes":"","jetpack_publicize_message":"","jetpack_publicize_feature_enabled":true,"jetpack_social_post_already_shared":false,"jetpack_social_options":{"image_generator_settings":{"template":"highway","default_image_id":0,"font":"","enabled":false},"version":2},"_wpas_customize_per_network":false},"categories":[8],"tags":[3052,928,604,2754],"class_list":["post-31254","post","type-post","status-publish","format-standard","hentry","category-sociedad","tag-carlos-mosso","tag-colegio-de-abogados","tag-horacio-vero","tag-union-de-usuarios-viales","generate-columns","tablet-grid-50","mobile-grid-100","grid-parent","grid-50"],"jetpack_publicize_connections":[],"jetpack_featured_media_url":"","wps_subtitle":"Por las rutas del pa\u00eds","jetpack_sharing_enabled":true,"_links":{"self":[{"href":"https:\/\/www.hoymercedes.com.ar\/principal\/wp-json\/wp\/v2\/posts\/31254","targetHints":{"allow":["GET"]}}],"collection":[{"href":"https:\/\/www.hoymercedes.com.ar\/principal\/wp-json\/wp\/v2\/posts"}],"about":[{"href":"https:\/\/www.hoymercedes.com.ar\/principal\/wp-json\/wp\/v2\/types\/post"}],"author":[{"embeddable":true,"href":"https:\/\/www.hoymercedes.com.ar\/principal\/wp-json\/wp\/v2\/users\/1"}],"replies":[{"embeddable":true,"href":"https:\/\/www.hoymercedes.com.ar\/principal\/wp-json\/wp\/v2\/comments?post=31254"}],"version-history":[{"count":0,"href":"https:\/\/www.hoymercedes.com.ar\/principal\/wp-json\/wp\/v2\/posts\/31254\/revisions"}],"wp:attachment":[{"href":"https:\/\/www.hoymercedes.com.ar\/principal\/wp-json\/wp\/v2\/media?parent=31254"}],"wp:term":[{"taxonomy":"category","embeddable":true,"href":"https:\/\/www.hoymercedes.com.ar\/principal\/wp-json\/wp\/v2\/categories?post=31254"},{"taxonomy":"post_tag","embeddable":true,"href":"https:\/\/www.hoymercedes.com.ar\/principal\/wp-json\/wp\/v2\/tags?post=31254"}],"curies":[{"name":"wp","href":"https:\/\/api.w.org\/{rel}","templated":true}]}}