{"id":31258,"date":"2014-03-30T15:31:31","date_gmt":"2014-03-30T15:31:31","guid":{"rendered":"http:\/\/www.hoymercedes.com.ar\/principal\/?p=31258"},"modified":"2014-03-30T15:31:31","modified_gmt":"2014-03-30T15:31:31","slug":"selva-el-impuesto-a-las-ganancias-es-injusto-y-se-debe-regular-por-ley","status":"publish","type":"post","link":"https:\/\/www.hoymercedes.com.ar\/principal\/2014\/03\/30\/selva-el-impuesto-a-las-ganancias-es-injusto-y-se-debe-regular-por-ley\/","title":{"rendered":"Selva: \u201cEl impuesto a las ganancias es injusto y se debe regular por ley\u201d"},"content":{"rendered":"<p><a href=\"https:\/\/www.hoymercedes.com.ar\/principal\/wp-content\/uploads\/2014\/03\/selva-massa2.jpg\"><img loading=\"lazy\" decoding=\"async\" data-attachment-id=\"31260\" data-permalink=\"https:\/\/www.hoymercedes.com.ar\/principal\/2014\/03\/30\/selva-el-impuesto-a-las-ganancias-es-injusto-y-se-debe-regular-por-ley\/selva-massa-6\/#main\" data-orig-file=\"https:\/\/www.hoymercedes.com.ar\/principal\/wp-content\/uploads\/2014\/03\/selva-massa2.jpg\" data-orig-size=\"620,319\" data-comments-opened=\"1\" data-image-meta=\"{&quot;aperture&quot;:&quot;0&quot;,&quot;credit&quot;:&quot;&quot;,&quot;camera&quot;:&quot;&quot;,&quot;caption&quot;:&quot;&quot;,&quot;created_timestamp&quot;:&quot;0&quot;,&quot;copyright&quot;:&quot;&quot;,&quot;focal_length&quot;:&quot;0&quot;,&quot;iso&quot;:&quot;0&quot;,&quot;shutter_speed&quot;:&quot;0&quot;,&quot;title&quot;:&quot;&quot;}\" data-image-title=\"selva-massa\" data-image-description=\"\" data-image-caption=\"\" data-large-file=\"https:\/\/www.hoymercedes.com.ar\/principal\/wp-content\/uploads\/2014\/03\/selva-massa2.jpg\" class=\"aligncenter size-full wp-image-31260\" alt=\"selva-massa\" src=\"https:\/\/www.hoymercedes.com.ar\/principal\/wp-content\/uploads\/2014\/03\/selva-massa2.jpg\" width=\"620\" height=\"319\" \/><\/a><\/p>\n<p><em><strong>El intendente mercedino Carlos Selva sali\u00f3 a respaldar la propuesta que realiz\u00f3 el diputado nacional Sergio Massa para que se ajuste el impuesto a las ganancias \u201cen funci\u00f3n del acuerdo paritario\u201d.<\/strong><\/em><\/p>\n<p>El l\u00edder del Frente Renovador sali\u00f3 fuerte este fin de semana solicitando la suba de la basa no imponible del impuesto a las ganancias. \u201c\u201cYo no tengo ninguna duda que as\u00ed como la inflaci\u00f3n, particularmente en alimentos y bebidas a pesar del \u2018control de precios\u2019, repercute en el salario de la gente, tambi\u00e9n lo hace la modificaci\u00f3n tarifaria y el impuesto a la ganancia. Ser\u00eda fundamental que se modifique el m\u00ednimo no imponible para ayudar al trabajador a definir su salario\u201d.<\/p>\n<p>En ese tono fue que el intendente de Mercedes Carlos selva se sum\u00f3 a la propuesta de Sergio Massa. \u201cLa quita de subsidios al agua y el gas es un tema que va a afectar sobre el salario de los trabajadores seguramente, pero el principal cercenamiento que se le produce mes a mes es el del impuesto a las ganancias. Para este a\u00f1o se espera que un porcentaje cercano al 70 por ciento quede bajo el yugo de este impuesto a las ganancias injusto para los trabajadores\u201d, asegur\u00f3 el primer mandatario mercedino.<\/p>\n<p>El referente del Frente Renovador en el interior de la provincia de Buenos Aires direccion\u00f3 su cr\u00edtica hacia el Estado Nacional, que debe tener un rol central en este tema. \u201cEl estado nacional debe modificar esto. A tal efecto hay que decir que hay propuestas planteadas por el Frente Renovador en su plataforma electoral de 2013 donde se aseguraba que se deb\u00eda regir por ley la base no imponible del impuesto a las ganancias, para que no quede supeditada a la voluntad del Estado. Estamos acompa\u00f1ando este reclamo que es del conjunto de los trabajadores porque vemos como d\u00eda a d\u00eda pierden el poder adquisitivo de su salario con la inflaci\u00f3n que crece\u201d, sostuvo el intendente mercedino Carlos Selva, quien sobre el final sentenci\u00f3: \u201cUn impuesto al trabajo de esta magnitud no se vivi\u00f3 en ning\u00fan gobierno desde la llegada de la democracia\u201d.<\/p>\n<p><span style=\"color: #888888;\">Fuente: Frente Renovador<\/span><\/p>\n","protected":false},"excerpt":{"rendered":"<p>El intendente mercedino Carlos Selva sali\u00f3 a respaldar la propuesta que realiz\u00f3 el diputado nacional Sergio Massa para que se &#8230; <a title=\"Selva: \u201cEl impuesto a las ganancias es injusto y se debe regular por ley\u201d\" class=\"read-more\" href=\"https:\/\/www.hoymercedes.com.ar\/principal\/2014\/03\/30\/selva-el-impuesto-a-las-ganancias-es-injusto-y-se-debe-regular-por-ley\/\" aria-label=\"Leer m\u00e1s sobre Selva: \u201cEl impuesto a las ganancias es injusto y se debe regular por ley\u201d\">Leer m\u00e1s<\/a><\/p>\n","protected":false},"author":1,"featured_media":0,"comment_status":"open","ping_status":"open","sticky":false,"template":"","format":"standard","meta":{"_monsterinsights_skip_tracking":false,"_monsterinsights_sitenote_active":false,"_monsterinsights_sitenote_note":"","_monsterinsights_sitenote_category":0,"jetpack_post_was_ever_published":false,"_jetpack_newsletter_access":"","_jetpack_dont_email_post_to_subs":false,"_jetpack_newsletter_tier_id":0,"_jetpack_memberships_contains_paywalled_content":false,"_jetpack_memberships_contains_paid_content":false,"footnotes":"","jetpack_publicize_message":"","jetpack_publicize_feature_enabled":true,"jetpack_social_post_already_shared":false,"jetpack_social_options":{"image_generator_settings":{"template":"highway","default_image_id":0,"font":"","enabled":false},"version":2},"_wpas_customize_per_network":false},"categories":[5],"tags":[],"class_list":["post-31258","post","type-post","status-publish","format-standard","hentry","category-politica","generate-columns","tablet-grid-50","mobile-grid-100","grid-parent","grid-50"],"jetpack_publicize_connections":[],"jetpack_featured_media_url":"","wps_subtitle":"Manifestaciones del intendente ","jetpack_sharing_enabled":true,"_links":{"self":[{"href":"https:\/\/www.hoymercedes.com.ar\/principal\/wp-json\/wp\/v2\/posts\/31258","targetHints":{"allow":["GET"]}}],"collection":[{"href":"https:\/\/www.hoymercedes.com.ar\/principal\/wp-json\/wp\/v2\/posts"}],"about":[{"href":"https:\/\/www.hoymercedes.com.ar\/principal\/wp-json\/wp\/v2\/types\/post"}],"author":[{"embeddable":true,"href":"https:\/\/www.hoymercedes.com.ar\/principal\/wp-json\/wp\/v2\/users\/1"}],"replies":[{"embeddable":true,"href":"https:\/\/www.hoymercedes.com.ar\/principal\/wp-json\/wp\/v2\/comments?post=31258"}],"version-history":[{"count":0,"href":"https:\/\/www.hoymercedes.com.ar\/principal\/wp-json\/wp\/v2\/posts\/31258\/revisions"}],"wp:attachment":[{"href":"https:\/\/www.hoymercedes.com.ar\/principal\/wp-json\/wp\/v2\/media?parent=31258"}],"wp:term":[{"taxonomy":"category","embeddable":true,"href":"https:\/\/www.hoymercedes.com.ar\/principal\/wp-json\/wp\/v2\/categories?post=31258"},{"taxonomy":"post_tag","embeddable":true,"href":"https:\/\/www.hoymercedes.com.ar\/principal\/wp-json\/wp\/v2\/tags?post=31258"}],"curies":[{"name":"wp","href":"https:\/\/api.w.org\/{rel}","templated":true}]}}