{"id":31272,"date":"2014-03-31T01:23:15","date_gmt":"2014-03-31T01:23:15","guid":{"rendered":"http:\/\/www.hoymercedes.com.ar\/principal\/?p=31272"},"modified":"2014-03-31T01:23:15","modified_gmt":"2014-03-31T01:23:15","slug":"jardin-municipal-maternal-no3-en-etapa-final-de-construccion","status":"publish","type":"post","link":"https:\/\/www.hoymercedes.com.ar\/principal\/2014\/03\/31\/jardin-municipal-maternal-no3-en-etapa-final-de-construccion\/","title":{"rendered":"Jard\u00edn Municipal Maternal N\u00ba3 en etapa final de construcci\u00f3n"},"content":{"rendered":"<p><a href=\"https:\/\/www.hoymercedes.com.ar\/principal\/wp-content\/uploads\/2014\/03\/jardinmaternal3.jpg\"><img loading=\"lazy\" decoding=\"async\" data-attachment-id=\"31274\" data-permalink=\"https:\/\/www.hoymercedes.com.ar\/principal\/2014\/03\/31\/jardin-municipal-maternal-no3-en-etapa-final-de-construccion\/jardinmaternal3\/#main\" data-orig-file=\"https:\/\/www.hoymercedes.com.ar\/principal\/wp-content\/uploads\/2014\/03\/jardinmaternal3.jpg\" data-orig-size=\"620,413\" data-comments-opened=\"1\" data-image-meta=\"{&quot;aperture&quot;:&quot;0&quot;,&quot;credit&quot;:&quot;&quot;,&quot;camera&quot;:&quot;&quot;,&quot;caption&quot;:&quot;&quot;,&quot;created_timestamp&quot;:&quot;0&quot;,&quot;copyright&quot;:&quot;&quot;,&quot;focal_length&quot;:&quot;0&quot;,&quot;iso&quot;:&quot;0&quot;,&quot;shutter_speed&quot;:&quot;0&quot;,&quot;title&quot;:&quot;&quot;}\" data-image-title=\"jardinmaternal3\" data-image-description=\"\" data-image-caption=\"\" data-large-file=\"https:\/\/www.hoymercedes.com.ar\/principal\/wp-content\/uploads\/2014\/03\/jardinmaternal3.jpg\" class=\"aligncenter size-full wp-image-31274\" alt=\"jardinmaternal3\" src=\"https:\/\/www.hoymercedes.com.ar\/principal\/wp-content\/uploads\/2014\/03\/jardinmaternal3.jpg\" width=\"620\" height=\"413\" \/><\/a><\/p>\n<p>El Jard\u00edn Maternal N\u00ba3 que tiempo atr\u00e1s anunci\u00f3 el intendente Selva cuando inauguraba un Centro de Atenci\u00f3n Primaria en el Barrio San Antonio ingres\u00f3 en su etapa final de construcci\u00f3n dado que tan s\u00f3lo le est\u00e1 faltando la colocaci\u00f3n del cielo raso y los pisos.<\/p>\n<p>En di\u00e1logo con <strong>HoyMercedes<\/strong> el <strong>Secretario de Obras P\u00fablicas, Gustavo Salomone,<\/strong> manifest\u00f3 que: <em>\u201cest\u00e1 en las \u00faltimas instancias. Es importante recalcar que se realiz\u00f3 en su totalidad con fondos propios del municipio. (\u2026) las obras se iniciaron el a\u00f1o pasado y se fueron realizando hasta llegar ahora que entremos en la etapa final, quedando por concretar la colocaci\u00f3n de los pisos y el cielo raso.\u201d<\/em><\/p>\n<p>El Jard\u00edn Maternal, uno m\u00e1s en la gesti\u00f3n Carlos Selva, ser\u00e1 una herramienta pedag\u00f3gica y de contenci\u00f3n socio-familiar que beneficiar\u00e1 al Barrio San Antonio y a todos los que le son vecinos ya que como es habitual se abre a toda la comunidad.<\/p>\n","protected":false},"excerpt":{"rendered":"<p>El Jard\u00edn Maternal N\u00ba3 que tiempo atr\u00e1s anunci\u00f3 el intendente Selva cuando inauguraba un Centro de Atenci\u00f3n Primaria en el &#8230; <a title=\"Jard\u00edn Municipal Maternal N\u00ba3 en etapa final de construcci\u00f3n\" class=\"read-more\" href=\"https:\/\/www.hoymercedes.com.ar\/principal\/2014\/03\/31\/jardin-municipal-maternal-no3-en-etapa-final-de-construccion\/\" aria-label=\"Leer m\u00e1s sobre Jard\u00edn Municipal Maternal N\u00ba3 en etapa final de construcci\u00f3n\">Leer m\u00e1s<\/a><\/p>\n","protected":false},"author":1,"featured_media":0,"comment_status":"open","ping_status":"open","sticky":false,"template":"","format":"standard","meta":{"_monsterinsights_skip_tracking":false,"_monsterinsights_sitenote_active":false,"_monsterinsights_sitenote_note":"","_monsterinsights_sitenote_category":0,"jetpack_post_was_ever_published":false,"_jetpack_newsletter_access":"","_jetpack_dont_email_post_to_subs":false,"_jetpack_newsletter_tier_id":0,"_jetpack_memberships_contains_paywalled_content":false,"_jetpack_memberships_contains_paid_content":false,"footnotes":"","jetpack_publicize_message":"","jetpack_publicize_feature_enabled":true,"jetpack_social_post_already_shared":false,"jetpack_social_options":{"image_generator_settings":{"template":"highway","default_image_id":0,"font":"","enabled":false},"version":2},"_wpas_customize_per_network":false},"categories":[30],"tags":[39,229,4944],"class_list":["post-31272","post","type-post","status-publish","format-standard","hentry","category-municipio","tag-carlos-selva","tag-gustavo-salomone","tag-jardin-material","generate-columns","tablet-grid-50","mobile-grid-100","grid-parent","grid-50"],"jetpack_publicize_connections":[],"jetpack_featured_media_url":"","wps_subtitle":"En barrio San Antonio ","jetpack_sharing_enabled":true,"_links":{"self":[{"href":"https:\/\/www.hoymercedes.com.ar\/principal\/wp-json\/wp\/v2\/posts\/31272","targetHints":{"allow":["GET"]}}],"collection":[{"href":"https:\/\/www.hoymercedes.com.ar\/principal\/wp-json\/wp\/v2\/posts"}],"about":[{"href":"https:\/\/www.hoymercedes.com.ar\/principal\/wp-json\/wp\/v2\/types\/post"}],"author":[{"embeddable":true,"href":"https:\/\/www.hoymercedes.com.ar\/principal\/wp-json\/wp\/v2\/users\/1"}],"replies":[{"embeddable":true,"href":"https:\/\/www.hoymercedes.com.ar\/principal\/wp-json\/wp\/v2\/comments?post=31272"}],"version-history":[{"count":0,"href":"https:\/\/www.hoymercedes.com.ar\/principal\/wp-json\/wp\/v2\/posts\/31272\/revisions"}],"wp:attachment":[{"href":"https:\/\/www.hoymercedes.com.ar\/principal\/wp-json\/wp\/v2\/media?parent=31272"}],"wp:term":[{"taxonomy":"category","embeddable":true,"href":"https:\/\/www.hoymercedes.com.ar\/principal\/wp-json\/wp\/v2\/categories?post=31272"},{"taxonomy":"post_tag","embeddable":true,"href":"https:\/\/www.hoymercedes.com.ar\/principal\/wp-json\/wp\/v2\/tags?post=31272"}],"curies":[{"name":"wp","href":"https:\/\/api.w.org\/{rel}","templated":true}]}}