{"id":31344,"date":"2014-04-03T02:27:10","date_gmt":"2014-04-03T02:27:10","guid":{"rendered":"http:\/\/www.hoymercedes.com.ar\/principal\/?p=31344"},"modified":"2014-04-03T02:27:10","modified_gmt":"2014-04-03T02:27:10","slug":"selva-inauguro-sesiones-ordinarias-del-h-c-d","status":"publish","type":"post","link":"https:\/\/www.hoymercedes.com.ar\/principal\/2014\/04\/03\/selva-inauguro-sesiones-ordinarias-del-h-c-d\/","title":{"rendered":"Selva inaugur\u00f3 sesiones ordinarias del H.C.D"},"content":{"rendered":"<p><em><strong>El martes 1 de abril el intendente Carlos Selva dej\u00f3 formalmente inaugurado el per\u00edodo de sesiones ordinarias del Concejo Deliberante con un discurso que fue m\u00e1s all\u00e1 de un mero repaso de las acciones de gobierno, y que tuvo un alto contenido pol\u00edtico y con anuncios de gesti\u00f3n.<\/strong><\/em><\/p>\n<p>El primer mandatario mercedino concret\u00f3 la apertura del per\u00edodo de sesiones ordinarias en el Concejo Deliberante ante un recinto colmado y que sigui\u00f3 atentamente el repaso de gesti\u00f3n llevado adelante en este 2013. Hubo pantallas tambi\u00e9n fuera del recinto para poder seguir en vivo la sesi\u00f3n especial.<\/p>\n<p>Selva hizo un repaso de las acciones de gobierno en las secretar\u00edas y sus direcciones respectivas, pero adem\u00e1s hizo anuncios sobre temas trascendentes a futuro. \u201cDesde el a\u00f1o que viene estaremos poniendo en funci\u00f3n un jard\u00edn de infantes municipal, que se suma a los tres maternales que ya tenemos\u201d, prometi\u00f3 el intendente ante el cerrado aplauso del auditorio.<\/p>\n<p>Adem\u00e1s le expres\u00f3 a los concejales presentes que elevar\u00e1 un proyecto para consensuar un Plan Estrat\u00e9gico denominado \u201c2020\u201d que tendr\u00e1 como finalidad \u201cdefinir el perfil de ciudad que queremos para el futuro, ya que es algo que nos debemos y va m\u00e1s all\u00e1 de una ordenanza de zonificaci\u00f3n\u201d.<\/p>\n<p>Selva tambi\u00e9n hizo un repaso sobre la gran inversi\u00f3n que hace el municipio en salud, ante la baja sostenida del aporte que la provincia hace a tal efecto. Destac\u00f3 el trabajo que se hace con la guardia traumatol\u00f3gica, destacando que hubo m\u00e1s de 400 consultas en estos meses, y adem\u00e1s la reciente puesta en marcha de la guardia pedi\u00e1trica en el Centro de Integraci\u00f3n Comunitaria (CIC).<\/p>\n<p>Sobre el final sostuvo que existe una \u201ctraba pol\u00edtica\u201d a un cr\u00e9dito solicitado por el municipio en octubre de 2012 y que todav\u00eda no fue otorgado. \u201cYo no pido que colaboren, pero que por lo menos no pongan\u00a0 palos en las ruedas. Necesitamos esos 10 millones de pr\u00e9stamo para continuar con nuestro plan de asfaltado y hacer frente a la demanda habitacional existente\u201d, dijo.<\/p>\n<p><span style=\"color: #888888;\">Fuente: Prensa Frente Renovador<\/span><\/p>\n","protected":false},"excerpt":{"rendered":"<p>El martes 1 de abril el intendente Carlos Selva dej\u00f3 formalmente inaugurado el per\u00edodo de sesiones ordinarias del Concejo Deliberante &#8230; <a title=\"Selva inaugur\u00f3 sesiones ordinarias del H.C.D\" class=\"read-more\" href=\"https:\/\/www.hoymercedes.com.ar\/principal\/2014\/04\/03\/selva-inauguro-sesiones-ordinarias-del-h-c-d\/\" aria-label=\"Leer m\u00e1s sobre Selva inaugur\u00f3 sesiones ordinarias del H.C.D\">Leer m\u00e1s<\/a><\/p>\n","protected":false},"author":1,"featured_media":0,"comment_status":"open","ping_status":"open","sticky":false,"template":"","format":"standard","meta":{"_monsterinsights_skip_tracking":false,"_monsterinsights_sitenote_active":false,"_monsterinsights_sitenote_note":"","_monsterinsights_sitenote_category":0,"jetpack_post_was_ever_published":false,"_jetpack_newsletter_access":"","_jetpack_dont_email_post_to_subs":false,"_jetpack_newsletter_tier_id":0,"_jetpack_memberships_contains_paywalled_content":false,"_jetpack_memberships_contains_paid_content":false,"footnotes":"","jetpack_publicize_message":"","jetpack_publicize_feature_enabled":true,"jetpack_social_post_already_shared":false,"jetpack_social_options":{"image_generator_settings":{"template":"highway","default_image_id":0,"font":"","enabled":false},"version":2},"_wpas_customize_per_network":false},"categories":[5],"tags":[39,3537],"class_list":["post-31344","post","type-post","status-publish","format-standard","hentry","category-politica","tag-carlos-selva","tag-frente-renovador","generate-columns","tablet-grid-50","mobile-grid-100","grid-parent","grid-50"],"jetpack_publicize_connections":[],"jetpack_featured_media_url":"","wps_subtitle":"Concejo Deliberante ","jetpack_sharing_enabled":true,"_links":{"self":[{"href":"https:\/\/www.hoymercedes.com.ar\/principal\/wp-json\/wp\/v2\/posts\/31344","targetHints":{"allow":["GET"]}}],"collection":[{"href":"https:\/\/www.hoymercedes.com.ar\/principal\/wp-json\/wp\/v2\/posts"}],"about":[{"href":"https:\/\/www.hoymercedes.com.ar\/principal\/wp-json\/wp\/v2\/types\/post"}],"author":[{"embeddable":true,"href":"https:\/\/www.hoymercedes.com.ar\/principal\/wp-json\/wp\/v2\/users\/1"}],"replies":[{"embeddable":true,"href":"https:\/\/www.hoymercedes.com.ar\/principal\/wp-json\/wp\/v2\/comments?post=31344"}],"version-history":[{"count":0,"href":"https:\/\/www.hoymercedes.com.ar\/principal\/wp-json\/wp\/v2\/posts\/31344\/revisions"}],"wp:attachment":[{"href":"https:\/\/www.hoymercedes.com.ar\/principal\/wp-json\/wp\/v2\/media?parent=31344"}],"wp:term":[{"taxonomy":"category","embeddable":true,"href":"https:\/\/www.hoymercedes.com.ar\/principal\/wp-json\/wp\/v2\/categories?post=31344"},{"taxonomy":"post_tag","embeddable":true,"href":"https:\/\/www.hoymercedes.com.ar\/principal\/wp-json\/wp\/v2\/tags?post=31344"}],"curies":[{"name":"wp","href":"https:\/\/api.w.org\/{rel}","templated":true}]}}