{"id":31347,"date":"2014-04-03T02:33:46","date_gmt":"2014-04-03T02:33:46","guid":{"rendered":"http:\/\/www.hoymercedes.com.ar\/principal\/?p=31347"},"modified":"2014-04-03T02:33:46","modified_gmt":"2014-04-03T02:33:46","slug":"fmpv-en-homenaje-a-veteranos-y-caidos-de-malvinas","status":"publish","type":"post","link":"https:\/\/www.hoymercedes.com.ar\/principal\/2014\/04\/03\/fmpv-en-homenaje-a-veteranos-y-caidos-de-malvinas\/","title":{"rendered":"FMPV en homenaje a Veteranos y Ca\u00eddos de Malvinas"},"content":{"rendered":"<p><a href=\"https:\/\/www.hoymercedes.com.ar\/principal\/wp-content\/uploads\/2014\/04\/frentemercedino-actomalvinas-2014.jpg\"><img loading=\"lazy\" decoding=\"async\" data-attachment-id=\"31349\" data-permalink=\"https:\/\/www.hoymercedes.com.ar\/principal\/2014\/04\/03\/fmpv-en-homenaje-a-veteranos-y-caidos-de-malvinas\/frentemercedino-actomalvinas-2014\/#main\" data-orig-file=\"https:\/\/www.hoymercedes.com.ar\/principal\/wp-content\/uploads\/2014\/04\/frentemercedino-actomalvinas-2014.jpg\" data-orig-size=\"620,465\" data-comments-opened=\"1\" data-image-meta=\"{&quot;aperture&quot;:&quot;0&quot;,&quot;credit&quot;:&quot;&quot;,&quot;camera&quot;:&quot;&quot;,&quot;caption&quot;:&quot;&quot;,&quot;created_timestamp&quot;:&quot;0&quot;,&quot;copyright&quot;:&quot;&quot;,&quot;focal_length&quot;:&quot;0&quot;,&quot;iso&quot;:&quot;0&quot;,&quot;shutter_speed&quot;:&quot;0&quot;,&quot;title&quot;:&quot;&quot;}\" data-image-title=\"frentemercedino-actomalvinas-2014\" data-image-description=\"\" data-image-caption=\"\" data-large-file=\"https:\/\/www.hoymercedes.com.ar\/principal\/wp-content\/uploads\/2014\/04\/frentemercedino-actomalvinas-2014.jpg\" class=\"aligncenter size-full wp-image-31349\" alt=\"frentemercedino-actomalvinas-2014\" src=\"https:\/\/www.hoymercedes.com.ar\/principal\/wp-content\/uploads\/2014\/04\/frentemercedino-actomalvinas-2014.jpg\" width=\"620\" height=\"465\" \/><\/a><\/p>\n<p><em><strong>El presidente del bloque de concejales del Frente Mercedino para la Victoria, Juan Ignacio Ustarroz, asegur\u00f3 que el recuerdo de \u201ctodos a los veteranos y ca\u00eddos en Malvinas\u201d y especialmente \u201cde los vecinos de nuestra ciudad\u201d que participaron en la guerra debe ser \u201cpermanente\u201d, al cumplirse hoy 32 a\u00f1os del inicio del conflicto en las islas.<\/strong><\/em><\/p>\n<p>\u201cLas Malvinas deben estar permanentemente en la memoria de todos, porque es la mejor manera que tenemos de homenajear a nuestros soldados -muchos de ellos chicos de apenas 18 a\u00f1os-, y tambi\u00e9n la mejor manera de sostener que son argentinas\u201d, dijo Juani.<\/p>\n<p>\u201cAqu\u00ed mismo, en Mercedes, tenemos muchos vecinos que estuvieron en la guerra. Los cruzamos todos los d\u00edas. Por ellos hay que mantener viva la memoria, porque tambi\u00e9n es necesario que las nuevas generaciones los conozcan\u201d, enfatiz\u00f3.<\/p>\n<p>Los ediles del FMPV participaron hoy del acto en conmemoraci\u00f3n del 32do aniversario de la Guerra de Malvinas que se realiz\u00f3 en el monumento a los ca\u00eddos, en la Plaza San Jos\u00e9, ubicado en la avenida 29 y calle 50. Hubo autoridades, instituciones, estudiantes, partidos pol\u00edticos, docentes y vecinos en general. All\u00ed, Juani Ustarroz y Mat\u00edas Dematei hicieron entrega de una ofrenda floral en representaci\u00f3n de su espacio.<\/p>\n<p>\u201cLa recuperaci\u00f3n de las islas Malvinas es una causa nacional, en la que estamos unidos todos los argentinos, y no tenemos dudas de que el camino es este que ha marcado el gobierno, el del di\u00e1logo, el de la diplomacia, con un reclamo firme y sostenido\u201d, record\u00f3.<\/p>\n<p>D\u00edas atr\u00e1s, y a propuesta del bloque del FMPV, el Honorable Concejo Deliberante aprob\u00f3 un proyecto por el cual se colocar\u00e1n en los accesos a la ciudad carteles con la leyenda \u201cLas Malvinas son argentinas\u201d y la cantidad de kil\u00f3metros que separan a Mercedes de las islas.<\/p>\n<p>\u201cEsto es algo que ya se ha hecho en otras ciudades \u2013explic\u00f3 Dematei-. Yo tuve varias reuniones con los veteranos de Malvinas y surgi\u00f3 esta idea. As\u00ed fue que decidimos pedir, a trav\u00e9s de un proyecto de ordenanza, la colocaci\u00f3n en los accesos a la ciudad de un cartel con la inscripci\u00f3n \u2018Las Malvinas son argentinas\u2019 y en el que se indique la cantidad de kil\u00f3metros que separan a Mercedes de las islas. Nos acompa\u00f1aron todos los concejales. Es algo min\u00fasculo en proporci\u00f3n con el reconocimiento que merecen, pero sirve para mantener viva la memoria, para que los chicos sepan qu\u00e9 pas\u00f3\u201d, concluy\u00f3 el concejal.<\/p>\n<p><span style=\"color: #888888;\">Fuente: Frente Mercedino<\/span><\/p>\n","protected":false},"excerpt":{"rendered":"<p>El presidente del bloque de concejales del Frente Mercedino para la Victoria, Juan Ignacio Ustarroz, asegur\u00f3 que el recuerdo de &#8230; <a title=\"FMPV en homenaje a Veteranos y Ca\u00eddos de Malvinas\" class=\"read-more\" href=\"https:\/\/www.hoymercedes.com.ar\/principal\/2014\/04\/03\/fmpv-en-homenaje-a-veteranos-y-caidos-de-malvinas\/\" aria-label=\"Leer m\u00e1s sobre FMPV en homenaje a Veteranos y Ca\u00eddos de Malvinas\">Leer m\u00e1s<\/a><\/p>\n","protected":false},"author":1,"featured_media":0,"comment_status":"open","ping_status":"open","sticky":false,"template":"","format":"standard","meta":{"_monsterinsights_skip_tracking":false,"_monsterinsights_sitenote_active":false,"_monsterinsights_sitenote_note":"","_monsterinsights_sitenote_category":0,"jetpack_post_was_ever_published":false,"_jetpack_newsletter_access":"","_jetpack_dont_email_post_to_subs":false,"_jetpack_newsletter_tier_id":0,"_jetpack_memberships_contains_paywalled_content":false,"_jetpack_memberships_contains_paid_content":false,"footnotes":"","jetpack_publicize_message":"","jetpack_publicize_feature_enabled":true,"jetpack_social_post_already_shared":false,"jetpack_social_options":{"image_generator_settings":{"template":"highway","default_image_id":0,"font":"","enabled":false},"version":2},"_wpas_customize_per_network":false},"categories":[5],"tags":[4953,585],"class_list":["post-31347","post","type-post","status-publish","format-standard","hentry","category-politica","tag-fmpv-en-homenaje-a-veteranos-y-caidos-de-malvinas","tag-juan-ustarroz","generate-columns","tablet-grid-50","mobile-grid-100","grid-parent","grid-50"],"jetpack_publicize_connections":[],"jetpack_featured_media_url":"","wps_subtitle":"Frente Mercedino ","jetpack_sharing_enabled":true,"_links":{"self":[{"href":"https:\/\/www.hoymercedes.com.ar\/principal\/wp-json\/wp\/v2\/posts\/31347","targetHints":{"allow":["GET"]}}],"collection":[{"href":"https:\/\/www.hoymercedes.com.ar\/principal\/wp-json\/wp\/v2\/posts"}],"about":[{"href":"https:\/\/www.hoymercedes.com.ar\/principal\/wp-json\/wp\/v2\/types\/post"}],"author":[{"embeddable":true,"href":"https:\/\/www.hoymercedes.com.ar\/principal\/wp-json\/wp\/v2\/users\/1"}],"replies":[{"embeddable":true,"href":"https:\/\/www.hoymercedes.com.ar\/principal\/wp-json\/wp\/v2\/comments?post=31347"}],"version-history":[{"count":0,"href":"https:\/\/www.hoymercedes.com.ar\/principal\/wp-json\/wp\/v2\/posts\/31347\/revisions"}],"wp:attachment":[{"href":"https:\/\/www.hoymercedes.com.ar\/principal\/wp-json\/wp\/v2\/media?parent=31347"}],"wp:term":[{"taxonomy":"category","embeddable":true,"href":"https:\/\/www.hoymercedes.com.ar\/principal\/wp-json\/wp\/v2\/categories?post=31347"},{"taxonomy":"post_tag","embeddable":true,"href":"https:\/\/www.hoymercedes.com.ar\/principal\/wp-json\/wp\/v2\/tags?post=31347"}],"curies":[{"name":"wp","href":"https:\/\/api.w.org\/{rel}","templated":true}]}}