{"id":31351,"date":"2014-04-03T02:37:28","date_gmt":"2014-04-03T02:37:28","guid":{"rendered":"http:\/\/www.hoymercedes.com.ar\/principal\/?p=31351"},"modified":"2014-04-03T02:37:28","modified_gmt":"2014-04-03T02:37:28","slug":"frente-renovador-todo-listo-para-recibir-a-massa-el-sabado","status":"publish","type":"post","link":"https:\/\/www.hoymercedes.com.ar\/principal\/2014\/04\/03\/frente-renovador-todo-listo-para-recibir-a-massa-el-sabado\/","title":{"rendered":"Frente Renovador: todo listo para recibir a Massa el s\u00e1bado"},"content":{"rendered":"<p><a href=\"https:\/\/www.hoymercedes.com.ar\/principal\/wp-content\/uploads\/2014\/04\/FrenteRenovador-Reuni\u00f3nMercedes-2014.jpg\"><img loading=\"lazy\" decoding=\"async\" data-attachment-id=\"31353\" data-permalink=\"https:\/\/www.hoymercedes.com.ar\/principal\/2014\/04\/03\/frente-renovador-todo-listo-para-recibir-a-massa-el-sabado\/frenterenovador-reunionmercedes-2014\/#main\" data-orig-file=\"https:\/\/www.hoymercedes.com.ar\/principal\/wp-content\/uploads\/2014\/04\/FrenteRenovador-Reuni\u00f3nMercedes-2014.jpg\" data-orig-size=\"620,620\" data-comments-opened=\"1\" data-image-meta=\"{&quot;aperture&quot;:&quot;0&quot;,&quot;credit&quot;:&quot;&quot;,&quot;camera&quot;:&quot;&quot;,&quot;caption&quot;:&quot;&quot;,&quot;created_timestamp&quot;:&quot;0&quot;,&quot;copyright&quot;:&quot;&quot;,&quot;focal_length&quot;:&quot;0&quot;,&quot;iso&quot;:&quot;0&quot;,&quot;shutter_speed&quot;:&quot;0&quot;,&quot;title&quot;:&quot;&quot;}\" data-image-title=\"FrenteRenovador-Reuni\u00f3nMercedes-2014\" data-image-description=\"\" data-image-caption=\"\" data-large-file=\"https:\/\/www.hoymercedes.com.ar\/principal\/wp-content\/uploads\/2014\/04\/FrenteRenovador-Reuni\u00f3nMercedes-2014.jpg\" class=\"aligncenter size-full wp-image-31353\" alt=\"FrenteRenovador-Reuni\u00f3nMercedes-2014\" src=\"https:\/\/www.hoymercedes.com.ar\/principal\/wp-content\/uploads\/2014\/04\/FrenteRenovador-Reuni\u00f3nMercedes-2014.jpg\" width=\"620\" height=\"620\" srcset=\"https:\/\/www.hoymercedes.com.ar\/principal\/wp-content\/uploads\/2014\/04\/FrenteRenovador-Reuni\u00f3nMercedes-2014.jpg 620w, https:\/\/www.hoymercedes.com.ar\/principal\/wp-content\/uploads\/2014\/04\/FrenteRenovador-Reuni\u00f3nMercedes-2014-150x150.jpg 150w\" sizes=\"auto, (max-width: 620px) 100vw, 620px\" \/><\/a><\/p>\n<p><em><strong>(FR) El pr\u00f3ximo s\u00e1bado Mercedes ser\u00e1 el epicentro de un encuentro provincial de concejales del Frente Renovador que tendr\u00e1 un cierre muy especial: la presencia de Sergio Massa.<\/strong><\/em><\/p>\n<p>El intendente Carlos Selva desde hace semanas est\u00e1 al frente de la organizaci\u00f3n de un evento \u00fanico y de grandes proporciones como va a ser este Encuentro de Concejales del Frente Renovador. La sede ser\u00e1 el campo de deportes del Sindicato de Empleados de Comercio y tendr\u00e1 como m\u00e1ximos referentes a los diputados nacionales Sergio Massa y Dar\u00edo Giustozzi.<\/p>\n<p>\u201cSe trata de un encuentro con concejales y consejeros escolares de los m\u00e1s de 100 municipios donde el Frente Renovador tiene representaci\u00f3n efectiva. Este encuentro de trabajo servir\u00e1 para concretar una agenda en com\u00fan en las ocho secciones electorales, m\u00e1s all\u00e1 de las diferencias l\u00f3gicas existentes entre ellas. Hay varios temas para trabajar, pero seguramente se har\u00e1 hincapi\u00e9 en el trabajo comunicacional\u201d, sostuvo el primer mandatario mercedino.<\/p>\n<p>El encuentro comenzar\u00e1 cerca de las 10 de la ma\u00f1ana y se extender\u00e1 hasta cerca de las 15, donde el cierre estar\u00e1 a cargo del m\u00e1ximo l\u00edder del Frente Renovador Sergio Massa.<\/p>\n<p><span style=\"color: #888888;\">Fuente: Frente Renovador<\/span><\/p>\n","protected":false},"excerpt":{"rendered":"<p>(FR) El pr\u00f3ximo s\u00e1bado Mercedes ser\u00e1 el epicentro de un encuentro provincial de concejales del Frente Renovador que tendr\u00e1 un &#8230; <a title=\"Frente Renovador: todo listo para recibir a Massa el s\u00e1bado\" class=\"read-more\" href=\"https:\/\/www.hoymercedes.com.ar\/principal\/2014\/04\/03\/frente-renovador-todo-listo-para-recibir-a-massa-el-sabado\/\" aria-label=\"Leer m\u00e1s sobre Frente Renovador: todo listo para recibir a Massa el s\u00e1bado\">Leer m\u00e1s<\/a><\/p>\n","protected":false},"author":1,"featured_media":0,"comment_status":"open","ping_status":"open","sticky":false,"template":"","format":"standard","meta":{"_monsterinsights_skip_tracking":false,"_monsterinsights_sitenote_active":false,"_monsterinsights_sitenote_note":"","_monsterinsights_sitenote_category":0,"jetpack_post_was_ever_published":false,"_jetpack_newsletter_access":"","_jetpack_dont_email_post_to_subs":false,"_jetpack_newsletter_tier_id":0,"_jetpack_memberships_contains_paywalled_content":false,"_jetpack_memberships_contains_paid_content":false,"footnotes":"","jetpack_publicize_message":"","jetpack_publicize_feature_enabled":true,"jetpack_social_post_already_shared":false,"jetpack_social_options":{"image_generator_settings":{"template":"highway","default_image_id":0,"font":"","enabled":false},"version":2},"_wpas_customize_per_network":false},"categories":[5],"tags":[3114,4954,4081],"class_list":["post-31351","post","type-post","status-publish","format-standard","hentry","category-politica","tag-carlos-selva-y-sergio-massa","tag-frente-renovador-todo-listo-para-recibir-a-massa-el-sabado","tag-sergio-massa-en-mercedes","generate-columns","tablet-grid-50","mobile-grid-100","grid-parent","grid-50"],"jetpack_publicize_connections":[],"jetpack_featured_media_url":"","wps_subtitle":"Encuentro de referentes y concejales","jetpack_sharing_enabled":true,"_links":{"self":[{"href":"https:\/\/www.hoymercedes.com.ar\/principal\/wp-json\/wp\/v2\/posts\/31351","targetHints":{"allow":["GET"]}}],"collection":[{"href":"https:\/\/www.hoymercedes.com.ar\/principal\/wp-json\/wp\/v2\/posts"}],"about":[{"href":"https:\/\/www.hoymercedes.com.ar\/principal\/wp-json\/wp\/v2\/types\/post"}],"author":[{"embeddable":true,"href":"https:\/\/www.hoymercedes.com.ar\/principal\/wp-json\/wp\/v2\/users\/1"}],"replies":[{"embeddable":true,"href":"https:\/\/www.hoymercedes.com.ar\/principal\/wp-json\/wp\/v2\/comments?post=31351"}],"version-history":[{"count":0,"href":"https:\/\/www.hoymercedes.com.ar\/principal\/wp-json\/wp\/v2\/posts\/31351\/revisions"}],"wp:attachment":[{"href":"https:\/\/www.hoymercedes.com.ar\/principal\/wp-json\/wp\/v2\/media?parent=31351"}],"wp:term":[{"taxonomy":"category","embeddable":true,"href":"https:\/\/www.hoymercedes.com.ar\/principal\/wp-json\/wp\/v2\/categories?post=31351"},{"taxonomy":"post_tag","embeddable":true,"href":"https:\/\/www.hoymercedes.com.ar\/principal\/wp-json\/wp\/v2\/tags?post=31351"}],"curies":[{"name":"wp","href":"https:\/\/api.w.org\/{rel}","templated":true}]}}