{"id":31364,"date":"2014-04-03T12:47:35","date_gmt":"2014-04-03T12:47:35","guid":{"rendered":"http:\/\/www.hoymercedes.com.ar\/principal\/?p=31364"},"modified":"2014-04-03T12:47:35","modified_gmt":"2014-04-03T12:47:35","slug":"casa-del-pueblo-ultiman-detalles-clases-de-apoyo-escolar","status":"publish","type":"post","link":"https:\/\/www.hoymercedes.com.ar\/principal\/2014\/04\/03\/casa-del-pueblo-ultiman-detalles-clases-de-apoyo-escolar\/","title":{"rendered":"Casa del Pueblo: ultiman detalles clases de apoyo escolar"},"content":{"rendered":"<p><a href=\"https:\/\/www.hoymercedes.com.ar\/principal\/wp-content\/uploads\/2014\/04\/apoyoescolar.jpg\"><img loading=\"lazy\" decoding=\"async\" data-attachment-id=\"31366\" data-permalink=\"https:\/\/www.hoymercedes.com.ar\/principal\/2014\/04\/03\/casa-del-pueblo-ultiman-detalles-clases-de-apoyo-escolar\/apoyoescolar-2\/#main\" data-orig-file=\"https:\/\/www.hoymercedes.com.ar\/principal\/wp-content\/uploads\/2014\/04\/apoyoescolar.jpg\" data-orig-size=\"620,422\" data-comments-opened=\"1\" data-image-meta=\"{&quot;aperture&quot;:&quot;0&quot;,&quot;credit&quot;:&quot;&quot;,&quot;camera&quot;:&quot;&quot;,&quot;caption&quot;:&quot;&quot;,&quot;created_timestamp&quot;:&quot;0&quot;,&quot;copyright&quot;:&quot;&quot;,&quot;focal_length&quot;:&quot;0&quot;,&quot;iso&quot;:&quot;0&quot;,&quot;shutter_speed&quot;:&quot;0&quot;,&quot;title&quot;:&quot;&quot;}\" data-image-title=\"apoyoescolar\" data-image-description=\"\" data-image-caption=\"\" data-large-file=\"https:\/\/www.hoymercedes.com.ar\/principal\/wp-content\/uploads\/2014\/04\/apoyoescolar.jpg\" class=\"aligncenter size-full wp-image-31366\" alt=\"apoyoescolar\" src=\"https:\/\/www.hoymercedes.com.ar\/principal\/wp-content\/uploads\/2014\/04\/apoyoescolar.jpg\" width=\"620\" height=\"422\" \/><\/a><\/p>\n<p><strong style=\"line-height: 1.5em;\"><em>Desde el Colectivo de Educaci\u00f3n Popular Carlos Fuentealba, informamos que ya hemos avanzado en la organizaci\u00f3n de los diferentes d\u00edas y horarios en que funcionar\u00e1 el apoyo escolar en la Casa del Pueblo.<\/em><\/strong><\/p>\n<p>En principio se logr\u00f3 confirmar que funcionar\u00e1 los d\u00edas martes mi\u00e9rcoles y jueves en dos turnos diferentes, para que puedan concurrir chicos de los distintos turnos de escuela. Un primer turno en el horario de 15.30 a 17 para los que concurren a la ma\u00f1ana a la escuela, y otro turno de 17.30 a 19hs para los chicos que van al turno tarde de la escuela. Esto ha sido posible gracias a los voluntarios que decidieron sumarse a esta actividad, que a su vez sigue abierta la posibilidad de involucrarse en esta acci\u00f3n solidaria.<\/p>\n<p>Este mi\u00e9rcoles 2 de abril, se realizar\u00e1 la ultima reuni\u00f3n de organizaci\u00f3n para dar los toques finales para comenzar la semana entrante con la publicidad de la actividad, como as\u00ed tambi\u00e9n intentar sumar mas voluntarios, principalmente personas que tengan disponibilidad a la ma\u00f1ana, para poder abrir otro turno m\u00e1s.<\/p>\n<p>Cabe destacar que dicha actividad est\u00e1 destinada a estudiantes de la primaria de las escuelas p\u00fablicas, con el objetivo de que sea un espacio donde los chicos puedan realizar sus tareas y as\u00ed tomar el h\u00e1bito de hacerlo en un horario fijo todos los d\u00edas. A su vez la Biblioteca Popular Felipe Vivanco cuenta con mucho material bibliogr\u00e1fico con el cual trabajar.<\/p>\n<p>Los interesados en sumarse como voluntarios pueden hacerlo a trav\u00e9s de la pagina de facebook Casa del Pueblo Mercedes, o acercarse a la misma, en calle 35 entre 22 y 24.<\/p>\n<p>La pr\u00f3xima semana estaremos ampliando la informaci\u00f3n sobre el comienzo definitivo de las clases de apoyo.<\/p>\n","protected":false},"excerpt":{"rendered":"<p>Desde el Colectivo de Educaci\u00f3n Popular Carlos Fuentealba, informamos que ya hemos avanzado en la organizaci\u00f3n de los diferentes d\u00edas &#8230; <a title=\"Casa del Pueblo: ultiman detalles clases de apoyo escolar\" class=\"read-more\" href=\"https:\/\/www.hoymercedes.com.ar\/principal\/2014\/04\/03\/casa-del-pueblo-ultiman-detalles-clases-de-apoyo-escolar\/\" aria-label=\"Leer m\u00e1s sobre Casa del Pueblo: ultiman detalles clases de apoyo escolar\">Leer m\u00e1s<\/a><\/p>\n","protected":false},"author":1,"featured_media":0,"comment_status":"open","ping_status":"open","sticky":false,"template":"","format":"standard","meta":{"_monsterinsights_skip_tracking":false,"_monsterinsights_sitenote_active":false,"_monsterinsights_sitenote_note":"","_monsterinsights_sitenote_category":0,"jetpack_post_was_ever_published":false,"_jetpack_newsletter_access":"","_jetpack_dont_email_post_to_subs":false,"_jetpack_newsletter_tier_id":0,"_jetpack_memberships_contains_paywalled_content":false,"_jetpack_memberships_contains_paid_content":false,"footnotes":"","jetpack_publicize_message":"","jetpack_publicize_feature_enabled":true,"jetpack_social_post_already_shared":false,"jetpack_social_options":{"image_generator_settings":{"template":"highway","default_image_id":0,"font":"","enabled":false},"version":2},"_wpas_customize_per_network":false},"categories":[5],"tags":[4957,317],"class_list":["post-31364","post","type-post","status-publish","format-standard","hentry","category-politica","tag-apoyo-escolar","tag-casa-del-pueblo","generate-columns","tablet-grid-50","mobile-grid-100","grid-parent","grid-50"],"jetpack_publicize_connections":[],"jetpack_featured_media_url":"","wps_subtitle":"","jetpack_sharing_enabled":true,"_links":{"self":[{"href":"https:\/\/www.hoymercedes.com.ar\/principal\/wp-json\/wp\/v2\/posts\/31364","targetHints":{"allow":["GET"]}}],"collection":[{"href":"https:\/\/www.hoymercedes.com.ar\/principal\/wp-json\/wp\/v2\/posts"}],"about":[{"href":"https:\/\/www.hoymercedes.com.ar\/principal\/wp-json\/wp\/v2\/types\/post"}],"author":[{"embeddable":true,"href":"https:\/\/www.hoymercedes.com.ar\/principal\/wp-json\/wp\/v2\/users\/1"}],"replies":[{"embeddable":true,"href":"https:\/\/www.hoymercedes.com.ar\/principal\/wp-json\/wp\/v2\/comments?post=31364"}],"version-history":[{"count":0,"href":"https:\/\/www.hoymercedes.com.ar\/principal\/wp-json\/wp\/v2\/posts\/31364\/revisions"}],"wp:attachment":[{"href":"https:\/\/www.hoymercedes.com.ar\/principal\/wp-json\/wp\/v2\/media?parent=31364"}],"wp:term":[{"taxonomy":"category","embeddable":true,"href":"https:\/\/www.hoymercedes.com.ar\/principal\/wp-json\/wp\/v2\/categories?post=31364"},{"taxonomy":"post_tag","embeddable":true,"href":"https:\/\/www.hoymercedes.com.ar\/principal\/wp-json\/wp\/v2\/tags?post=31364"}],"curies":[{"name":"wp","href":"https:\/\/api.w.org\/{rel}","templated":true}]}}