{"id":31374,"date":"2014-04-03T15:13:26","date_gmt":"2014-04-03T15:13:26","guid":{"rendered":"http:\/\/www.hoymercedes.com.ar\/principal\/?p=31374"},"modified":"2014-04-03T15:13:26","modified_gmt":"2014-04-03T15:13:26","slug":"ustarroz-esperabamos-un-discurso-de-apertura-y-propositivo","status":"publish","type":"post","link":"https:\/\/www.hoymercedes.com.ar\/principal\/2014\/04\/03\/ustarroz-esperabamos-un-discurso-de-apertura-y-propositivo\/","title":{"rendered":"Ustarroz: \u201cEsper\u00e1bamos un discurso de apertura y propositivo\u201d"},"content":{"rendered":"<p><em><strong>El presidente del bloque del Frente Mercedino para la Victoria (FMPV), Juan Ignacio Ustarroz, lament\u00f3 que el intendente Carlos Selva priorizara \u201clas chicanas\u201d y no diera el martes, en el inicio de las sesiones ordinarias de 2014 del Honorable Concejo Deliberante, \u201cun discurso de apertura, propositivo, m\u00e1s all\u00e1 de las diferencias\u201d.<\/strong><\/em><\/p>\n<p>\u201cEsper\u00e1bamos un discurso de apertura, propositivo, de unidad, m\u00e1s all\u00e1 de las diferencias que puedan existir. Pero lamentablemente eligi\u00f3 otra cosa. La ciudad exhibe problemas cada d\u00eda m\u00e1s grandes y la \u00fanica forma de resolverlos es entre todos los sectores, con mucho trabajo, mucha seriedad, mucho compromiso y mucho esfuerzo\u201d, dijo Ustarroz.<\/p>\n<p>\u201cEl intendente sigue despreciando la posibilidad de que desde otros sectores se hagan aportes, propuestas, ideas. Y volvi\u00f3 a repetir que no le interesa \u2018la ayuda de nadie\u2019. Pero mientras tanto Mercedes va sumando las problem\u00e1ticas del conurbano en desmedro de esa identidad de pueblo del interior que nos caracteriz\u00f3 siempre. Parece m\u00e1s preocupado en su carrera pol\u00edtica personal que por los serios problemas de la ciudad\u201d, agreg\u00f3.<\/p>\n<p>Ustarroz descart\u00f3 a la vez la idea de \u201clos palos en la rueda\u201c expuesta por el intendente en su discurso del martes: \u201cSi le va bien a \u00e9l, nos va bien a todos\u201d, record\u00f3.<\/p>\n<p>\u201cAplaudimos los nuevos jardines maternales, aplaudimos a los egresados de la Universidad \u2013agreg\u00f3-. El 60% del presupuesto de Mercedes son fondos de coparticipaci\u00f3n de Naci\u00f3n y de Provincia que llegan religiosamente y si se los gestiona bien se pueden conseguir beneficios para todos los vecinos. Por eso no podemos caer en el simplismo permanente de que todos los problemas vienen de afuera y que todas las virtudes son de adentro. As\u00ed no funcionan las cosas\u201d.<\/p>\n<p>\u201cPonemos siempre de ejemplo al hospital Dubarry. Tuvimos la ocasi\u00f3n de poner nuestro granito de arena y no nos interes\u00f3 que, en ese momento, el director fuera concejal del intendente. Lo hicimos porque es para todos los mercedinos. Pero al intendente s\u00ed le interes\u00f3 que su concejal aceptara nuestro aporte a tal punto que no solamente lo expuls\u00f3 de su espacio, sino que prioriz\u00f3 ese enfrentamiento personal a la chance de trabajar todos juntos en beneficio del hospital y de todos los vecinos de Mercedes\u201d, indic\u00f3.<\/p>\n<p>Y agreg\u00f3: \u201cPorque est\u00e1 muy bien que se abra una guardia pedi\u00e1trica en el CIC, por ejemplo, pero el intendente sabe bien que esa guardia no podr\u00e1 estar a la altura de una urgencia o de una emergencia. Y el hospital s\u00ed\u201d.<\/p>\n<p>Seg\u00fan el concejal del FMPV, la postura de Selva se sintetiza en lo que ocurre con el sistema de estacionamiento medido, \u201cdel que ya han quedado de manifiesto todos sus perjuicios y no solo no propone una respuesta, sino que insiste en su implementaci\u00f3n al punto de apelar a la resignaci\u00f3n de los comerciantes y de los vecinos en general\u201d.<\/p>\n<p>\u201cMucha gente esperaba que el intendente, en su discurso de apertura de sesiones, hiciera una reflexi\u00f3n p\u00fablica y admitiera el error de haber puesto en marcha a las apuradas este sistema; que adelantara al menos la posibilidad de revisarlo, de escuchar las quejas de los vecinos y sus propuestas para corregir los defectos. Pero no, nada de eso. Prefiri\u00f3 la chicana, la cr\u00edtica; utiliz\u00f3 el Concejo Deliberante como una tribuna de campa\u00f1a. Nosotros creemos que desde esa actitud no se construye nada\u201d, continu\u00f3 Juani Ustarroz.<\/p>\n<p>\u201cLos vecinos esperan acciones concretas, anuncios reales de la ciudad que se proyecta, soluciones puntuales para los problemas que existen: el estacionamiento medido, la seguridad, la basura, la salud, la crisis habitacional, el medio ambiente, la transparencia en la gesti\u00f3n, el tr\u00e1nsito \u2013concluy\u00f3-. Por eso lamentamos esta postura del intendente, porque la apertura del inicio de sesiones tiene un valor simb\u00f3lico que se debe aprovechar en el anuncio de medidas superadoras y no desperdiciarla en esta clase de chicanas\u201d.<\/p>\n<p><span style=\"color: #888888;\">Fuente: Prensa Frente Renovador<\/span><\/p>\n","protected":false},"excerpt":{"rendered":"<p>El presidente del bloque del Frente Mercedino para la Victoria (FMPV), Juan Ignacio Ustarroz, lament\u00f3 que el intendente Carlos Selva &#8230; <a title=\"Ustarroz: \u201cEsper\u00e1bamos un discurso de apertura y propositivo\u201d\" class=\"read-more\" href=\"https:\/\/www.hoymercedes.com.ar\/principal\/2014\/04\/03\/ustarroz-esperabamos-un-discurso-de-apertura-y-propositivo\/\" aria-label=\"Leer m\u00e1s sobre Ustarroz: \u201cEsper\u00e1bamos un discurso de apertura y propositivo\u201d\">Leer m\u00e1s<\/a><\/p>\n","protected":false},"author":1,"featured_media":0,"comment_status":"open","ping_status":"open","sticky":false,"template":"","format":"standard","meta":{"_monsterinsights_skip_tracking":false,"_monsterinsights_sitenote_active":false,"_monsterinsights_sitenote_note":"","_monsterinsights_sitenote_category":0,"jetpack_post_was_ever_published":false,"_jetpack_newsletter_access":"","_jetpack_dont_email_post_to_subs":false,"_jetpack_newsletter_tier_id":0,"_jetpack_memberships_contains_paywalled_content":false,"_jetpack_memberships_contains_paid_content":false,"footnotes":"","jetpack_publicize_message":"","jetpack_publicize_feature_enabled":true,"jetpack_social_post_already_shared":false,"jetpack_social_options":{"image_generator_settings":{"template":"highway","default_image_id":0,"font":"","enabled":false},"version":2},"_wpas_customize_per_network":false},"categories":[5],"tags":[39,4958,585],"class_list":["post-31374","post","type-post","status-publish","format-standard","hentry","category-politica","tag-carlos-selva","tag-inicio-de-sesiones-2014","tag-juan-ustarroz","generate-columns","tablet-grid-50","mobile-grid-100","grid-parent","grid-50"],"jetpack_publicize_connections":[],"jetpack_featured_media_url":"","wps_subtitle":"Inicio de sesiones 2014","jetpack_sharing_enabled":true,"_links":{"self":[{"href":"https:\/\/www.hoymercedes.com.ar\/principal\/wp-json\/wp\/v2\/posts\/31374","targetHints":{"allow":["GET"]}}],"collection":[{"href":"https:\/\/www.hoymercedes.com.ar\/principal\/wp-json\/wp\/v2\/posts"}],"about":[{"href":"https:\/\/www.hoymercedes.com.ar\/principal\/wp-json\/wp\/v2\/types\/post"}],"author":[{"embeddable":true,"href":"https:\/\/www.hoymercedes.com.ar\/principal\/wp-json\/wp\/v2\/users\/1"}],"replies":[{"embeddable":true,"href":"https:\/\/www.hoymercedes.com.ar\/principal\/wp-json\/wp\/v2\/comments?post=31374"}],"version-history":[{"count":0,"href":"https:\/\/www.hoymercedes.com.ar\/principal\/wp-json\/wp\/v2\/posts\/31374\/revisions"}],"wp:attachment":[{"href":"https:\/\/www.hoymercedes.com.ar\/principal\/wp-json\/wp\/v2\/media?parent=31374"}],"wp:term":[{"taxonomy":"category","embeddable":true,"href":"https:\/\/www.hoymercedes.com.ar\/principal\/wp-json\/wp\/v2\/categories?post=31374"},{"taxonomy":"post_tag","embeddable":true,"href":"https:\/\/www.hoymercedes.com.ar\/principal\/wp-json\/wp\/v2\/tags?post=31374"}],"curies":[{"name":"wp","href":"https:\/\/api.w.org\/{rel}","templated":true}]}}