{"id":31499,"date":"2014-04-07T00:14:40","date_gmt":"2014-04-07T00:14:40","guid":{"rendered":"http:\/\/www.hoymercedes.com.ar\/principal\/?p=31499"},"modified":"2014-04-07T00:14:40","modified_gmt":"2014-04-07T00:14:40","slug":"defensoria-del-pueblo-inauguro-dependencia-en-el-hospital-dubarry","status":"publish","type":"post","link":"https:\/\/www.hoymercedes.com.ar\/principal\/2014\/04\/07\/defensoria-del-pueblo-inauguro-dependencia-en-el-hospital-dubarry\/","title":{"rendered":"Defensor\u00eda del Pueblo inaugur\u00f3 dependencia en el Hospital Dubarry"},"content":{"rendered":"<p><em><strong><span style=\"font-family: Calibri, serif;\"><span style=\"font-size: medium;\">(FV) Los vecinos que concurran por diferentes circunstancias al Hospital Blas Dubarry tendr\u00e1n, a partir de ahora, la posibilidad de informarse sobre todos los derechos que los asisten, luego de que la sede mercedina de la Defensor\u00eda del Pueblo de la Provincia de Buenos Aires abriera una dependencia en el establecimiento.<\/span><\/span><\/strong><\/em><\/p>\n<p><span style=\"font-family: Calibri, serif;\"><span style=\"font-size: medium;\">La apertura de la dependencia, que tendr\u00e1 funcionamiento peri\u00f3dico, se realiz\u00f3 este jueves con la presencia del representante en Mercedes del defensor del Pueblo, Fernando Florella; el director del hospital, Rodolfo Pr\u00edncipi; la directora general de Planificaci\u00f3n Estrat\u00e9gica y Estad\u00edstica de la Defensor\u00eda central, Patricia Besada; y el presidente del bloque de concejales del Frente Mercedino para la Victoria, Juan Ignacio Ustarroz, desde cuyo espacio se hicieron las gestiones para esta inauguraci\u00f3n.<\/span><\/span><\/p>\n<p>\u201c<span style=\"font-family: Calibri, serif;\"><span style=\"font-size: medium;\">Insistimos en la necesidad de la articulaci\u00f3n de todos los sectores para seguir ampliando los derechos de los vecinos, o explic\u00e1ndoles qu\u00e9 derechos los asisten en distintas situaciones, y esta apertura de una dependencia del Defensor del Pueblo en el hospital, que es un lugar por el que pasa much\u00edsima gente cada d\u00eda, es un ejemplo de lo que podemos lograr si trabajamos todos juntos\u201d, explic\u00f3 Juani Ustarroz.<\/span><\/span><\/p>\n<p>\u201c<span style=\"font-family: Calibri, serif;\"><span style=\"font-size: medium;\">La sede que tenemos en la ciudad de la Defensor\u00eda (en avenida 30) viene funcionando realmente muy bien, est\u00e1 haciendo un excelente trabajo, y con esta apertura de una Casa de Derechos en el hospital, que es la primera de la provincia en una instituci\u00f3n de estas caracter\u00edsticas, nos va a permitir llegar a m\u00e1s vecinos todav\u00eda, agreg\u00f3.<\/span><\/span><\/p>\n<p><span style=\"font-family: Calibri, serif;\"><span style=\"font-size: medium;\">Por su parte,\u00a0<\/span><\/span><span style=\"font-family: Calibri, serif;\"><span style=\"font-size: medium;\">Patricia\u00a0<\/span><\/span><span style=\"font-family: Calibri, serif;\"><span style=\"font-size: medium;\">Besada indic\u00f3: \u201cNuestra obligaci\u00f3n es estar siempre cerca del ciudadano, y esta dependencia viene a cumplir ese mandato. Estamos para facilitarle la vida a la gente, para allanarle el camino hacia sus derechos a trav\u00e9s de una gesti\u00f3n comprometida, solidaria y transparente, y la articulaci\u00f3n con las distintas instituciones es importante para que podamos desarrollar esta tarea, siempre en diferentes l\u00edneas de acci\u00f3n\u201d.<\/span><\/span><\/p>\n<p>\u201c<span style=\"font-family: Calibri, serif;\"><span style=\"font-size: medium;\">Para las pr\u00f3ximas semanas estamos previendo una jornada de concientizaci\u00f3n de derechos, con folleter\u00eda e informaci\u00f3n personal, porque para eso se cre\u00f3 la Defensor\u00eda del Pueblo y es lo que impulsa Carlos (Bonicatto,\u00a0<\/span><\/span><span style=\"font-family: Calibri, serif;\"><span style=\"font-size: medium;\">el director del organismo provincial<\/span><\/span><span style=\"font-family: Calibri, serif;\"><span style=\"font-size: medium;\">) \u2013continu\u00f3\u00a0<\/span><\/span><span style=\"font-family: Calibri, serif;\"><span style=\"font-size: medium;\">la funcionaria<\/span><\/span><span style=\"font-family: Calibri, serif;\"><span style=\"font-size: medium;\">-. Creemos en la acci\u00f3n concreta desde la vocaci\u00f3n de servicio y trabajamos con entusiasmo y alegr\u00eda\u201d.<\/span><\/span><\/p>\n<p><span style=\"font-family: Calibri, serif;\"><span style=\"font-size: medium;\">Pr\u00edncipi,\u00a0<\/span><\/span><span style=\"font-family: Calibri, serif;\"><span style=\"font-size: medium;\">a su turno<\/span><\/span><span style=\"font-family: Calibri, serif;\"><span style=\"font-size: medium;\">\u00a0\u2013y acompa\u00f1ado por el Director Asociado, Higinio Garc\u00eda\u00a0<\/span><\/span><span style=\"font-family: Calibri, serif;\"><span style=\"font-size: medium;\">Aloisio<\/span><\/span><span style=\"font-family: Calibri, serif;\"><span style=\"font-size: medium;\">-, celebr\u00f3 que el hospital Blas Dubarry \u201csea el primero de la provincia donde se pon<\/span><\/span><span style=\"font-family: Calibri, serif;\"><span style=\"font-size: medium;\">e\u00a0<\/span><\/span><span style=\"font-family: Calibri, serif;\"><span style=\"font-size: medium;\">en marcha esta experiencia\u00a0<\/span><\/span><span style=\"font-family: Calibri, serif;\"><span style=\"font-size: medium;\">(el pr\u00f3ximo ser\u00e1 el San Felipe de San Nicol\u00e1s)<\/span><\/span><span style=\"font-family: Calibri, serif;\"><span style=\"font-size: medium;\">, y siendo lo que somos, una instituci\u00f3n de servicios, no tenemos dudas de que va a ser exitosa\u201d.<\/span><\/span><\/p>\n<p><span style=\"font-family: Calibri, serif;\"><span style=\"font-size: medium;\">Finalmente, Fernando Florella expres\u00f3:\u00a0<\/span><\/span><span style=\"font-family: Calibri, serif;\"><span style=\"font-size: medium;\">\u201cEstamos siempre del lado del vecino al que le vulneraron sus derechos. A ellos les tenemos que dar respuestas.\u00a0<\/span><\/span><span style=\"font-family: Calibri, serif;\"><span style=\"font-size: medium;\">No estamos solamente para que nos presenten quejas sino para trabajar codo a codo con las distintas instituciones, brindando informaci\u00f3n, asesoramiento y contenci\u00f3n<\/span><\/span><span style=\"font-family: Calibri, serif;\"><span style=\"font-size: medium;\">\u201d.<\/span><\/span><\/p>\n<p><span style=\"color: #888888;\">Fuente: Prensa Frente para la Victoria\u00a0<\/span><\/p>\n","protected":false},"excerpt":{"rendered":"<p>(FV) Los vecinos que concurran por diferentes circunstancias al Hospital Blas Dubarry tendr\u00e1n, a partir de ahora, la posibilidad de &#8230; <a title=\"Defensor\u00eda del Pueblo inaugur\u00f3 dependencia en el Hospital Dubarry\" class=\"read-more\" href=\"https:\/\/www.hoymercedes.com.ar\/principal\/2014\/04\/07\/defensoria-del-pueblo-inauguro-dependencia-en-el-hospital-dubarry\/\" aria-label=\"Leer m\u00e1s sobre Defensor\u00eda del Pueblo inaugur\u00f3 dependencia en el Hospital Dubarry\">Leer m\u00e1s<\/a><\/p>\n","protected":false},"author":1,"featured_media":0,"comment_status":"open","ping_status":"open","sticky":false,"template":"","format":"standard","meta":{"_monsterinsights_skip_tracking":false,"_monsterinsights_sitenote_active":false,"_monsterinsights_sitenote_note":"","_monsterinsights_sitenote_category":0,"jetpack_post_was_ever_published":false,"_jetpack_newsletter_access":"","_jetpack_dont_email_post_to_subs":false,"_jetpack_newsletter_tier_id":0,"_jetpack_memberships_contains_paywalled_content":false,"_jetpack_memberships_contains_paid_content":false,"footnotes":"","jetpack_publicize_message":"","jetpack_publicize_feature_enabled":true,"jetpack_social_post_already_shared":false,"jetpack_social_options":{"image_generator_settings":{"template":"highway","default_image_id":0,"font":"","enabled":false},"version":2},"_wpas_customize_per_network":false},"categories":[5],"tags":[4971,140],"class_list":["post-31499","post","type-post","status-publish","format-standard","hentry","category-politica","tag-defensoria-del-pueblo","tag-hospital-dubarry","generate-columns","tablet-grid-50","mobile-grid-100","grid-parent","grid-50"],"jetpack_publicize_connections":[],"jetpack_featured_media_url":"","wps_subtitle":"Para toda la sociedad ","jetpack_sharing_enabled":true,"_links":{"self":[{"href":"https:\/\/www.hoymercedes.com.ar\/principal\/wp-json\/wp\/v2\/posts\/31499","targetHints":{"allow":["GET"]}}],"collection":[{"href":"https:\/\/www.hoymercedes.com.ar\/principal\/wp-json\/wp\/v2\/posts"}],"about":[{"href":"https:\/\/www.hoymercedes.com.ar\/principal\/wp-json\/wp\/v2\/types\/post"}],"author":[{"embeddable":true,"href":"https:\/\/www.hoymercedes.com.ar\/principal\/wp-json\/wp\/v2\/users\/1"}],"replies":[{"embeddable":true,"href":"https:\/\/www.hoymercedes.com.ar\/principal\/wp-json\/wp\/v2\/comments?post=31499"}],"version-history":[{"count":0,"href":"https:\/\/www.hoymercedes.com.ar\/principal\/wp-json\/wp\/v2\/posts\/31499\/revisions"}],"wp:attachment":[{"href":"https:\/\/www.hoymercedes.com.ar\/principal\/wp-json\/wp\/v2\/media?parent=31499"}],"wp:term":[{"taxonomy":"category","embeddable":true,"href":"https:\/\/www.hoymercedes.com.ar\/principal\/wp-json\/wp\/v2\/categories?post=31499"},{"taxonomy":"post_tag","embeddable":true,"href":"https:\/\/www.hoymercedes.com.ar\/principal\/wp-json\/wp\/v2\/tags?post=31499"}],"curies":[{"name":"wp","href":"https:\/\/api.w.org\/{rel}","templated":true}]}}