{"id":31529,"date":"2014-04-07T01:27:33","date_gmt":"2014-04-07T01:27:33","guid":{"rendered":"http:\/\/www.hoymercedes.com.ar\/principal\/?p=31529"},"modified":"2014-04-07T01:27:34","modified_gmt":"2014-04-07T01:27:34","slug":"juana-garcia-nueva-presidenta-de-la-federacion-de-sociedades-de-fomento","status":"publish","type":"post","link":"https:\/\/www.hoymercedes.com.ar\/principal\/2014\/04\/07\/juana-garcia-nueva-presidenta-de-la-federacion-de-sociedades-de-fomento\/","title":{"rendered":"Juana Garc\u00eda nueva Presidenta de la Federaci\u00f3n de Sociedades de Fomento"},"content":{"rendered":"<p><a href=\"https:\/\/www.hoymercedes.com.ar\/principal\/wp-content\/uploads\/2014\/04\/Federacion-sociedadesde-fomento.jpg\"><img loading=\"lazy\" decoding=\"async\" data-attachment-id=\"31531\" data-permalink=\"https:\/\/www.hoymercedes.com.ar\/principal\/2014\/04\/07\/juana-garcia-nueva-presidenta-de-la-federacion-de-sociedades-de-fomento\/federacion-sociedadesde-fomento\/#main\" data-orig-file=\"https:\/\/www.hoymercedes.com.ar\/principal\/wp-content\/uploads\/2014\/04\/Federacion-sociedadesde-fomento.jpg\" data-orig-size=\"661,496\" data-comments-opened=\"1\" data-image-meta=\"{&quot;aperture&quot;:&quot;0&quot;,&quot;credit&quot;:&quot;&quot;,&quot;camera&quot;:&quot;&quot;,&quot;caption&quot;:&quot;&quot;,&quot;created_timestamp&quot;:&quot;0&quot;,&quot;copyright&quot;:&quot;&quot;,&quot;focal_length&quot;:&quot;0&quot;,&quot;iso&quot;:&quot;0&quot;,&quot;shutter_speed&quot;:&quot;0&quot;,&quot;title&quot;:&quot;&quot;}\" data-image-title=\"Federacion-sociedadesde-fomento\" data-image-description=\"\" data-image-caption=\"\" data-large-file=\"https:\/\/www.hoymercedes.com.ar\/principal\/wp-content\/uploads\/2014\/04\/Federacion-sociedadesde-fomento.jpg\" class=\"aligncenter size-full wp-image-31531\" alt=\"Federacion-sociedadesde-fomento\" src=\"https:\/\/www.hoymercedes.com.ar\/principal\/wp-content\/uploads\/2014\/04\/Federacion-sociedadesde-fomento.jpg\" width=\"661\" height=\"496\" srcset=\"https:\/\/www.hoymercedes.com.ar\/principal\/wp-content\/uploads\/2014\/04\/Federacion-sociedadesde-fomento.jpg 661w, https:\/\/www.hoymercedes.com.ar\/principal\/wp-content\/uploads\/2014\/04\/Federacion-sociedadesde-fomento-630x472.jpg 630w\" sizes=\"auto, (max-width: 661px) 100vw, 661px\" \/><\/a><\/p>\n<p><em><strong>Durante la tarde de \u00e9ste domingo se llev\u00f3 a cabo en Lomas del Pac\u00edfico la anunciada asamblea mediante la cual se design\u00f3 a Juana\u00a0Garc\u00eda,\u00a0del Barrio Malvinas, como flamante presidenta de la Federaci\u00f3n de Sociedades de Fomento de Mercedes. El cargo lo ocupa tras ser elegida por sus pares de las diferentes barriadas locales que participaron. Reemplaza a Alejandra Santana. Vice ser\u00e1 Karina Romano.\u00a0<\/strong><\/em><\/p>\n<p>Desde la Federaci\u00f3n anunciaron que: \u00abla lista encabezada por la Sra. Juana\u00a0 Garc\u00eda del barrio\u00a0<b><span style=\"text-decoration: underline;\">Malvinas<\/span><\/b>, formula presentaci\u00f3n dentro de dicho plazo presentando la lista completa.\u00bb fue declarada conducci\u00f3n y que \u00abse orden\u00f3 en virtud\u00a0 de la necesidad\u00a0 de subsanar falencias, que\u00a0 tengo el deber de observar, notificar\u00a0 que\u00a0 no \u00a0es democr\u00e1tico que\u00a0 integren\u00a0 dos\u00a0 delegados de\u00a0 una\u00a0 misma\u00a0 sociedad de\u00a0 fomento la Sra. Marisa Barrera y el Sr. Oscar Acosta del barrio\u00a0<b><span style=\"text-decoration: underline;\">Los\u00a0 Duraznos<\/span><\/b>, que dentro de los\u00a0 plazos estipulados\u00a0 como as\u00ed lo indica\u00a0\u00a0 el\u00a0<b><span style=\"text-decoration: underline;\">Art\u00edculo<\/span><\/b>\u00a0<b><span style=\"text-decoration: underline;\">50-<\/span><\/b>\u00a0del estatuto de Federaci\u00f3n de Sociedades\u00a0 de\u00a0 Fomento fue\u00a0<b><span style=\"text-decoration: underline;\">Subsanado<\/span><\/b>\u00a0 reemplazando a la Sra. Marisa Barrera por el Sr. Omar Moriconi Presidente el barrio\u00a0<b><span style=\"text-decoration: underline;\">Guemes<\/span><\/b>\u00a0en tiempo y forma. (&#8230;)\u00a0<b><span style=\"text-decoration: underline;\">Se Resuelve<\/span><\/b>\u00a0 Oficializar \u00a0\u00a0una \u00fanica lista presentada el 31 de marzo del 2014 a las\u00a0 19.00 hs; en el domicilio de calle 4 e\/ 43 y 46 N\u00b0 1089; que se compone de la siguiente manera:<\/p>\n<table border=\"1\" cellspacing=\"0\" cellpadding=\"0\">\n<tbody>\n<tr>\n<td valign=\"top\" width=\"198\"><b>Cargo<\/b><\/td>\n<td valign=\"top\" width=\"198\"><b>Apellido Nombre<\/b><b><\/b><\/td>\n<td valign=\"top\" width=\"170\"><b>\u00a0\u00a0 Barrio<\/b><\/td>\n<\/tr>\n<tr>\n<td valign=\"top\" width=\"198\"><b>Presidente<\/b><\/td>\n<td valign=\"top\" width=\"198\">Garcia Juana<\/td>\n<td valign=\"top\" width=\"170\">Malvinas<\/td>\n<\/tr>\n<tr>\n<td valign=\"top\" width=\"198\"><b>Vicepresidente<\/b><\/td>\n<td valign=\"top\" width=\"198\">Romano Karina<\/td>\n<td valign=\"top\" width=\"170\">San Antonio<\/td>\n<\/tr>\n<tr>\n<td valign=\"top\" width=\"198\"><b>Secretario General<\/b><\/td>\n<td valign=\"top\" width=\"198\">Moriconi Omar<\/td>\n<td valign=\"top\" width=\"170\">Guemes<\/td>\n<\/tr>\n<tr>\n<td valign=\"top\" width=\"198\"><b>Secretario<\/b><\/td>\n<td valign=\"top\" width=\"198\">Edmundo Rodr\u00edguez<\/td>\n<td valign=\"top\" width=\"170\">Los Robles<\/td>\n<\/tr>\n<tr>\n<td valign=\"top\" width=\"198\"><b>Prosecretario<\/b><\/td>\n<td valign=\"top\" width=\"198\">Giordano Barbara<\/td>\n<td valign=\"top\" width=\"170\">Calvillo<\/td>\n<\/tr>\n<tr>\n<td valign=\"top\" width=\"198\"><b>Tesorero<\/b><\/td>\n<td valign=\"top\" width=\"198\">Acosta Oscar<\/td>\n<td valign=\"top\" width=\"170\">Los Duraznos<\/td>\n<\/tr>\n<tr>\n<td valign=\"top\" width=\"198\"><b>Protesorero<\/b><\/td>\n<td valign=\"top\" width=\"198\">Montenegro Jorge<\/td>\n<td valign=\"top\" width=\"170\">Esperanza<\/td>\n<\/tr>\n<\/tbody>\n<\/table>\n<p><b style=\"line-height: 1.5em;\">\u00a0 \u00a0 \u00a0\u00a0<\/b><b style=\"line-height: 1.5em;\">Vocales Titulares<\/b><\/p>\n<table border=\"1\" cellspacing=\"0\" cellpadding=\"0\">\n<tbody>\n<tr>\n<td valign=\"top\" width=\"198\"><b>1) Vocal Titular<\/b><\/td>\n<td valign=\"top\" width=\"198\">Guzman Maria<\/td>\n<td valign=\"top\" width=\"170\">San\u00a0 Justo<\/td>\n<\/tr>\n<tr>\n<td valign=\"top\" width=\"198\"><b>2) Vocal Titular<\/b><\/td>\n<td valign=\"top\" width=\"198\">Maidana Mariana<\/td>\n<td valign=\"top\" width=\"170\">San Martin<\/td>\n<\/tr>\n<tr>\n<td valign=\"top\" width=\"198\"><b>3) Vocal Titular<\/b><\/td>\n<td valign=\"top\" width=\"198\">L\u00f3pez Andr\u00e9s<\/td>\n<td valign=\"top\" width=\"170\">Soldado Balvidares<\/td>\n<\/tr>\n<\/tbody>\n<\/table>\n<p><b>Vocales Suplentes<\/b><\/p>\n<table border=\"1\" cellspacing=\"0\" cellpadding=\"0\">\n<tbody>\n<tr>\n<td valign=\"top\" width=\"198\"><b>1)Vocal Suplente<\/b><\/td>\n<td valign=\"top\" width=\"198\">Cabrera Anahi<\/td>\n<td valign=\"top\" width=\"170\">Hipolito Yrigoyen<\/td>\n<\/tr>\n<tr>\n<td valign=\"top\" width=\"198\"><b>2) Vocal Suplente<\/b><\/td>\n<td valign=\"top\" width=\"198\">Zalazar Cesar<\/td>\n<td valign=\"top\" width=\"170\">Facundo Quiroga<\/td>\n<\/tr>\n<tr>\n<td valign=\"top\" width=\"198\"><b>3) Vocal Suplente<\/b><\/td>\n<td valign=\"top\" width=\"198\">Debia Claudia<\/td>\n<td valign=\"top\" width=\"170\">12 de Octubre<\/td>\n<\/tr>\n<\/tbody>\n<\/table>\n<p><b>Revisores de Cuentas Titulares<\/b><\/p>\n<table border=\"1\" cellspacing=\"0\" cellpadding=\"0\">\n<tbody>\n<tr>\n<td valign=\"top\" width=\"198\"><b>1) Revisor\u00a0 de Cuentas<\/b><\/td>\n<td valign=\"top\" width=\"198\">Juarez Silvia<\/td>\n<td valign=\"top\" width=\"171\">Obrero<\/td>\n<\/tr>\n<tr>\n<td valign=\"top\" width=\"198\"><b>2) Revisor\u00a0 de Cuentas<\/b><\/td>\n<td valign=\"top\" width=\"198\">Balbuena Ra\u00fal<\/td>\n<td valign=\"top\" width=\"171\">Lomas del Pacifico<\/td>\n<\/tr>\n<\/tbody>\n<\/table>\n<p><b>Revisores de Cuentas Suplentes<\/b><\/p>\n<table border=\"1\" cellspacing=\"0\" cellpadding=\"0\">\n<tbody>\n<tr>\n<td valign=\"top\" width=\"198\"><b>1) Revisor\u00a0 de Cuentas<\/b><\/td>\n<td valign=\"top\" width=\"198\">Romaniega Jorge<\/td>\n<td valign=\"top\" width=\"171\">Las Palmas<\/td>\n<\/tr>\n<tr>\n<td valign=\"top\" width=\"198\"><b>2) Revisor\u00a0 de Cuentas<\/b><\/td>\n<td valign=\"top\" width=\"198\">Perichon Maria Teresa<\/td>\n<td valign=\"top\" width=\"171\">Mutti<\/td>\n<\/tr>\n<\/tbody>\n<\/table>\n<p>Tal como se inform\u00f3, desde la Federaci\u00f3n de Sociedades de Fomento, ser\u00e1 nuevamente una mujer su m\u00e1xima conductora qui\u00e9n reemplace a Alejandra Santana. La asamblea se llev\u00f3 a cabo en la s<span style=\"line-height: 1.5em;\">ede del barrio Lomas del Pacifico de calle 106 y 39 y 41 a las 17.00hs.<\/span><\/p>\n","protected":false},"excerpt":{"rendered":"<p>Durante la tarde de \u00e9ste domingo se llev\u00f3 a cabo en Lomas del Pac\u00edfico la anunciada asamblea mediante la cual &#8230; <a title=\"Juana Garc\u00eda nueva Presidenta de la Federaci\u00f3n de Sociedades de Fomento\" class=\"read-more\" href=\"https:\/\/www.hoymercedes.com.ar\/principal\/2014\/04\/07\/juana-garcia-nueva-presidenta-de-la-federacion-de-sociedades-de-fomento\/\" aria-label=\"Leer m\u00e1s sobre Juana Garc\u00eda nueva Presidenta de la Federaci\u00f3n de Sociedades de Fomento\">Leer m\u00e1s<\/a><\/p>\n","protected":false},"author":1,"featured_media":0,"comment_status":"open","ping_status":"open","sticky":false,"template":"","format":"standard","meta":{"_monsterinsights_skip_tracking":false,"_monsterinsights_sitenote_active":false,"_monsterinsights_sitenote_note":"","_monsterinsights_sitenote_category":0,"jetpack_post_was_ever_published":false,"_jetpack_newsletter_access":"","_jetpack_dont_email_post_to_subs":false,"_jetpack_newsletter_tier_id":0,"_jetpack_memberships_contains_paywalled_content":false,"_jetpack_memberships_contains_paid_content":false,"footnotes":"","jetpack_publicize_message":"","jetpack_publicize_feature_enabled":true,"jetpack_social_post_already_shared":false,"jetpack_social_options":{"image_generator_settings":{"template":"highway","default_image_id":0,"font":"","enabled":false},"version":2},"_wpas_customize_per_network":false},"categories":[5],"tags":[1805,1848,1806],"class_list":["post-31529","post","type-post","status-publish","format-standard","hentry","category-politica","tag-alejandra-santana","tag-barrios-mercedes","tag-federacion-de-sociedades-de-fomento","generate-columns","tablet-grid-50","mobile-grid-100","grid-parent","grid-50"],"jetpack_publicize_connections":[],"jetpack_featured_media_url":"","wps_subtitle":"En reemplazo de Alejandra Santana","jetpack_sharing_enabled":true,"_links":{"self":[{"href":"https:\/\/www.hoymercedes.com.ar\/principal\/wp-json\/wp\/v2\/posts\/31529","targetHints":{"allow":["GET"]}}],"collection":[{"href":"https:\/\/www.hoymercedes.com.ar\/principal\/wp-json\/wp\/v2\/posts"}],"about":[{"href":"https:\/\/www.hoymercedes.com.ar\/principal\/wp-json\/wp\/v2\/types\/post"}],"author":[{"embeddable":true,"href":"https:\/\/www.hoymercedes.com.ar\/principal\/wp-json\/wp\/v2\/users\/1"}],"replies":[{"embeddable":true,"href":"https:\/\/www.hoymercedes.com.ar\/principal\/wp-json\/wp\/v2\/comments?post=31529"}],"version-history":[{"count":0,"href":"https:\/\/www.hoymercedes.com.ar\/principal\/wp-json\/wp\/v2\/posts\/31529\/revisions"}],"wp:attachment":[{"href":"https:\/\/www.hoymercedes.com.ar\/principal\/wp-json\/wp\/v2\/media?parent=31529"}],"wp:term":[{"taxonomy":"category","embeddable":true,"href":"https:\/\/www.hoymercedes.com.ar\/principal\/wp-json\/wp\/v2\/categories?post=31529"},{"taxonomy":"post_tag","embeddable":true,"href":"https:\/\/www.hoymercedes.com.ar\/principal\/wp-json\/wp\/v2\/tags?post=31529"}],"curies":[{"name":"wp","href":"https:\/\/api.w.org\/{rel}","templated":true}]}}