{"id":31599,"date":"2014-04-09T03:09:50","date_gmt":"2014-04-09T03:09:50","guid":{"rendered":"http:\/\/www.hoymercedes.com.ar\/principal\/?p=31599"},"modified":"2014-04-09T03:09:50","modified_gmt":"2014-04-09T03:09:50","slug":"pami-inscribe-para-los-dos-primeros-viajes-del-ano","status":"publish","type":"post","link":"https:\/\/www.hoymercedes.com.ar\/principal\/2014\/04\/09\/pami-inscribe-para-los-dos-primeros-viajes-del-ano\/","title":{"rendered":"PAMI inscribe para los dos primeros viajes del a\u00f1o"},"content":{"rendered":"<p><a href=\"https:\/\/www.hoymercedes.com.ar\/principal\/wp-content\/uploads\/2014\/04\/pami.jpg\"><img loading=\"lazy\" decoding=\"async\" data-attachment-id=\"31601\" data-permalink=\"https:\/\/www.hoymercedes.com.ar\/principal\/2014\/04\/09\/pami-inscribe-para-los-dos-primeros-viajes-del-ano\/pami-3\/#main\" data-orig-file=\"https:\/\/www.hoymercedes.com.ar\/principal\/wp-content\/uploads\/2014\/04\/pami.jpg\" data-orig-size=\"620,341\" data-comments-opened=\"1\" data-image-meta=\"{&quot;aperture&quot;:&quot;0&quot;,&quot;credit&quot;:&quot;Moreira Mario Hugo    FOTOGRAFIA&quot;,&quot;camera&quot;:&quot;&quot;,&quot;caption&quot;:&quot;&quot;,&quot;created_timestamp&quot;:&quot;0&quot;,&quot;copyright&quot;:&quot;AW Fotografia   Moreira Mario Hugo&quot;,&quot;focal_length&quot;:&quot;0&quot;,&quot;iso&quot;:&quot;0&quot;,&quot;shutter_speed&quot;:&quot;0&quot;,&quot;title&quot;:&quot;&quot;}\" data-image-title=\"pami\" data-image-description=\"\" data-image-caption=\"\" data-large-file=\"https:\/\/www.hoymercedes.com.ar\/principal\/wp-content\/uploads\/2014\/04\/pami.jpg\" class=\"aligncenter size-full wp-image-31601\" alt=\"pami\" src=\"https:\/\/www.hoymercedes.com.ar\/principal\/wp-content\/uploads\/2014\/04\/pami.jpg\" width=\"620\" height=\"341\" \/><\/a><\/p>\n<p><em><strong>El director de la sede local del PAMI y concejal por el Frente Mercedino para la Victoria, Mat\u00edas Dematei, inform\u00f3 que ya est\u00e1 abierta la \u00a0inscripci\u00f3n para los afiliados de cara a lo que ser\u00e1n los dos primeros viajes del a\u00f1o organizados por la instituci\u00f3n, el primero a las Termas de R\u00edo Hondo (Santiago del Estero) y el segundo a Mar del Plata.<\/strong><\/em><\/p>\n<p>\u201cYa abrimos la inscripci\u00f3n para todos los afiliados que deseen formar parte de estos dos primeros viajes del PAMI de la temporada \u2013cont\u00f3 Dematei-. Se pueden anotar en nuestra sede de 16 y 25 y el sorteo se realizar\u00e1 el 28 de abril en el Centro de Jubilados Renacer, ubicado en calle 31 entre 24 y 26, a las 10 de la ma\u00f1ana\u201d.<\/p>\n<p>El viaje a las Termas de R\u00edo Hondo est\u00e1 previsto para el 2 de junio; el de Mar del Plata, en tanto, se har\u00e1 el 7 de julio. \u201cPara ser sorteado es requisito fundamental haberse anotado previamente y estar afiliado al PAMI\u201d, record\u00f3 el concejal del Frente Mercedino.<\/p>\n<p>\u201cVenimos de hermosas experiencias del a\u00f1o pasado y en 2014 esperamos que los viajes sean todav\u00eda mejores. Los traslados suelen ser de una semana, con todo pago y lleno de actividades con nuestros coordinadores \u2013agreg\u00f3 \u2018Mati\u2019-. \u00a0Nosotros tratamos de lograr cada d\u00eda m\u00e1s y mejores beneficios y nos pone muy orgullosos ver la satisfacci\u00f3n de los afiliados cuando pueden disfrutar de estas cosas\u201d.<\/p>\n<p>Dematei record\u00f3 \u201cc\u00f3mo mejora la vida la posibilidad de disfrutar del tiempo libre\u201d y se mostr\u00f3 \u201cafortunado\u201d por \u201cpoder acompa\u00f1ar a los abuelos en esta etapa\u201d.<\/p>\n<p>Finalmente, el director del PAMI volvi\u00f3 a insistir sobre la gratuidad de las prestaciones que ofrece el organismo. \u201cLos afiliados deben saber que aquellos profesionales que figuran en la cartilla y que la Asociaci\u00f3n M\u00e9dica pone al servicio del PAMI no deben cobrar ninguna suma de dinero extra. Hemos recibido numerosos reclamos de los abuelos en este sentido y son hechos que constituyen un il\u00edcito, con lo que se lo debe denunciar al 138\u201d.<\/p>\n<p><span style=\"line-height: 1.5em;\">\u201cVoy a esforzarme al m\u00e1ximo para terminar con esta modalidad, porque es grave. Cada d\u00eda hay que trabajar con m\u00e1s sacrificio para optimizar el servicio del PAMI\u201d, concluy\u00f3.<\/span><\/p>\n<p><span style=\"color: #888888;\">Fuente: PAMI<\/span><\/p>\n<p><span style=\"color: #888888;\">Fuente: PAMI<\/span><\/p>\n","protected":false},"excerpt":{"rendered":"<p>El director de la sede local del PAMI y concejal por el Frente Mercedino para la Victoria, Mat\u00edas Dematei, inform\u00f3 &#8230; <a title=\"PAMI inscribe para los dos primeros viajes del a\u00f1o\" class=\"read-more\" href=\"https:\/\/www.hoymercedes.com.ar\/principal\/2014\/04\/09\/pami-inscribe-para-los-dos-primeros-viajes-del-ano\/\" aria-label=\"Leer m\u00e1s sobre PAMI inscribe para los dos primeros viajes del a\u00f1o\">Leer m\u00e1s<\/a><\/p>\n","protected":false},"author":1,"featured_media":0,"comment_status":"open","ping_status":"open","sticky":false,"template":"","format":"standard","meta":{"_monsterinsights_skip_tracking":false,"_monsterinsights_sitenote_active":false,"_monsterinsights_sitenote_note":"","_monsterinsights_sitenote_category":0,"jetpack_post_was_ever_published":false,"_jetpack_newsletter_access":"","_jetpack_dont_email_post_to_subs":false,"_jetpack_newsletter_tier_id":0,"_jetpack_memberships_contains_paywalled_content":false,"_jetpack_memberships_contains_paid_content":false,"footnotes":"","jetpack_publicize_message":"","jetpack_publicize_feature_enabled":true,"jetpack_social_post_already_shared":false,"jetpack_social_options":{"image_generator_settings":{"template":"highway","default_image_id":0,"font":"","enabled":false},"version":2},"_wpas_customize_per_network":false},"categories":[8],"tags":[500],"class_list":["post-31599","post","type-post","status-publish","format-standard","hentry","category-sociedad","tag-pami-mercedes","generate-columns","tablet-grid-50","mobile-grid-100","grid-parent","grid-50"],"jetpack_publicize_connections":[],"jetpack_featured_media_url":"","wps_subtitle":"Para mercedinos","jetpack_sharing_enabled":true,"_links":{"self":[{"href":"https:\/\/www.hoymercedes.com.ar\/principal\/wp-json\/wp\/v2\/posts\/31599","targetHints":{"allow":["GET"]}}],"collection":[{"href":"https:\/\/www.hoymercedes.com.ar\/principal\/wp-json\/wp\/v2\/posts"}],"about":[{"href":"https:\/\/www.hoymercedes.com.ar\/principal\/wp-json\/wp\/v2\/types\/post"}],"author":[{"embeddable":true,"href":"https:\/\/www.hoymercedes.com.ar\/principal\/wp-json\/wp\/v2\/users\/1"}],"replies":[{"embeddable":true,"href":"https:\/\/www.hoymercedes.com.ar\/principal\/wp-json\/wp\/v2\/comments?post=31599"}],"version-history":[{"count":0,"href":"https:\/\/www.hoymercedes.com.ar\/principal\/wp-json\/wp\/v2\/posts\/31599\/revisions"}],"wp:attachment":[{"href":"https:\/\/www.hoymercedes.com.ar\/principal\/wp-json\/wp\/v2\/media?parent=31599"}],"wp:term":[{"taxonomy":"category","embeddable":true,"href":"https:\/\/www.hoymercedes.com.ar\/principal\/wp-json\/wp\/v2\/categories?post=31599"},{"taxonomy":"post_tag","embeddable":true,"href":"https:\/\/www.hoymercedes.com.ar\/principal\/wp-json\/wp\/v2\/tags?post=31599"}],"curies":[{"name":"wp","href":"https:\/\/api.w.org\/{rel}","templated":true}]}}