{"id":31729,"date":"2014-04-11T12:38:48","date_gmt":"2014-04-11T12:38:48","guid":{"rendered":"http:\/\/www.hoymercedes.com.ar\/principal\/?p=31729"},"modified":"2014-04-12T13:37:01","modified_gmt":"2014-04-12T13:37:01","slug":"magromer-vecinos-alertas-denuncian-contaminacion","status":"publish","type":"post","link":"https:\/\/www.hoymercedes.com.ar\/principal\/2014\/04\/11\/magromer-vecinos-alertas-denuncian-contaminacion\/","title":{"rendered":"Magromer: vecinos alertas denuncian contaminaci\u00f3n"},"content":{"rendered":"<figure id=\"attachment_31732\" aria-describedby=\"caption-attachment-31732\" style=\"width: 610px\" class=\"wp-caption aligncenter\"><a href=\"https:\/\/www.hoymercedes.com.ar\/principal\/wp-content\/uploads\/2014\/04\/Madromer.I.jpg\"><img loading=\"lazy\" decoding=\"async\" data-attachment-id=\"31732\" data-permalink=\"https:\/\/www.hoymercedes.com.ar\/principal\/2014\/04\/11\/magromer-vecinos-alertas-denuncian-contaminacion\/madromer-i\/#main\" data-orig-file=\"https:\/\/www.hoymercedes.com.ar\/principal\/wp-content\/uploads\/2014\/04\/Madromer.I.jpg\" data-orig-size=\"620,465\" data-comments-opened=\"1\" data-image-meta=\"{&quot;aperture&quot;:&quot;0&quot;,&quot;credit&quot;:&quot;&quot;,&quot;camera&quot;:&quot;&quot;,&quot;caption&quot;:&quot;&quot;,&quot;created_timestamp&quot;:&quot;0&quot;,&quot;copyright&quot;:&quot;&quot;,&quot;focal_length&quot;:&quot;0&quot;,&quot;iso&quot;:&quot;0&quot;,&quot;shutter_speed&quot;:&quot;0&quot;,&quot;title&quot;:&quot;&quot;}\" data-image-title=\"Madromer.I\" data-image-description=\"\" data-image-caption=\"\" data-large-file=\"https:\/\/www.hoymercedes.com.ar\/principal\/wp-content\/uploads\/2014\/04\/Madromer.I.jpg\" class=\" wp-image-31732\" alt=\"Madromer.I\" src=\"https:\/\/www.hoymercedes.com.ar\/principal\/wp-content\/uploads\/2014\/04\/Madromer.I.jpg\" width=\"620\" height=\"465\" data-id=\"31732\" \/><\/a><figcaption id=\"caption-attachment-31732\" class=\"wp-caption-text\">Foto: Diego Heredia<\/figcaption><\/figure>\n<p><em><strong>Trabajos alrededor de un \u00a0ca\u00f1o roto desat\u00f3 con fuerza la pol\u00e9mica en un sector de la sociedad que fue testigo de c\u00f3mo podr\u00eda estarse frente a una instancia de contaminaci\u00f3n importante en los laterales de la empresa Magromer.<\/strong><\/em><\/p>\n<p>En Barrio Villa Industrial se vivieron cuestiones vinculadas al medio ambiente que desataron todas las alertas de la comunidad m\u00e1s cercana efectuando las denuncias a los medios y a las redes sociales. La denuncia a nivel institucional la llev\u00f3 adelante procedimentalmente la Polic\u00eda Federal y la Municipalidad a trav\u00e9s de la Direcci\u00f3n de Salud por medio del Departamento de Medio Ambiente.<\/p>\n<figure id=\"attachment_31733\" aria-describedby=\"caption-attachment-31733\" style=\"width: 610px\" class=\"wp-caption aligncenter\"><a href=\"https:\/\/www.hoymercedes.com.ar\/principal\/wp-content\/uploads\/2014\/04\/Madromer.II_.jpg\"><img loading=\"lazy\" decoding=\"async\" data-attachment-id=\"31733\" data-permalink=\"https:\/\/www.hoymercedes.com.ar\/principal\/2014\/04\/11\/magromer-vecinos-alertas-denuncian-contaminacion\/madromer-ii\/#main\" data-orig-file=\"https:\/\/www.hoymercedes.com.ar\/principal\/wp-content\/uploads\/2014\/04\/Madromer.II_.jpg\" data-orig-size=\"620,465\" data-comments-opened=\"1\" data-image-meta=\"{&quot;aperture&quot;:&quot;0&quot;,&quot;credit&quot;:&quot;&quot;,&quot;camera&quot;:&quot;&quot;,&quot;caption&quot;:&quot;&quot;,&quot;created_timestamp&quot;:&quot;0&quot;,&quot;copyright&quot;:&quot;&quot;,&quot;focal_length&quot;:&quot;0&quot;,&quot;iso&quot;:&quot;0&quot;,&quot;shutter_speed&quot;:&quot;0&quot;,&quot;title&quot;:&quot;&quot;}\" data-image-title=\"Madromer.II\" data-image-description=\"\" data-image-caption=\"\" data-large-file=\"https:\/\/www.hoymercedes.com.ar\/principal\/wp-content\/uploads\/2014\/04\/Madromer.II_.jpg\" class=\" wp-image-31733\" alt=\"Madromer.II\" src=\"https:\/\/www.hoymercedes.com.ar\/principal\/wp-content\/uploads\/2014\/04\/Madromer.II_.jpg\" width=\"620\" height=\"465\" data-id=\"31733\" \/><\/a><figcaption id=\"caption-attachment-31733\" class=\"wp-caption-text\">Foto: Diego Heredia<\/figcaption><\/figure>\n<p>Desde una zanja se observaban afluentes de colores extra\u00f1os y olores fuertes. Los vecinos denunciaron en los medios radiales y en las redes sociales. Sostienen sucede desde hace mucho tiempo.<\/p>\n<p>Al efectuar la denuncia en el Juzgado Federal la Polic\u00eda Federal local debi\u00f3 tomar intervenci\u00f3n. Una pala mec\u00e1nica que hac\u00eda tareas en el lugar dej\u00f3 evidencia del ca\u00f1o\u00a0 roto y los elementos a analizar por si son contaminantes, m\u00e1s all\u00e1 que a simple vista son muy extra\u00f1os y anormales. Hubo una reuni\u00f3n entre vecinos, la empresa y personal de medio ambiente. Por ahora la zanja quedar\u00e1 abierta hasta que se resuelva c\u00f3mo continuar y proceder para salvar la situaci\u00f3n. La preocupaci\u00f3n de los vecinos es mucha. Las redes sociales se convirtieron en un gran foro de debate de los vecinos que desean pronta soluci\u00f3n y acci\u00f3n empresarial.<\/p>\n<figure id=\"attachment_31734\" aria-describedby=\"caption-attachment-31734\" style=\"width: 610px\" class=\"wp-caption aligncenter\"><img loading=\"lazy\" decoding=\"async\" data-attachment-id=\"31734\" data-permalink=\"https:\/\/www.hoymercedes.com.ar\/principal\/2014\/04\/11\/magromer-vecinos-alertas-denuncian-contaminacion\/madromer-iii\/#main\" data-orig-file=\"https:\/\/www.hoymercedes.com.ar\/principal\/wp-content\/uploads\/2014\/04\/Madromer.III_.jpg\" data-orig-size=\"620,465\" data-comments-opened=\"1\" data-image-meta=\"{&quot;aperture&quot;:&quot;0&quot;,&quot;credit&quot;:&quot;&quot;,&quot;camera&quot;:&quot;&quot;,&quot;caption&quot;:&quot;&quot;,&quot;created_timestamp&quot;:&quot;0&quot;,&quot;copyright&quot;:&quot;&quot;,&quot;focal_length&quot;:&quot;0&quot;,&quot;iso&quot;:&quot;0&quot;,&quot;shutter_speed&quot;:&quot;0&quot;,&quot;title&quot;:&quot;&quot;}\" data-image-title=\"Madromer.III\" data-image-description=\"\" data-image-caption=\"\" data-large-file=\"https:\/\/www.hoymercedes.com.ar\/principal\/wp-content\/uploads\/2014\/04\/Madromer.III_.jpg\" class=\" wp-image-31734\" alt=\"Madromer.III\" src=\"https:\/\/www.hoymercedes.com.ar\/principal\/wp-content\/uploads\/2014\/04\/Madromer.III_.jpg\" width=\"620\" height=\"465\" data-id=\"31734\" \/><figcaption id=\"caption-attachment-31734\" class=\"wp-caption-text\">Foto: Diego Heredia<\/figcaption><\/figure>\n<p>Magromer se dedica a la curtiembre de cueros y los vecinos sostienen que tiran efluentes en el lugar por medio de una zanja ahora entubada, pero, que fue la que qued\u00f3 en evidencia.<\/p>\n<p>&nbsp;<\/p>\n","protected":false},"excerpt":{"rendered":"<p>Trabajos alrededor de un \u00a0ca\u00f1o roto desat\u00f3 con fuerza la pol\u00e9mica en un sector de la sociedad que fue testigo &#8230; <a title=\"Magromer: vecinos alertas denuncian contaminaci\u00f3n\" class=\"read-more\" href=\"https:\/\/www.hoymercedes.com.ar\/principal\/2014\/04\/11\/magromer-vecinos-alertas-denuncian-contaminacion\/\" aria-label=\"Leer m\u00e1s sobre Magromer: vecinos alertas denuncian contaminaci\u00f3n\">Leer m\u00e1s<\/a><\/p>\n","protected":false},"author":1,"featured_media":0,"comment_status":"open","ping_status":"open","sticky":false,"template":"","format":"standard","meta":{"_monsterinsights_skip_tracking":false,"_monsterinsights_sitenote_active":false,"_monsterinsights_sitenote_note":"","_monsterinsights_sitenote_category":0,"jetpack_post_was_ever_published":false,"_jetpack_newsletter_access":"","_jetpack_dont_email_post_to_subs":false,"_jetpack_newsletter_tier_id":0,"_jetpack_memberships_contains_paywalled_content":false,"_jetpack_memberships_contains_paid_content":false,"footnotes":"","jetpack_publicize_message":"","jetpack_publicize_feature_enabled":true,"jetpack_social_post_already_shared":false,"jetpack_social_options":{"image_generator_settings":{"template":"highway","default_image_id":0,"font":"","enabled":false},"version":2},"_wpas_customize_per_network":false},"categories":[8],"tags":[1650,2499,43],"class_list":["post-31729","post","type-post","status-publish","format-standard","hentry","category-sociedad","tag-contaminacion","tag-magromer","tag-medio-ambiente","generate-columns","tablet-grid-50","mobile-grid-100","grid-parent","grid-50"],"jetpack_publicize_connections":[],"jetpack_featured_media_url":"","wps_subtitle":"Medio ambiente y salud ","jetpack_sharing_enabled":true,"_links":{"self":[{"href":"https:\/\/www.hoymercedes.com.ar\/principal\/wp-json\/wp\/v2\/posts\/31729","targetHints":{"allow":["GET"]}}],"collection":[{"href":"https:\/\/www.hoymercedes.com.ar\/principal\/wp-json\/wp\/v2\/posts"}],"about":[{"href":"https:\/\/www.hoymercedes.com.ar\/principal\/wp-json\/wp\/v2\/types\/post"}],"author":[{"embeddable":true,"href":"https:\/\/www.hoymercedes.com.ar\/principal\/wp-json\/wp\/v2\/users\/1"}],"replies":[{"embeddable":true,"href":"https:\/\/www.hoymercedes.com.ar\/principal\/wp-json\/wp\/v2\/comments?post=31729"}],"version-history":[{"count":0,"href":"https:\/\/www.hoymercedes.com.ar\/principal\/wp-json\/wp\/v2\/posts\/31729\/revisions"}],"wp:attachment":[{"href":"https:\/\/www.hoymercedes.com.ar\/principal\/wp-json\/wp\/v2\/media?parent=31729"}],"wp:term":[{"taxonomy":"category","embeddable":true,"href":"https:\/\/www.hoymercedes.com.ar\/principal\/wp-json\/wp\/v2\/categories?post=31729"},{"taxonomy":"post_tag","embeddable":true,"href":"https:\/\/www.hoymercedes.com.ar\/principal\/wp-json\/wp\/v2\/tags?post=31729"}],"curies":[{"name":"wp","href":"https:\/\/api.w.org\/{rel}","templated":true}]}}