{"id":31763,"date":"2014-04-12T23:35:15","date_gmt":"2014-04-12T23:35:15","guid":{"rendered":"http:\/\/www.hoymercedes.com.ar\/principal\/?p=31763"},"modified":"2014-04-12T23:35:15","modified_gmt":"2014-04-12T23:35:15","slug":"mic-aclarando-el-panorama-en-el-estacionamiento-medido","status":"publish","type":"post","link":"https:\/\/www.hoymercedes.com.ar\/principal\/2014\/04\/12\/mic-aclarando-el-panorama-en-el-estacionamiento-medido\/","title":{"rendered":"MIC: aclarando el panorama en el estacionamiento medido"},"content":{"rendered":"<p><strong>Por MIC Mercedes \/\/<\/strong><\/p>\n<p><em><strong>Esta semana los concejales del MIC, Jos\u00e9 Cestari y Juan Carlos Badano, recibieron una nota de la C\u00e1mara Econ\u00f3mica Mercedina, firmada por su Presidente Juan Carlos Cardinale.<\/strong><\/em><\/p>\n<p>En la nota se explica la situaci\u00f3n del Estacionamiento Medido en Mercedes y la solicitud de algunos cambios para mejorar el sistema.<\/p>\n<p>Pero lo grave es la \u00faltima frase que falta a la verdad \u201cPor \u00faltimo y a la espera de la implementaci\u00f3n de las sugerencias planteadas que solicitamos se suspenda por el t\u00e9rmino de 30 d\u00edas el estacionamiento medido POR UD. IMPLEMENTADO\u201d<\/p>\n<p>Nuestra respuesta:<\/p>\n<p>1) La Ordenanza de Estacionamiento Medido fue tratada en la Sesi\u00f3n Extraordinaria del Honorable Concejo Deliberante del jueves 19 de diciembre de 2013.<\/p>\n<p>2) En el Acta N\u00b0 29, que es de acceso al p\u00fablico en general, est\u00e1 escrito quienes aprobaron por mayor\u00eda el expediente 3669\/12. Proyecto de Estacionamiento Medido. Los concejales Jos\u00e9 Cestari y Juan Carlos Badano no lo hicieron.<\/p>\n<p>3) En la Sesi\u00f3n Extraordinaria del 7 de marzo, ante la solicitud de los comerciantes (con junta de firmas) el MIC propuso llevar a cabo una reuni\u00f3n entre la Empresa Elinpar, los comerciantes que realizaron la solicitud y los concejales. Fue rechazado por mayor\u00eda.<\/p>\n<p>Sin animosidad de cuestiones pol\u00edticas partidarias nos gustar\u00eda saber \u00bfA qui\u00e9nes de los 18 concejales se le envi\u00f3 la nota por parte de la C\u00e1mara Econ\u00f3mica Mercedina?<\/p>\n","protected":false},"excerpt":{"rendered":"<p>Por MIC Mercedes \/\/ Esta semana los concejales del MIC, Jos\u00e9 Cestari y Juan Carlos Badano, recibieron una nota de &#8230; <a title=\"MIC: aclarando el panorama en el estacionamiento medido\" class=\"read-more\" href=\"https:\/\/www.hoymercedes.com.ar\/principal\/2014\/04\/12\/mic-aclarando-el-panorama-en-el-estacionamiento-medido\/\" aria-label=\"Leer m\u00e1s sobre MIC: aclarando el panorama en el estacionamiento medido\">Leer m\u00e1s<\/a><\/p>\n","protected":false},"author":1,"featured_media":0,"comment_status":"open","ping_status":"open","sticky":false,"template":"","format":"standard","meta":{"_monsterinsights_skip_tracking":false,"_monsterinsights_sitenote_active":false,"_monsterinsights_sitenote_note":"","_monsterinsights_sitenote_category":0,"jetpack_post_was_ever_published":false,"_jetpack_newsletter_access":"","_jetpack_dont_email_post_to_subs":false,"_jetpack_newsletter_tier_id":0,"_jetpack_memberships_contains_paywalled_content":false,"_jetpack_memberships_contains_paid_content":false,"footnotes":"","jetpack_publicize_message":"","jetpack_publicize_feature_enabled":true,"jetpack_social_post_already_shared":false,"jetpack_social_options":{"image_generator_settings":{"template":"highway","default_image_id":0,"font":"","enabled":false},"version":2},"_wpas_customize_per_network":false},"categories":[5],"tags":[5005],"class_list":["post-31763","post","type-post","status-publish","format-standard","hentry","category-politica","tag-mic-mercedes-estacionamiento-medido","generate-columns","tablet-grid-50","mobile-grid-100","grid-parent","grid-50"],"jetpack_publicize_connections":[],"jetpack_featured_media_url":"","wps_subtitle":"La pol\u00e9mica contin\u00faa ","jetpack_sharing_enabled":true,"_links":{"self":[{"href":"https:\/\/www.hoymercedes.com.ar\/principal\/wp-json\/wp\/v2\/posts\/31763","targetHints":{"allow":["GET"]}}],"collection":[{"href":"https:\/\/www.hoymercedes.com.ar\/principal\/wp-json\/wp\/v2\/posts"}],"about":[{"href":"https:\/\/www.hoymercedes.com.ar\/principal\/wp-json\/wp\/v2\/types\/post"}],"author":[{"embeddable":true,"href":"https:\/\/www.hoymercedes.com.ar\/principal\/wp-json\/wp\/v2\/users\/1"}],"replies":[{"embeddable":true,"href":"https:\/\/www.hoymercedes.com.ar\/principal\/wp-json\/wp\/v2\/comments?post=31763"}],"version-history":[{"count":0,"href":"https:\/\/www.hoymercedes.com.ar\/principal\/wp-json\/wp\/v2\/posts\/31763\/revisions"}],"wp:attachment":[{"href":"https:\/\/www.hoymercedes.com.ar\/principal\/wp-json\/wp\/v2\/media?parent=31763"}],"wp:term":[{"taxonomy":"category","embeddable":true,"href":"https:\/\/www.hoymercedes.com.ar\/principal\/wp-json\/wp\/v2\/categories?post=31763"},{"taxonomy":"post_tag","embeddable":true,"href":"https:\/\/www.hoymercedes.com.ar\/principal\/wp-json\/wp\/v2\/tags?post=31763"}],"curies":[{"name":"wp","href":"https:\/\/api.w.org\/{rel}","templated":true}]}}