{"id":31809,"date":"2014-04-13T17:06:17","date_gmt":"2014-04-13T17:06:17","guid":{"rendered":"http:\/\/www.hoymercedes.com.ar\/principal\/?p=31809"},"modified":"2014-04-13T17:06:17","modified_gmt":"2014-04-13T17:06:17","slug":"herida-de-arma-blanca-internada-en-el-dubarry","status":"publish","type":"post","link":"https:\/\/www.hoymercedes.com.ar\/principal\/2014\/04\/13\/herida-de-arma-blanca-internada-en-el-dubarry\/","title":{"rendered":"Herida de arma blanca internada en el Dubarry"},"content":{"rendered":"<p><em><strong>Durante la noche del viernes un nuevo acontecimiento de violencia se vivi\u00f3 entre privados en nuestra ciudad cuando una mujer fue herida de arma blanca. No se conocieron muchos detalles, pero s\u00ed que el hospital Dubarry trabaj\u00f3 fuertemente para proteger su salud la cual sigue en estado de observaci\u00f3n delicado<\/strong><\/em>.<\/p>\n<p>Seg\u00fan se conoci\u00f3 todo se habr\u00eda originado en una pelea \/ discusi\u00f3n en cercan\u00edas de avenida 1 y 26 donde una pareja increp\u00f3 y agredi\u00f3 a un hombre. \u00c9ste retoma a su domicilio y narra lo sucedido regresando con otras personas al lugar de los hechos. All\u00ed se genera un nuevo episodio que provoca que una mujer propine un puntazo a otra siendo \u00e9sta la hospitalizada.<\/p>\n<p>Investiga la justicia como sucedieron los hechos por medio de la Unidad Fiscal de Investigaciones N\u00b02 del Departamento Judicial Mercedes.<\/p>\n","protected":false},"excerpt":{"rendered":"<p>Durante la noche del viernes un nuevo acontecimiento de violencia se vivi\u00f3 entre privados en nuestra ciudad cuando una mujer &#8230; <a title=\"Herida de arma blanca internada en el Dubarry\" class=\"read-more\" href=\"https:\/\/www.hoymercedes.com.ar\/principal\/2014\/04\/13\/herida-de-arma-blanca-internada-en-el-dubarry\/\" aria-label=\"Leer m\u00e1s sobre Herida de arma blanca internada en el Dubarry\">Leer m\u00e1s<\/a><\/p>\n","protected":false},"author":1,"featured_media":0,"comment_status":"open","ping_status":"open","sticky":false,"template":"","format":"standard","meta":{"_monsterinsights_skip_tracking":false,"_monsterinsights_sitenote_active":false,"_monsterinsights_sitenote_note":"","_monsterinsights_sitenote_category":0,"jetpack_post_was_ever_published":false,"_jetpack_newsletter_access":"","_jetpack_dont_email_post_to_subs":false,"_jetpack_newsletter_tier_id":0,"_jetpack_memberships_contains_paywalled_content":false,"_jetpack_memberships_contains_paid_content":false,"footnotes":"","jetpack_publicize_message":"","jetpack_publicize_feature_enabled":true,"jetpack_social_post_already_shared":false,"jetpack_social_options":{"image_generator_settings":{"template":"highway","default_image_id":0,"font":"","enabled":false},"version":2},"_wpas_customize_per_network":false},"categories":[5],"tags":[],"class_list":["post-31809","post","type-post","status-publish","format-standard","hentry","category-politica","generate-columns","tablet-grid-50","mobile-grid-100","grid-parent","grid-50"],"jetpack_publicize_connections":[],"jetpack_featured_media_url":"","wps_subtitle":"Justicia investiga los acontecimientos ","jetpack_sharing_enabled":true,"_links":{"self":[{"href":"https:\/\/www.hoymercedes.com.ar\/principal\/wp-json\/wp\/v2\/posts\/31809","targetHints":{"allow":["GET"]}}],"collection":[{"href":"https:\/\/www.hoymercedes.com.ar\/principal\/wp-json\/wp\/v2\/posts"}],"about":[{"href":"https:\/\/www.hoymercedes.com.ar\/principal\/wp-json\/wp\/v2\/types\/post"}],"author":[{"embeddable":true,"href":"https:\/\/www.hoymercedes.com.ar\/principal\/wp-json\/wp\/v2\/users\/1"}],"replies":[{"embeddable":true,"href":"https:\/\/www.hoymercedes.com.ar\/principal\/wp-json\/wp\/v2\/comments?post=31809"}],"version-history":[{"count":0,"href":"https:\/\/www.hoymercedes.com.ar\/principal\/wp-json\/wp\/v2\/posts\/31809\/revisions"}],"wp:attachment":[{"href":"https:\/\/www.hoymercedes.com.ar\/principal\/wp-json\/wp\/v2\/media?parent=31809"}],"wp:term":[{"taxonomy":"category","embeddable":true,"href":"https:\/\/www.hoymercedes.com.ar\/principal\/wp-json\/wp\/v2\/categories?post=31809"},{"taxonomy":"post_tag","embeddable":true,"href":"https:\/\/www.hoymercedes.com.ar\/principal\/wp-json\/wp\/v2\/tags?post=31809"}],"curies":[{"name":"wp","href":"https:\/\/api.w.org\/{rel}","templated":true}]}}