{"id":31863,"date":"2014-04-15T03:59:43","date_gmt":"2014-04-15T03:59:43","guid":{"rendered":"http:\/\/www.hoymercedes.com.ar\/principal\/?p=31863"},"modified":"2014-04-15T03:59:43","modified_gmt":"2014-04-15T03:59:43","slug":"suipacha-terrenos-ferroviarios-para-usos-comunales-tras-cesion-de-randazzo","status":"publish","type":"post","link":"https:\/\/www.hoymercedes.com.ar\/principal\/2014\/04\/15\/suipacha-terrenos-ferroviarios-para-usos-comunales-tras-cesion-de-randazzo\/","title":{"rendered":"Suipacha: terrenos ferroviarios para usos comunales tras cesi\u00f3n de Randazzo"},"content":{"rendered":"<p><a href=\"https:\/\/www.hoymercedes.com.ar\/principal\/wp-content\/uploads\/2014\/04\/Delfino-Ferrocarriles.jpg\"><img loading=\"lazy\" decoding=\"async\" data-attachment-id=\"31865\" data-permalink=\"https:\/\/www.hoymercedes.com.ar\/principal\/2014\/04\/15\/suipacha-terrenos-ferroviarios-para-usos-comunales-tras-cesion-de-randazzo\/delfino-ferrocarriles\/#main\" data-orig-file=\"https:\/\/www.hoymercedes.com.ar\/principal\/wp-content\/uploads\/2014\/04\/Delfino-Ferrocarriles.jpg\" data-orig-size=\"620,413\" data-comments-opened=\"1\" data-image-meta=\"{&quot;aperture&quot;:&quot;0&quot;,&quot;credit&quot;:&quot;Hernan Nersesian&quot;,&quot;camera&quot;:&quot;&quot;,&quot;caption&quot;:&quot;&quot;,&quot;created_timestamp&quot;:&quot;0&quot;,&quot;copyright&quot;:&quot;Hernan Nersesian&quot;,&quot;focal_length&quot;:&quot;0&quot;,&quot;iso&quot;:&quot;0&quot;,&quot;shutter_speed&quot;:&quot;0&quot;,&quot;title&quot;:&quot;&quot;}\" data-image-title=\"Delfino-Ferrocarriles\" data-image-description=\"\" data-image-caption=\"\" data-large-file=\"https:\/\/www.hoymercedes.com.ar\/principal\/wp-content\/uploads\/2014\/04\/Delfino-Ferrocarriles.jpg\" class=\"aligncenter size-full wp-image-31865\" alt=\"Delfino-Ferrocarriles\" src=\"https:\/\/www.hoymercedes.com.ar\/principal\/wp-content\/uploads\/2014\/04\/Delfino-Ferrocarriles.jpg\" width=\"620\" height=\"413\" data-id=\"31865\" \/><\/a><\/p>\n<p><em><strong>El Ministerio del Interior y Transporte de la Naci\u00f3n dispuso la realizaci\u00f3n de 2 convenios mediante los cuales la empresa estatal Belgrano Cargas y Log\u00edstica (BCYL) otorga en pr\u00e9stamo por tres a\u00f1os a la municipalidad bonaerense de Suipacha, la suma de 1382 metros cuadrados techados y 26 hect\u00e1reas a cielo abierto \u2013correspondientes a las estaciones Suipacha y General Rivas\u2013 para su aprovechamiento por parte de una comunidad de m\u00e1s de 10.000 habitantes.<\/strong><\/em><\/p>\n<p>El acuerdo de pr\u00e9stamo gratuito fue suscripto el martes 1\u00b0 de abril en las oficinas de BCYL por su titular, Marcelo Bosch y el intendente de Suipacha, Juan Antonio Delfino, con la presencia de la diputada nacional Mar\u00eda Eugenia Zamarre\u00f1o (FPV).<\/p>\n<p><img loading=\"lazy\" decoding=\"async\" data-attachment-id=\"31866\" data-permalink=\"https:\/\/www.hoymercedes.com.ar\/principal\/2014\/04\/15\/suipacha-terrenos-ferroviarios-para-usos-comunales-tras-cesion-de-randazzo\/delfino-ferrocarriles-ii\/#main\" data-orig-file=\"https:\/\/www.hoymercedes.com.ar\/principal\/wp-content\/uploads\/2014\/04\/Delfino-Ferrocarriles-II.jpg\" data-orig-size=\"620,417\" data-comments-opened=\"1\" data-image-meta=\"{&quot;aperture&quot;:&quot;0&quot;,&quot;credit&quot;:&quot;Hernan Nersesian&quot;,&quot;camera&quot;:&quot;&quot;,&quot;caption&quot;:&quot;&quot;,&quot;created_timestamp&quot;:&quot;0&quot;,&quot;copyright&quot;:&quot;Hernan Nersesian&quot;,&quot;focal_length&quot;:&quot;0&quot;,&quot;iso&quot;:&quot;0&quot;,&quot;shutter_speed&quot;:&quot;0&quot;,&quot;title&quot;:&quot;&quot;}\" data-image-title=\"Delfino-Ferrocarriles-II\" data-image-description=\"\" data-image-caption=\"\" data-large-file=\"https:\/\/www.hoymercedes.com.ar\/principal\/wp-content\/uploads\/2014\/04\/Delfino-Ferrocarriles-II.jpg\" class=\"aligncenter size-full wp-image-31866\" alt=\"Delfino-Ferrocarriles-II\" src=\"https:\/\/www.hoymercedes.com.ar\/principal\/wp-content\/uploads\/2014\/04\/Delfino-Ferrocarriles-II.jpg\" width=\"620\" height=\"417\" data-id=\"31866\" \/><\/p>\n<p>En el marco del convenio impulsado por Florencio Randazzo se establece que los predios cedidos en pr\u00e9stamo ser\u00e1n utilizados en forma gratuita para actividades sociales, culturales o recreativas en el marco de la tem\u00e1tica ferroviaria. El Municipio asume, por su parte, la conservaci\u00f3n de los espacios cedidos en \u00f3ptimas condiciones de seguridad, sustentabilidad e iluminaci\u00f3n.<\/p>\n<p>El convenio se integra a una vasta l\u00ednea de acuerdos de caracter\u00edsticas similares impulsados por Randazzo en los municipios de Bragado, Tres de Febrero, Lincoln, Vedia, Salto y Chivilcoy, entre otros, procurando la puesta en valor de terrenos ferroviarios para aprovechamiento de la comunidad, en la medida en que dichos espacios presenten las condiciones b\u00e1sicas adecuadas en este sentido.<\/p>\n<p><span style=\"color: #888888;\">Fuente: Ministerio del Interior<\/span><\/p>\n","protected":false},"excerpt":{"rendered":"<p>El Ministerio del Interior y Transporte de la Naci\u00f3n dispuso la realizaci\u00f3n de 2 convenios mediante los cuales la empresa &#8230; <a title=\"Suipacha: terrenos ferroviarios para usos comunales tras cesi\u00f3n de Randazzo\" class=\"read-more\" href=\"https:\/\/www.hoymercedes.com.ar\/principal\/2014\/04\/15\/suipacha-terrenos-ferroviarios-para-usos-comunales-tras-cesion-de-randazzo\/\" aria-label=\"Leer m\u00e1s sobre Suipacha: terrenos ferroviarios para usos comunales tras cesi\u00f3n de Randazzo\">Leer m\u00e1s<\/a><\/p>\n","protected":false},"author":1,"featured_media":0,"comment_status":"open","ping_status":"open","sticky":false,"template":"","format":"standard","meta":{"_monsterinsights_skip_tracking":false,"_monsterinsights_sitenote_active":false,"_monsterinsights_sitenote_note":"","_monsterinsights_sitenote_category":0,"jetpack_post_was_ever_published":false,"_jetpack_newsletter_access":"","_jetpack_dont_email_post_to_subs":false,"_jetpack_newsletter_tier_id":0,"_jetpack_memberships_contains_paywalled_content":false,"_jetpack_memberships_contains_paid_content":false,"footnotes":"","jetpack_publicize_message":"","jetpack_publicize_feature_enabled":true,"jetpack_social_post_already_shared":false,"jetpack_social_options":{"image_generator_settings":{"template":"highway","default_image_id":0,"font":"","enabled":false},"version":2},"_wpas_customize_per_network":false},"categories":[5],"tags":[5019,559,3024],"class_list":["post-31863","post","type-post","status-publish","format-standard","hentry","category-politica","tag-ferrocarril-suipacha","tag-suipacha","tag-tony-delfino","generate-columns","tablet-grid-50","mobile-grid-100","grid-parent","grid-50"],"jetpack_publicize_connections":[],"jetpack_featured_media_url":"","wps_subtitle":"Para usos de Suipacha y Rivas ","jetpack_sharing_enabled":true,"_links":{"self":[{"href":"https:\/\/www.hoymercedes.com.ar\/principal\/wp-json\/wp\/v2\/posts\/31863","targetHints":{"allow":["GET"]}}],"collection":[{"href":"https:\/\/www.hoymercedes.com.ar\/principal\/wp-json\/wp\/v2\/posts"}],"about":[{"href":"https:\/\/www.hoymercedes.com.ar\/principal\/wp-json\/wp\/v2\/types\/post"}],"author":[{"embeddable":true,"href":"https:\/\/www.hoymercedes.com.ar\/principal\/wp-json\/wp\/v2\/users\/1"}],"replies":[{"embeddable":true,"href":"https:\/\/www.hoymercedes.com.ar\/principal\/wp-json\/wp\/v2\/comments?post=31863"}],"version-history":[{"count":0,"href":"https:\/\/www.hoymercedes.com.ar\/principal\/wp-json\/wp\/v2\/posts\/31863\/revisions"}],"wp:attachment":[{"href":"https:\/\/www.hoymercedes.com.ar\/principal\/wp-json\/wp\/v2\/media?parent=31863"}],"wp:term":[{"taxonomy":"category","embeddable":true,"href":"https:\/\/www.hoymercedes.com.ar\/principal\/wp-json\/wp\/v2\/categories?post=31863"},{"taxonomy":"post_tag","embeddable":true,"href":"https:\/\/www.hoymercedes.com.ar\/principal\/wp-json\/wp\/v2\/tags?post=31863"}],"curies":[{"name":"wp","href":"https:\/\/api.w.org\/{rel}","templated":true}]}}