{"id":31881,"date":"2014-04-16T01:32:04","date_gmt":"2014-04-16T01:32:04","guid":{"rendered":"http:\/\/www.hoymercedes.com.ar\/principal\/?p=31881"},"modified":"2014-04-16T01:32:04","modified_gmt":"2014-04-16T01:32:04","slug":"denuncian-pesimas-condiciones-humanas-y-violencia-en-unidad-n-5-de-mercedes","status":"publish","type":"post","link":"https:\/\/www.hoymercedes.com.ar\/principal\/2014\/04\/16\/denuncian-pesimas-condiciones-humanas-y-violencia-en-unidad-n-5-de-mercedes\/","title":{"rendered":"Denuncian p\u00e9simas condiciones humanas y violencia en Unidad N\u00b0 5 de Mercedes"},"content":{"rendered":"<p><a href=\"https:\/\/www.hoymercedes.com.ar\/principal\/wp-content\/uploads\/2014\/04\/Unidad5-Mercedes.jpg\"><img loading=\"lazy\" decoding=\"async\" data-attachment-id=\"31883\" data-permalink=\"https:\/\/www.hoymercedes.com.ar\/principal\/2014\/04\/16\/denuncian-pesimas-condiciones-humanas-y-violencia-en-unidad-n-5-de-mercedes\/unidad5-mercedes-2\/#main\" data-orig-file=\"https:\/\/www.hoymercedes.com.ar\/principal\/wp-content\/uploads\/2014\/04\/Unidad5-Mercedes.jpg\" data-orig-size=\"620,465\" data-comments-opened=\"1\" data-image-meta=\"{&quot;aperture&quot;:&quot;0&quot;,&quot;credit&quot;:&quot;&quot;,&quot;camera&quot;:&quot;&quot;,&quot;caption&quot;:&quot;&quot;,&quot;created_timestamp&quot;:&quot;0&quot;,&quot;copyright&quot;:&quot;&quot;,&quot;focal_length&quot;:&quot;0&quot;,&quot;iso&quot;:&quot;0&quot;,&quot;shutter_speed&quot;:&quot;0&quot;,&quot;title&quot;:&quot;&quot;}\" data-image-title=\"Unidad5-Mercedes\" data-image-description=\"\" data-image-caption=\"\" data-large-file=\"https:\/\/www.hoymercedes.com.ar\/principal\/wp-content\/uploads\/2014\/04\/Unidad5-Mercedes.jpg\" class=\"aligncenter size-full wp-image-31883\" alt=\"Unidad5-Mercedes\" src=\"https:\/\/www.hoymercedes.com.ar\/principal\/wp-content\/uploads\/2014\/04\/Unidad5-Mercedes.jpg\" width=\"620\" height=\"465\" data-id=\"31883\" \/><\/a><\/p>\n<p><strong>Defecan en bolsas y orinan en botellas. No hay camas. Agentes mandan a internos a lastimar a otros. Hacinamiento y violencia extrama. La Red de informaci\u00f3n de la Comisi\u00f3n por la Memoria de la Provincia de Buenos Aires dio a conocer un lapidario informe sobre las condiciones en la Unidad N\u00b05 de nuestra ciudad. La denuncia est\u00e1 en la Fiscal\u00eda N\u00b03. La Agencia Andar lo dio a conocer y public\u00f3 en su espacio digital de difusi\u00f3n. La\u00a0denuncia\u00a0es motorizada por el Comit\u00e9 contra la Tortura.\u00a0<\/strong><\/p>\n<p>A continuaci\u00f3n, el informe de prensa presentado:<\/p>\n<p style=\"padding-left: 30px;\"><strong>La gesti\u00f3n de la violencia como gobierno en las c\u00e1rceles bonaerenses<\/strong><\/p>\n<p style=\"padding-left: 30px;\">ANDAR en Mercedes<\/p>\n<p style=\"padding-left: 30px;\">(CPM) \u201cSi te gusta cortarte ac\u00e1 te doy un bistur\u00ed para que te cortes todo\u201d o \u201cte paramos el cami\u00f3n si le romp\u00e9s la panza a \u00e9ste\u201d son algunas de las frases que habr\u00eda dicho el jefe del penal de Mercedes a distintos detenidos, seg\u00fan consta en la denuncia que realizaron ante la fiscal\u00eda N\u00ba 3 de esa localidad. La presentaci\u00f3n se hizo luego de una inspecci\u00f3n que realiz\u00f3 la Comisi\u00f3n por la Memoria de la Provincia de Buenos Aires a la Unidad Penal 5, en la que constat\u00f3 el uso de violencia extrema por parte del Servicio Penitenciario Bonaerense. La CPM denunci\u00f3 tambi\u00e9n las p\u00e9simas condiciones en las que se encuentran las personas detenidas: hacinamiento, gran deterioro edilicio, falta de alimentaci\u00f3n y de atenci\u00f3n m\u00e9dica.<\/p>\n<p style=\"padding-left: 30px;\">Durante el monitoreo, el equipo del Comit\u00e9 contra la Tortura (CCT) de la CPM solicit\u00f3 la presencia del fiscal en turno y del defensor general a fin de lograr el traslado y garantizar la integridad f\u00edsica de los detenidos denunciantes. De acuerdo a lo expresado en la presentaci\u00f3n judicial, los agentes penitenciarios han llegado incluso a plantear a un detenido que lastime a otro a cambio de evitar un traslado a penales m\u00e1s lejanos. La CPM considera que estas situaciones dan cuenta de c\u00f3mo el SPB gobierna las c\u00e1rceles mediante la generaci\u00f3n de violencia y la instigaci\u00f3n a cometer delitos.<\/p>\n<p style=\"padding-left: 30px;\">De la inspecci\u00f3n surgieron 115 acciones judiciales urgentes, un h\u00e1beas corpus colectivo solicitando la clausura definitiva del pabell\u00f3n de guardia armada y de otros 3 pabellones, y varias medidas para que se termine con la grav\u00edsima vulneraci\u00f3n de derechos de las personas detenidas.<\/p>\n<p style=\"padding-left: 30px;\">\u201cConstatamos una vez m\u00e1s el funcionamiento de toda una maquinaria que imprime dolor a los cuerpos y a las mentes, una maquinaria propia de las descripciones de Kafka que no tiene nada de ficci\u00f3n\u201d, consideraron desde el equipo de inspecciones.<\/p>\n<p style=\"padding-left: 30px;\">Hacinamiento extremo y p\u00e9simas condiciones edilicias<\/p>\n<p style=\"padding-left: 30px;\">De acuerdo a los resultados del monitoreo, las condiciones materiales de los pabellones inspeccionados son de extrema precariedad: cables pelados colgando por las paredes de las celdas, no hay camas ni colchones suficientes para los detenidos y tampoco cuentan con ba\u00f1o.<\/p>\n<p style=\"padding-left: 30px;\">La falta de ba\u00f1os en las celdas obliga a las personas all\u00ed alojadas a orinar en botellas y defecar en bolsas, o esperar la media hora que tienen al d\u00eda para salir de la celda. En la mayor\u00eda de los casos para deshacerse de las botellas y bolsas las sacan al pasillo o vac\u00edan en el ba\u00f1o cuando abren las celdas, lo que sucede una sola vez por d\u00eda.<\/p>\n<p style=\"padding-left: 30px;\">Se constat\u00f3 un grave hacinamiento en toda la unidad. Al momento de la inspecci\u00f3n hab\u00eda un total de 830 personas cuando la capacidad del penal, seg\u00fan el mismo SPB, es de 650 plazas. El cupo real con el cual fue inaugurada la unidad era de 350 personas, n\u00famero que fue modificado posteriormente cuando a\u00f1adieron un camastro met\u00e1lico en cada una de las celdas. Esta situaci\u00f3n vulnera notoriamente los est\u00e1ndares internacionales establecidos en 7 metros por persona.<\/p>\n<p style=\"padding-left: 30px;\">Adem\u00e1s en un espacio denominado guardia armada, inadecuado para el alojamiento de personas, ubicado por fuera de los muros y cercano al lugar donde se guardan las armas, el SPB tambi\u00e9n aloja personas en condiciones aberrantes y durante tiempos prolongados. Esas celdas no cuentan con luz natural ni artificial, ventilaci\u00f3n, agua, ni calefacci\u00f3n.<\/p>\n<p>&nbsp;<\/p>\n","protected":false},"excerpt":{"rendered":"<p>Defecan en bolsas y orinan en botellas. No hay camas. Agentes mandan a internos a lastimar a otros. Hacinamiento y &#8230; <a title=\"Denuncian p\u00e9simas condiciones humanas y violencia en Unidad N\u00b0 5 de Mercedes\" class=\"read-more\" href=\"https:\/\/www.hoymercedes.com.ar\/principal\/2014\/04\/16\/denuncian-pesimas-condiciones-humanas-y-violencia-en-unidad-n-5-de-mercedes\/\" aria-label=\"Leer m\u00e1s sobre Denuncian p\u00e9simas condiciones humanas y violencia en Unidad N\u00b0 5 de Mercedes\">Leer m\u00e1s<\/a><\/p>\n","protected":false},"author":1,"featured_media":0,"comment_status":"open","ping_status":"open","sticky":false,"template":"","format":"standard","meta":{"_monsterinsights_skip_tracking":false,"_monsterinsights_sitenote_active":false,"_monsterinsights_sitenote_note":"","_monsterinsights_sitenote_category":0,"jetpack_post_was_ever_published":false,"_jetpack_newsletter_access":"","_jetpack_dont_email_post_to_subs":false,"_jetpack_newsletter_tier_id":0,"_jetpack_memberships_contains_paywalled_content":false,"_jetpack_memberships_contains_paid_content":false,"footnotes":"","jetpack_publicize_message":"","jetpack_publicize_feature_enabled":true,"jetpack_social_post_already_shared":false,"jetpack_social_options":{"image_generator_settings":{"template":"highway","default_image_id":0,"font":"","enabled":false},"version":2},"_wpas_customize_per_network":false},"categories":[8],"tags":[5027,5028,5029,5026,113,5025],"class_list":["post-31881","post","type-post","status-publish","format-standard","hentry","category-sociedad","tag-andar","tag-comision-provincial-por-la-memoria","tag-comite-contra-la-tortura","tag-tortura-unidad-5","tag-unidad-5","tag-violencia-unidad-5","generate-columns","tablet-grid-50","mobile-grid-100","grid-parent","grid-50"],"jetpack_publicize_connections":[],"jetpack_featured_media_url":"","wps_subtitle":"Derechos Humanos y violencia institucional ","jetpack_sharing_enabled":true,"_links":{"self":[{"href":"https:\/\/www.hoymercedes.com.ar\/principal\/wp-json\/wp\/v2\/posts\/31881","targetHints":{"allow":["GET"]}}],"collection":[{"href":"https:\/\/www.hoymercedes.com.ar\/principal\/wp-json\/wp\/v2\/posts"}],"about":[{"href":"https:\/\/www.hoymercedes.com.ar\/principal\/wp-json\/wp\/v2\/types\/post"}],"author":[{"embeddable":true,"href":"https:\/\/www.hoymercedes.com.ar\/principal\/wp-json\/wp\/v2\/users\/1"}],"replies":[{"embeddable":true,"href":"https:\/\/www.hoymercedes.com.ar\/principal\/wp-json\/wp\/v2\/comments?post=31881"}],"version-history":[{"count":0,"href":"https:\/\/www.hoymercedes.com.ar\/principal\/wp-json\/wp\/v2\/posts\/31881\/revisions"}],"wp:attachment":[{"href":"https:\/\/www.hoymercedes.com.ar\/principal\/wp-json\/wp\/v2\/media?parent=31881"}],"wp:term":[{"taxonomy":"category","embeddable":true,"href":"https:\/\/www.hoymercedes.com.ar\/principal\/wp-json\/wp\/v2\/categories?post=31881"},{"taxonomy":"post_tag","embeddable":true,"href":"https:\/\/www.hoymercedes.com.ar\/principal\/wp-json\/wp\/v2\/tags?post=31881"}],"curies":[{"name":"wp","href":"https:\/\/api.w.org\/{rel}","templated":true}]}}