{"id":31931,"date":"2014-04-18T03:35:26","date_gmt":"2014-04-18T03:35:26","guid":{"rendered":"http:\/\/www.hoymercedes.com.ar\/principal\/?p=31931"},"modified":"2014-04-18T04:41:19","modified_gmt":"2014-04-18T04:41:19","slug":"el-llanto-internacional-por-un-tipo-magico","status":"publish","type":"post","link":"https:\/\/www.hoymercedes.com.ar\/principal\/2014\/04\/18\/el-llanto-internacional-por-un-tipo-magico\/","title":{"rendered":"El llanto internacional por un tipo m\u00e1gico"},"content":{"rendered":"<p><a href=\"https:\/\/www.hoymercedes.com.ar\/principal\/wp-content\/uploads\/2014\/04\/GabrielGarc\u00edaM\u00e1rquez.jpg\"><img loading=\"lazy\" decoding=\"async\" data-attachment-id=\"31933\" data-permalink=\"https:\/\/www.hoymercedes.com.ar\/principal\/2014\/04\/18\/el-llanto-internacional-por-un-tipo-magico\/gabrielgarciamarquez\/#main\" data-orig-file=\"https:\/\/www.hoymercedes.com.ar\/principal\/wp-content\/uploads\/2014\/04\/GabrielGarc\u00edaM\u00e1rquez.jpg\" data-orig-size=\"620,414\" data-comments-opened=\"1\" data-image-meta=\"{&quot;aperture&quot;:&quot;0&quot;,&quot;credit&quot;:&quot;&quot;,&quot;camera&quot;:&quot;&quot;,&quot;caption&quot;:&quot;&quot;,&quot;created_timestamp&quot;:&quot;0&quot;,&quot;copyright&quot;:&quot;&quot;,&quot;focal_length&quot;:&quot;0&quot;,&quot;iso&quot;:&quot;0&quot;,&quot;shutter_speed&quot;:&quot;0&quot;,&quot;title&quot;:&quot;&quot;}\" data-image-title=\"GabrielGarc\u00edaM\u00e1rquez\" data-image-description=\"\" data-image-caption=\"\" data-large-file=\"https:\/\/www.hoymercedes.com.ar\/principal\/wp-content\/uploads\/2014\/04\/GabrielGarc\u00edaM\u00e1rquez.jpg\" class=\"aligncenter size-full wp-image-31933\" src=\"https:\/\/www.hoymercedes.com.ar\/principal\/wp-content\/uploads\/2014\/04\/GabrielGarc\u00edaM\u00e1rquez.jpg\" alt=\"GabrielGarc\u00edaM\u00e1rquez\" width=\"620\" height=\"414\" data-id=\"31933\" \/><\/a><\/p>\n<p><strong>Por Luciano Demergasso \/\/<\/strong><\/p>\n<p>Un hombre que sali\u00f3 de la pobreza m\u00e1s extrema logr\u00f3 embellecer las almas de miles de millones de personas. Un Ser que en su infancia debi\u00f3 pedir un gato prestado para espantar los ratones que no lo dejaban dormir o que se negaba a pagar a una mujer por una noche de amor ya que sosten\u00eda el placer era mutuo, por lo tanto, los costos repartidos. Su brillantez lo hizo destacar a cada paso. Respetado por sus colegas en los diarios en que trabaj\u00f3 y admirado por otros autores cuando sus libros eran bets seller \u201cnaturales\u201d. Se relacion\u00f3 con las m\u00e1s altas figuras del mundo, desde grandes escritores como nuestro Cort\u00e1zar a pol\u00edticos como Bill Clinton y Fidel Castro. Fue un diplom\u00e1tico sin cargo. Manej\u00f3 informaci\u00f3n de inteligencia internacional como cuando interced\u00eda entre Cuba y los Estados Unidos o entre Colombia y Venezuela.<\/p>\n<p>Sus obras se tradujeron a casi todos los idiomas. En 1982 fue desde Latinoam\u00e9rica un premio nobel l\u00facido, sagaz y comprometido. Siempre tom\u00f3 posici\u00f3n pol\u00edtica. No le temblaba el pulso para opinar, criticar o apoyar. Hace ya varios a\u00f1os hab\u00eda dejado de escribir. Siempre desde una mirada latinoamericanista conmovedora, comprendiendo que el hombre es universal y que \u201cnada humano me es ajeno\u201d. Cien a\u00f1os de Soledad, El Amor en los tiempos del C\u00f3lera, El oto\u00f1o del patriarca cambiaron muchas formas de leer literatura. Influenci\u00f3. Conmovi\u00f3. Nos llen\u00f3 de horas felices. Nos hizo tener sed y salir a constatar que nuestras canillas dieran agua al leer \u201cRelato de un n\u00e1ufrago\u201d. Nos hizo sentir las ganas de correr y avisarle a Santiago Nassar que ven\u00edan por \u00e9l para vengar el honor de \u00c1ngela Vicario. Nos convenci\u00f3 de que el amor eterno es viable aun estando con m\u00e1s de 600 mujeres, como lo estuvo Florentino Ariza y que las abuelas son un faro matriarcal en las vidas de los pueblos, las verdaderas gu\u00edas de las estirpes.<\/p>\n<p>La magia no era una creaci\u00f3n metaf\u00edsica. Nos describi\u00f3 en \u201cVivir para contarla\u201d c\u00f3mo los fantasmas de las historias de su abuela en Aracataca le dieron miles de p\u00e1ginas de escritura y como el realismo m\u00e1gico es m\u00e1gico porque fue real. Fue la magia material que en la Colombia de principios del siglo XX a\u00fan se viv\u00eda. Nos dej\u00f3 en claro de qu\u00e9 lado de la vida estaba. Bast\u00f3 un peque\u00f1o relato de la United Fuits para entender que \u00e9l siempre estar\u00eda del lado correcto, del hombre, del trabajador explotado, como lo estuvo con Cuba, con la paz en Am\u00e9rica, contra las drogas, en favor del cine, del periodismo y de la distribuci\u00f3n cultural.<\/p>\n<p>Sus personajes nos influenciaron. Su letra nos influenci\u00f3. Mi hijo Aureliano se llama as\u00ed porque \u201cCien A\u00f1os de Soledad\u201d empieza narrando la historia de un hombre justo, valiente y humano llamado Aureliano Buend\u00eda. No fuimos los \u00fanicos. Miles de padres alrededor del mundo llamaron a sus hijos Fermina, Santiago, Florentino, Aureliano, gracias a su hechizo.<\/p>\n<p>Que se muera la muerte, como dijo otro hombre creativo. Hombres como Gabriel Garc\u00eda M\u00e1rquez, que dieron tanto por la cultura y, m\u00e1s importante, para la vida del hombre libre a nivel planetario, no deber\u00edan irse nunca. Cierto es que nos dej\u00f3 una vast\u00edsima y rica obra, pero, no nos alcanza. Los Gabo M\u00e1rquez deber\u00edan ser inmortales.<\/p>\n","protected":false},"excerpt":{"rendered":"<p>Por Luciano Demergasso \/\/ Un hombre que sali\u00f3 de la pobreza m\u00e1s extrema logr\u00f3 embellecer las almas de miles de &#8230; <a title=\"El llanto internacional por un tipo m\u00e1gico\" class=\"read-more\" href=\"https:\/\/www.hoymercedes.com.ar\/principal\/2014\/04\/18\/el-llanto-internacional-por-un-tipo-magico\/\" aria-label=\"Leer m\u00e1s sobre El llanto internacional por un tipo m\u00e1gico\">Leer m\u00e1s<\/a><\/p>\n","protected":false},"author":1,"featured_media":0,"comment_status":"open","ping_status":"open","sticky":false,"template":"","format":"standard","meta":{"_monsterinsights_skip_tracking":false,"_monsterinsights_sitenote_active":false,"_monsterinsights_sitenote_note":"","_monsterinsights_sitenote_category":0,"jetpack_post_was_ever_published":false,"_jetpack_newsletter_access":"","_jetpack_dont_email_post_to_subs":false,"_jetpack_newsletter_tier_id":0,"_jetpack_memberships_contains_paywalled_content":false,"_jetpack_memberships_contains_paid_content":false,"footnotes":"","jetpack_publicize_message":"","jetpack_publicize_feature_enabled":true,"jetpack_social_post_already_shared":false,"jetpack_social_options":{"image_generator_settings":{"template":"highway","default_image_id":0,"font":"","enabled":false},"version":2},"_wpas_customize_per_network":false},"categories":[1],"tags":[5036],"class_list":["post-31931","post","type-post","status-publish","format-standard","hentry","category-opinion","tag-garcia-marquez","generate-columns","tablet-grid-50","mobile-grid-100","grid-parent","grid-50"],"jetpack_publicize_connections":[],"jetpack_featured_media_url":"","wps_subtitle":"Adi\u00f3s Gabo ","jetpack_sharing_enabled":true,"_links":{"self":[{"href":"https:\/\/www.hoymercedes.com.ar\/principal\/wp-json\/wp\/v2\/posts\/31931","targetHints":{"allow":["GET"]}}],"collection":[{"href":"https:\/\/www.hoymercedes.com.ar\/principal\/wp-json\/wp\/v2\/posts"}],"about":[{"href":"https:\/\/www.hoymercedes.com.ar\/principal\/wp-json\/wp\/v2\/types\/post"}],"author":[{"embeddable":true,"href":"https:\/\/www.hoymercedes.com.ar\/principal\/wp-json\/wp\/v2\/users\/1"}],"replies":[{"embeddable":true,"href":"https:\/\/www.hoymercedes.com.ar\/principal\/wp-json\/wp\/v2\/comments?post=31931"}],"version-history":[{"count":0,"href":"https:\/\/www.hoymercedes.com.ar\/principal\/wp-json\/wp\/v2\/posts\/31931\/revisions"}],"wp:attachment":[{"href":"https:\/\/www.hoymercedes.com.ar\/principal\/wp-json\/wp\/v2\/media?parent=31931"}],"wp:term":[{"taxonomy":"category","embeddable":true,"href":"https:\/\/www.hoymercedes.com.ar\/principal\/wp-json\/wp\/v2\/categories?post=31931"},{"taxonomy":"post_tag","embeddable":true,"href":"https:\/\/www.hoymercedes.com.ar\/principal\/wp-json\/wp\/v2\/tags?post=31931"}],"curies":[{"name":"wp","href":"https:\/\/api.w.org\/{rel}","templated":true}]}}