{"id":32002,"date":"2014-04-19T21:24:01","date_gmt":"2014-04-19T21:24:01","guid":{"rendered":"http:\/\/www.hoymercedes.com.ar\/principal\/?p=32002"},"modified":"2014-04-19T21:24:01","modified_gmt":"2014-04-19T21:24:01","slug":"de-pedro-impulsa-proyecto-para-armas-cero-y-destruccion-inmediata","status":"publish","type":"post","link":"https:\/\/www.hoymercedes.com.ar\/principal\/2014\/04\/19\/de-pedro-impulsa-proyecto-para-armas-cero-y-destruccion-inmediata\/","title":{"rendered":"De Pedro impulsa proyecto para \u201cArmas Cero\u201d y destrucci\u00f3n inmediata"},"content":{"rendered":"<figure id=\"attachment_32004\" aria-describedby=\"caption-attachment-32004\" style=\"width: 610px\" class=\"wp-caption aligncenter\"><a href=\"https:\/\/www.hoymercedes.com.ar\/principal\/wp-content\/uploads\/2014\/04\/wadodepedro.jpg\"><img loading=\"lazy\" decoding=\"async\" data-attachment-id=\"32004\" data-permalink=\"https:\/\/www.hoymercedes.com.ar\/principal\/2014\/04\/19\/de-pedro-impulsa-proyecto-para-armas-cero-y-destruccion-inmediata\/wadodepedro-6\/#main\" data-orig-file=\"https:\/\/www.hoymercedes.com.ar\/principal\/wp-content\/uploads\/2014\/04\/wadodepedro.jpg\" data-orig-size=\"620,335\" data-comments-opened=\"1\" data-image-meta=\"{&quot;aperture&quot;:&quot;0&quot;,&quot;credit&quot;:&quot;&quot;,&quot;camera&quot;:&quot;&quot;,&quot;caption&quot;:&quot;&quot;,&quot;created_timestamp&quot;:&quot;0&quot;,&quot;copyright&quot;:&quot;&quot;,&quot;focal_length&quot;:&quot;0&quot;,&quot;iso&quot;:&quot;0&quot;,&quot;shutter_speed&quot;:&quot;0&quot;,&quot;title&quot;:&quot;&quot;}\" data-image-title=\"wadodepedro\" data-image-description=\"\" data-image-caption=\"\" data-large-file=\"https:\/\/www.hoymercedes.com.ar\/principal\/wp-content\/uploads\/2014\/04\/wadodepedro.jpg\" class=\"wp-image-32004 size-full\" src=\"https:\/\/www.hoymercedes.com.ar\/principal\/wp-content\/uploads\/2014\/04\/wadodepedro.jpg\" alt=\"wadodepedro\" width=\"620\" height=\"335\" data-id=\"32004\" \/><\/a><figcaption id=\"caption-attachment-32004\" class=\"wp-caption-text\">Foto: Cr\u00e9dito Tel\u00e1m<\/figcaption><\/figure>\n<p><strong><em>El Diputado Nacional Eduardo \u201cWado\u201d de Pedro es el principal impulsor dentro del espacio pol\u00edtico que conforma de una nueva normativa que conduzca a una realidad enmarcada en \u201cArmas Cero\u201d. El proyecto ser\u00e1 presentado buscando modificar el c\u00f3digo penal con el objetivo de que se produzca una r\u00e1pida destrucci\u00f3n de armas de fuego secuestradas en procedimientos policiales. Se estima que entre 2005 y 2013 se secuestraron 160.000 armas y se destruyeron tan s\u00f3lo 40.000.<\/em><\/strong><\/p>\n<p>En casa ocasi\u00f3n que las fuerzas de seguridad efect\u00faan un operativo y del cual surge el secuestro de armas de fuego se genera un mecanismo de resguardo de las mismas. La idea es que esa guarda ser\u00e1 m\u00ednima en cuanto el tiempo previo a su destrucci\u00f3n, haya o no hab\u00eda sentencia judicial sobre la causa. De esta manera se crea un proceso de r\u00e1pida eliminaci\u00f3n de armas de fuego tratando de generar la m\u00e1s baja circulaci\u00f3n posible.<\/p>\n<p>El proyecto tiene el apoyo de amplios sectores de su bloque y se espera tambi\u00e9n de otras fuerzas que han visto con buenos ojos la iniciativa que en un plazo m\u00e1ximo de seis meses las armas secuestradas de operativos policiales y judiciales sean destruidas.<\/p>\n<p>Actualmente las armas pueden estar guardadas a\u00f1os antes de su destrucci\u00f3n porque deben esperar sentencia. De esta forma se elimina el riesgo que significa la acumulaci\u00f3n de elementos de suma peligrosidad. La propuesta es acompa\u00f1ada y elaborada en conjunto con el Registro Nacional de Armas de Fuego (Renar), dependiente del Ministerio de Justicia.<\/p>\n<p>Seg\u00fan datos suministrados por medios nacionales el c\u00e1lculo actual es que entre 2005 y 2013 se secuestraron 160.000 armas y se destruyeron tan s\u00f3lo 40.000 mostrando claramente la gran acumulaci\u00f3n de armas de fuego que hay con el riesgo que ello conlleva.<\/p>\n","protected":false},"excerpt":{"rendered":"<p>El Diputado Nacional Eduardo \u201cWado\u201d de Pedro es el principal impulsor dentro del espacio pol\u00edtico que conforma de una nueva &#8230; <a title=\"De Pedro impulsa proyecto para \u201cArmas Cero\u201d y destrucci\u00f3n inmediata\" class=\"read-more\" href=\"https:\/\/www.hoymercedes.com.ar\/principal\/2014\/04\/19\/de-pedro-impulsa-proyecto-para-armas-cero-y-destruccion-inmediata\/\" aria-label=\"Leer m\u00e1s sobre De Pedro impulsa proyecto para \u201cArmas Cero\u201d y destrucci\u00f3n inmediata\">Leer m\u00e1s<\/a><\/p>\n","protected":false},"author":1,"featured_media":0,"comment_status":"open","ping_status":"open","sticky":false,"template":"","format":"standard","meta":{"_monsterinsights_skip_tracking":false,"_monsterinsights_sitenote_active":false,"_monsterinsights_sitenote_note":"","_monsterinsights_sitenote_category":0,"jetpack_post_was_ever_published":false,"_jetpack_newsletter_access":"","_jetpack_dont_email_post_to_subs":false,"_jetpack_newsletter_tier_id":0,"_jetpack_memberships_contains_paywalled_content":false,"_jetpack_memberships_contains_paid_content":false,"footnotes":"","jetpack_publicize_message":"","jetpack_publicize_feature_enabled":true,"jetpack_social_post_already_shared":false,"jetpack_social_options":{"image_generator_settings":{"template":"highway","default_image_id":0,"font":"","enabled":false},"version":2},"_wpas_customize_per_network":false},"categories":[5],"tags":[5043,281],"class_list":["post-32002","post","type-post","status-publish","format-standard","hentry","category-politica","tag-armas-cero","tag-wado-de-pedro","generate-columns","tablet-grid-50","mobile-grid-100","grid-parent","grid-50"],"jetpack_publicize_connections":[],"jetpack_featured_media_url":"","wps_subtitle":"Pol\u00edtica Nacional","jetpack_sharing_enabled":true,"_links":{"self":[{"href":"https:\/\/www.hoymercedes.com.ar\/principal\/wp-json\/wp\/v2\/posts\/32002","targetHints":{"allow":["GET"]}}],"collection":[{"href":"https:\/\/www.hoymercedes.com.ar\/principal\/wp-json\/wp\/v2\/posts"}],"about":[{"href":"https:\/\/www.hoymercedes.com.ar\/principal\/wp-json\/wp\/v2\/types\/post"}],"author":[{"embeddable":true,"href":"https:\/\/www.hoymercedes.com.ar\/principal\/wp-json\/wp\/v2\/users\/1"}],"replies":[{"embeddable":true,"href":"https:\/\/www.hoymercedes.com.ar\/principal\/wp-json\/wp\/v2\/comments?post=32002"}],"version-history":[{"count":0,"href":"https:\/\/www.hoymercedes.com.ar\/principal\/wp-json\/wp\/v2\/posts\/32002\/revisions"}],"wp:attachment":[{"href":"https:\/\/www.hoymercedes.com.ar\/principal\/wp-json\/wp\/v2\/media?parent=32002"}],"wp:term":[{"taxonomy":"category","embeddable":true,"href":"https:\/\/www.hoymercedes.com.ar\/principal\/wp-json\/wp\/v2\/categories?post=32002"},{"taxonomy":"post_tag","embeddable":true,"href":"https:\/\/www.hoymercedes.com.ar\/principal\/wp-json\/wp\/v2\/tags?post=32002"}],"curies":[{"name":"wp","href":"https:\/\/api.w.org\/{rel}","templated":true}]}}