{"id":32012,"date":"2014-04-21T01:57:36","date_gmt":"2014-04-21T01:57:36","guid":{"rendered":"http:\/\/www.hoymercedes.com.ar\/principal\/?p=32012"},"modified":"2014-04-21T01:57:36","modified_gmt":"2014-04-21T01:57:36","slug":"justicia-local-detiene-ex-comisario-y-desbarata-venta-de-drogas-en-chivilcoy","status":"publish","type":"post","link":"https:\/\/www.hoymercedes.com.ar\/principal\/2014\/04\/21\/justicia-local-detiene-ex-comisario-y-desbarata-venta-de-drogas-en-chivilcoy\/","title":{"rendered":"Justicia local detiene ex comisario y desbarata venta de drogas en Chivilcoy"},"content":{"rendered":"<p><a href=\"https:\/\/www.hoymercedes.com.ar\/principal\/wp-content\/uploads\/2014\/04\/russo-chivilcoy.jpg\"><img loading=\"lazy\" decoding=\"async\" data-attachment-id=\"32014\" data-permalink=\"https:\/\/www.hoymercedes.com.ar\/principal\/2014\/04\/21\/justicia-local-detiene-ex-comisario-y-desbarata-venta-de-drogas-en-chivilcoy\/russo-chivilcoy\/#main\" data-orig-file=\"https:\/\/www.hoymercedes.com.ar\/principal\/wp-content\/uploads\/2014\/04\/russo-chivilcoy.jpg\" data-orig-size=\"469,352\" data-comments-opened=\"1\" data-image-meta=\"{&quot;aperture&quot;:&quot;0&quot;,&quot;credit&quot;:&quot;&quot;,&quot;camera&quot;:&quot;&quot;,&quot;caption&quot;:&quot;&quot;,&quot;created_timestamp&quot;:&quot;0&quot;,&quot;copyright&quot;:&quot;&quot;,&quot;focal_length&quot;:&quot;0&quot;,&quot;iso&quot;:&quot;0&quot;,&quot;shutter_speed&quot;:&quot;0&quot;,&quot;title&quot;:&quot;&quot;}\" data-image-title=\"russo-chivilcoy\" data-image-description=\"\" data-image-caption=\"\" data-large-file=\"https:\/\/www.hoymercedes.com.ar\/principal\/wp-content\/uploads\/2014\/04\/russo-chivilcoy.jpg\" class=\"aligncenter size-full wp-image-32014\" src=\"https:\/\/www.hoymercedes.com.ar\/principal\/wp-content\/uploads\/2014\/04\/russo-chivilcoy.jpg\" alt=\"russo-chivilcoy\" width=\"469\" height=\"352\" \/><\/a><\/p>\n<p><em><strong>La justicia local llev\u00f3 a cabo una extensa investigaci\u00f3n que determin\u00f3 la detenci\u00f3n de varias personas siendo \u00e9ste fin de semana detenido Lorenzo Russo qui\u00e9n se encontraba pr\u00f3fugo y era sindicado como cabecilla de una banda dedicada a vender drogas. El Fiscal Dr. Pedro Illanes de la Fiscal\u00eda N\u00ba 3 del Departamento Judicial de Mercedes tuvo a cargo el proceso. Tenia domicilio en Carmen de Areco y era un ex Sub Comisario exonerado de la fuerza.\u00a0<\/strong><\/em><\/p>\n<p>Tras una investigaci\u00f3n que llev\u00f3 varios meses y diversas detenciones se detuvo en Chacabuco a qui\u00e9n ten\u00eda pedido de captura del Juzgado de Garant\u00eda N\u00ba3 de Mercedes.<\/p>\n<p>Tiempo atr\u00e1s ya hab\u00edan realizado detenciones. Continuaron investigando y \u00e9ste fin de semana se realiz\u00f3 un importante operativo.<\/p>\n<p>El personal de la Divisi\u00f3n Narcotr\u00e1fico de Mercedes con asiento en Moreno junto a la delegaci\u00f3n Chivilcoy y la Subestaci\u00f3n Norte efectuaron un procedimiento importante en la localidad de Chivilcoy donde realizaron detenciones por drogas. Ya en diciembre de 2013 apresaron a un hombre detenido en la comisaria de Mercedes actualmente, de apellido Eliceiri. En el mismo marco investigativo detuvieron, en Chacabuco, a Lorenzo Russo de 61 a\u00f1os de edad con pedido de captura por el Juzgado de Garant\u00edas N\u00b03 de nuestra ciudad.<\/p>\n<p>El procedimiento se realiz\u00f3 en la madrugada del s\u00e1bado. Los allanamientos fueron varios en distintas viviendas obteni\u00e9ndose diferentes cantidades de marihuana y coca\u00edna. Se detuvo a varias personas. Entre ellas a una joven de 27 a\u00f1os de edad de apellido Torres. Se especula podr\u00e1n concretarse m\u00e1s allanamientos en el futuro.<\/p>\n<p>La actividad de inteligencia e investigaci\u00f3n permiti\u00f3 detener a Lorenzo Russo, alias \u201cEl gordo\u201d. Fue detenido en la v\u00eda p\u00fablica sin oponer resistencia. Era a quien identifican como cabecilla de la banda que vend\u00eda sustancias prohibidas especialmente en Chivilcoy.<\/p>\n<p>La causa est\u00e1 instruida por la UFI N\u00b03 del Departamento Judicial Mercedes.<\/p>\n","protected":false},"excerpt":{"rendered":"<p>La justicia local llev\u00f3 a cabo una extensa investigaci\u00f3n que determin\u00f3 la detenci\u00f3n de varias personas siendo \u00e9ste fin de &#8230; <a title=\"Justicia local detiene ex comisario y desbarata venta de drogas en Chivilcoy\" class=\"read-more\" href=\"https:\/\/www.hoymercedes.com.ar\/principal\/2014\/04\/21\/justicia-local-detiene-ex-comisario-y-desbarata-venta-de-drogas-en-chivilcoy\/\" aria-label=\"Leer m\u00e1s sobre Justicia local detiene ex comisario y desbarata venta de drogas en Chivilcoy\">Leer m\u00e1s<\/a><\/p>\n","protected":false},"author":1,"featured_media":0,"comment_status":"open","ping_status":"open","sticky":false,"template":"","format":"standard","meta":{"_monsterinsights_skip_tracking":false,"_monsterinsights_sitenote_active":false,"_monsterinsights_sitenote_note":"","_monsterinsights_sitenote_category":0,"jetpack_post_was_ever_published":false,"_jetpack_newsletter_access":"","_jetpack_dont_email_post_to_subs":false,"_jetpack_newsletter_tier_id":0,"_jetpack_memberships_contains_paywalled_content":false,"_jetpack_memberships_contains_paid_content":false,"footnotes":"","jetpack_publicize_message":"","jetpack_publicize_feature_enabled":true,"jetpack_social_post_already_shared":false,"jetpack_social_options":{"image_generator_settings":{"template":"highway","default_image_id":0,"font":"","enabled":false},"version":2},"_wpas_customize_per_network":false},"categories":[85],"tags":[677],"class_list":["post-32012","post","type-post","status-publish","format-standard","hentry","category-policial","tag-justicia-mercedes","generate-columns","tablet-grid-50","mobile-grid-100","grid-parent","grid-50"],"jetpack_publicize_connections":[],"jetpack_featured_media_url":"","wps_subtitle":"Tras una larga investigaci\u00f3n ","jetpack_sharing_enabled":true,"_links":{"self":[{"href":"https:\/\/www.hoymercedes.com.ar\/principal\/wp-json\/wp\/v2\/posts\/32012","targetHints":{"allow":["GET"]}}],"collection":[{"href":"https:\/\/www.hoymercedes.com.ar\/principal\/wp-json\/wp\/v2\/posts"}],"about":[{"href":"https:\/\/www.hoymercedes.com.ar\/principal\/wp-json\/wp\/v2\/types\/post"}],"author":[{"embeddable":true,"href":"https:\/\/www.hoymercedes.com.ar\/principal\/wp-json\/wp\/v2\/users\/1"}],"replies":[{"embeddable":true,"href":"https:\/\/www.hoymercedes.com.ar\/principal\/wp-json\/wp\/v2\/comments?post=32012"}],"version-history":[{"count":0,"href":"https:\/\/www.hoymercedes.com.ar\/principal\/wp-json\/wp\/v2\/posts\/32012\/revisions"}],"wp:attachment":[{"href":"https:\/\/www.hoymercedes.com.ar\/principal\/wp-json\/wp\/v2\/media?parent=32012"}],"wp:term":[{"taxonomy":"category","embeddable":true,"href":"https:\/\/www.hoymercedes.com.ar\/principal\/wp-json\/wp\/v2\/categories?post=32012"},{"taxonomy":"post_tag","embeddable":true,"href":"https:\/\/www.hoymercedes.com.ar\/principal\/wp-json\/wp\/v2\/tags?post=32012"}],"curies":[{"name":"wp","href":"https:\/\/api.w.org\/{rel}","templated":true}]}}