{"id":32017,"date":"2014-04-21T02:14:27","date_gmt":"2014-04-21T02:14:27","guid":{"rendered":"http:\/\/www.hoymercedes.com.ar\/principal\/?p=32017"},"modified":"2014-04-21T02:14:27","modified_gmt":"2014-04-21T02:14:27","slug":"actividades-descentralizadas-de-organismos-estatales-en-mercedes","status":"publish","type":"post","link":"https:\/\/www.hoymercedes.com.ar\/principal\/2014\/04\/21\/actividades-descentralizadas-de-organismos-estatales-en-mercedes\/","title":{"rendered":"Actividades descentralizadas de organismos estatales en Mercedes"},"content":{"rendered":"<p><em><strong>Los organismos nacionales y provinciales que tienen sede en Mercedes comenzar\u00e1n a desarrollar una tarea de descentralizaci\u00f3n para \u201cllegar a los barrios y darles soluciones m\u00e1s r\u00e1pidos a los vecinos de cada rinc\u00f3n de nuestra ciudad\u201d, explic\u00f3 Juan Ignacio Ustarroz, presidente del bloque de ediles del Frente Mercedino para la Victoria e impulsor de la iniciativa.<\/strong><\/em><br \/>\n\u201cLo que queremos es estar cerca de los vecinos a trav\u00e9s de todos los organismos del Estado nacional y provincial que tienen oficinas aqu\u00ed -ampli\u00f3 Juani-, evitarles tener que desplazarse hasta la sede porque a veces se les complica, y facilitarles el acceso a las herramientas con las que cuentan. Por eso vamos a ir a los barrios de Mercedes\u201d.<br \/>\nLos organismos que participar\u00e1n de este proyecto de descentralizaci\u00f3n son la ANSES (a trav\u00e9s del Programa Integradores), el PAMI, el Centro de Acceso a la Justicia (CAJ, Ministerio de Justicia) y la Defensor\u00eda del Pueblo de la Provincia de Buenos Aires, que ya viene llevando adelante una experiencia propia en el hospital Blas L. Dubarry.<br \/>\nEl proyecto se denomina \u201cEstado eficiente, cerca de la gente\u201d y, lo dicho, nace a partir de una inquietud de Ustarroz para brindar cada d\u00eda una atenci\u00f3n m\u00e1s \u00e1gil y eficiente de cada una de las dependencias y de articular con el municipio para optimizar los recursos de todos.<br \/>\nEn principio, el cronograma establece cuatro barrios fijos y un programa itinerante cada 15 d\u00edas.<br \/>\nLunes: barrio Hip\u00f3lito Irigoyen, Centro Comunitario N\u00e9stor Kirchner 14 entre 53 y 55), de 8.30 a 12.30.<br \/>\nMartes: Pampa Chica, Centro Comunitario Los Pampitas (28 entre 61 y 63), de 8.30 a 12.30.<br \/>\nMi\u00e9rcoles: San Mart\u00edn (lugar a confirmar), de 8.30 a 12.30.<br \/>\nJueves: Gowland, Puesto M\u00f3vil del Centro de Acceso a la Justicia, junto a la estaci\u00f3n de ferrocarril, de 8.30 a 12.30.<\/p>\n<p><span style=\"color: #808080;\">Fuente: FrenteMercedino<\/span><\/p>\n","protected":false},"excerpt":{"rendered":"<p>Los organismos nacionales y provinciales que tienen sede en Mercedes comenzar\u00e1n a desarrollar una tarea de descentralizaci\u00f3n para \u201cllegar a &#8230; <a title=\"Actividades descentralizadas de organismos estatales en Mercedes\" class=\"read-more\" href=\"https:\/\/www.hoymercedes.com.ar\/principal\/2014\/04\/21\/actividades-descentralizadas-de-organismos-estatales-en-mercedes\/\" aria-label=\"Leer m\u00e1s sobre Actividades descentralizadas de organismos estatales en Mercedes\">Leer m\u00e1s<\/a><\/p>\n","protected":false},"author":1,"featured_media":0,"comment_status":"open","ping_status":"open","sticky":false,"template":"","format":"standard","meta":{"_monsterinsights_skip_tracking":false,"_monsterinsights_sitenote_active":false,"_monsterinsights_sitenote_note":"","_monsterinsights_sitenote_category":0,"jetpack_post_was_ever_published":false,"_jetpack_newsletter_access":"","_jetpack_dont_email_post_to_subs":false,"_jetpack_newsletter_tier_id":0,"_jetpack_memberships_contains_paywalled_content":false,"_jetpack_memberships_contains_paid_content":false,"footnotes":"","jetpack_publicize_message":"","jetpack_publicize_feature_enabled":true,"jetpack_social_post_already_shared":false,"jetpack_social_options":{"image_generator_settings":{"template":"highway","default_image_id":0,"font":"","enabled":false},"version":2},"_wpas_customize_per_network":false},"categories":[5],"tags":[1007],"class_list":["post-32017","post","type-post","status-publish","format-standard","hentry","category-politica","tag-frente-mercedino","generate-columns","tablet-grid-50","mobile-grid-100","grid-parent","grid-50"],"jetpack_publicize_connections":[],"jetpack_featured_media_url":"","wps_subtitle":"Ir\u00e1n a los barrios ","jetpack_sharing_enabled":true,"_links":{"self":[{"href":"https:\/\/www.hoymercedes.com.ar\/principal\/wp-json\/wp\/v2\/posts\/32017","targetHints":{"allow":["GET"]}}],"collection":[{"href":"https:\/\/www.hoymercedes.com.ar\/principal\/wp-json\/wp\/v2\/posts"}],"about":[{"href":"https:\/\/www.hoymercedes.com.ar\/principal\/wp-json\/wp\/v2\/types\/post"}],"author":[{"embeddable":true,"href":"https:\/\/www.hoymercedes.com.ar\/principal\/wp-json\/wp\/v2\/users\/1"}],"replies":[{"embeddable":true,"href":"https:\/\/www.hoymercedes.com.ar\/principal\/wp-json\/wp\/v2\/comments?post=32017"}],"version-history":[{"count":0,"href":"https:\/\/www.hoymercedes.com.ar\/principal\/wp-json\/wp\/v2\/posts\/32017\/revisions"}],"wp:attachment":[{"href":"https:\/\/www.hoymercedes.com.ar\/principal\/wp-json\/wp\/v2\/media?parent=32017"}],"wp:term":[{"taxonomy":"category","embeddable":true,"href":"https:\/\/www.hoymercedes.com.ar\/principal\/wp-json\/wp\/v2\/categories?post=32017"},{"taxonomy":"post_tag","embeddable":true,"href":"https:\/\/www.hoymercedes.com.ar\/principal\/wp-json\/wp\/v2\/tags?post=32017"}],"curies":[{"name":"wp","href":"https:\/\/api.w.org\/{rel}","templated":true}]}}