{"id":32048,"date":"2014-04-22T01:13:05","date_gmt":"2014-04-22T01:13:05","guid":{"rendered":"http:\/\/www.hoymercedes.com.ar\/principal\/?p=32048"},"modified":"2014-04-22T01:13:05","modified_gmt":"2014-04-22T01:13:05","slug":"alberto-espana-se-reunio-con-titular-de-ips-y-analizo-realidad-mercedina","status":"publish","type":"post","link":"https:\/\/www.hoymercedes.com.ar\/principal\/2014\/04\/22\/alberto-espana-se-reunio-con-titular-de-ips-y-analizo-realidad-mercedina\/","title":{"rendered":"Alberto Espa\u00f1a se reuni\u00f3 con titular de IPS y analiz\u00f3 realidad mercedina"},"content":{"rendered":"<p><a href=\"https:\/\/www.hoymercedes.com.ar\/principal\/wp-content\/uploads\/2014\/04\/espa\u00f1a-ips.jpg\"><img loading=\"lazy\" decoding=\"async\" data-attachment-id=\"32050\" data-permalink=\"https:\/\/www.hoymercedes.com.ar\/principal\/2014\/04\/22\/alberto-espana-se-reunio-con-titular-de-ips-y-analizo-realidad-mercedina\/espana-ips\/#main\" data-orig-file=\"https:\/\/www.hoymercedes.com.ar\/principal\/wp-content\/uploads\/2014\/04\/espa\u00f1a-ips.jpg\" data-orig-size=\"620,412\" data-comments-opened=\"1\" data-image-meta=\"{&quot;aperture&quot;:&quot;0&quot;,&quot;credit&quot;:&quot;&quot;,&quot;camera&quot;:&quot;&quot;,&quot;caption&quot;:&quot;&quot;,&quot;created_timestamp&quot;:&quot;0&quot;,&quot;copyright&quot;:&quot;&quot;,&quot;focal_length&quot;:&quot;0&quot;,&quot;iso&quot;:&quot;0&quot;,&quot;shutter_speed&quot;:&quot;0&quot;,&quot;title&quot;:&quot;&quot;}\" data-image-title=\"espa\u00f1a-ips\" data-image-description=\"\" data-image-caption=\"\" data-large-file=\"https:\/\/www.hoymercedes.com.ar\/principal\/wp-content\/uploads\/2014\/04\/espa\u00f1a-ips.jpg\" class=\"aligncenter size-full wp-image-32050\" src=\"https:\/\/www.hoymercedes.com.ar\/principal\/wp-content\/uploads\/2014\/04\/espa\u00f1a-ips.jpg\" alt=\"espa\u00f1a-ips\" width=\"620\" height=\"412\" \/><\/a><\/p>\n<p><em><strong>El diputado provincial mercedino Alberto Espa\u00f1a se reuni\u00f3 con el presidente del Instituto de Previsi\u00f3n Social bonaerense, Mariano Cascallares, con quien analiz\u00f3 distintos proyectos para los vecinos de la ciudad que cobran su jubilaci\u00f3n a trav\u00e9s del organismo.<\/strong><\/em><\/p>\n<p>\u201cSabemos que en Mercedes hay muchos vecinos jubilados o pensionados a trav\u00e9s del IPS y, m\u00e1s all\u00e1 de la existencia de la delegaci\u00f3n municipal, advertimos la necesidad de tener m\u00e1s y mejores herramientas para su atenci\u00f3n, y eso es lo que fui a hablar en el encuentro con Cascallares, con quien tengo una excelente relaci\u00f3n y muy fluida\u201d, explic\u00f3 Espa\u00f1a.<\/p>\n<p>\u201cEn nuestra ciudad tenemos dos experiencias muy exitosas, que son la apertura de una delegaci\u00f3n m\u00e1s amplia y regional de la ANSES, y tambi\u00e9n la completa revalorizaci\u00f3n que se hizo de las oficinas mercedinas del PAMI. Los resultados, en ambos casos, han sido m\u00e1s que satisfactorios y pusieron en evidencia la necesidad de estar cada vez m\u00e1s cerca de la gente. Desde la funci\u00f3n p\u00fablica el objetivo es siempre facilitarles la vida a los vecinos y no lo contrario, que a veces pasa\u201d, agreg\u00f3 el legislador provincial.<\/p>\n<p>Entre los proyectos mencionados en la reuni\u00f3n, est\u00e1 la posibilidad de abrir una delegaci\u00f3n del IPS en Mercedes, entre los llamados CAP\u2019s (Centros de Atenci\u00f3n Previsional). El IPS cuenta hasta aqu\u00ed con m\u00e1s de 60 oficinas de este estilo, entre ellas (y en las que son las m\u00e1s cercanas a nuestra ciudad) en Chivilcoy, San Antonio de Areco y General Rodr\u00edguez.<\/p>\n<p>\u201cPor ahora es una idea inicial que ya est\u00e1 en proceso de an\u00e1lisis, pero tambi\u00e9n existen otras herramientas de articulaci\u00f3n para resolver algunas inquietudes de los vecinos que son jubilados o pensionados del IPS \u2013explic\u00f3 Espa\u00f1a-. Lo que hablamos siempre con \u2018Juani\u2019 (Ustarroz, presidente del bloque de concejales del Frente Mercedino para la Victoria) es de la necesidad de profundizar en el conocimiento de estas herramientas, programas y proyectos que tiene la provincia de Buenos Aires para darle a la gente calidad de vida\u201d.<\/p>\n<p>Esta reuni\u00f3n con Cascallares se suma a otra reciente que Espa\u00f1a mantuvo con el gobernador, Daniel Scioli; el ministro de Infraestructura bonaerense, Alejandro Arl\u00eda; y el director de la Autoridad del Agua, Norberto Coroli; para impulsar distintos proyectos vinculados al r\u00edo Luj\u00e1n, cuyo desborde volvi\u00f3 a provocar d\u00edas atr\u00e1s la inundaci\u00f3n de muchos barrios de Mercedes (Marchetti, Redes, Pe\u00f1aloza, G\u00fcemes y otros m\u00e1s).<\/p>\n<p>\u201cDebemos darles una respuesta a estos vecinos que padecen repetidas veces el drama de las inundaciones.\u00a0 Urge una serie de obras sobre el r\u00edo porque la explicaci\u00f3n no es solamente el cambio clim\u00e1tico y las tormentas cada vez m\u00e1s frecuentes, sino que hay otros motivos que se deben estudiar a fondo para resolverlos\u201d, dijo entonces Espa\u00f1a.<\/p>\n<p><span style=\"color: #808080;\">Fuente: Frente Mercedino para la Victoria\u00a0<\/span><\/p>\n","protected":false},"excerpt":{"rendered":"<p>El diputado provincial mercedino Alberto Espa\u00f1a se reuni\u00f3 con el presidente del Instituto de Previsi\u00f3n Social bonaerense, Mariano Cascallares, con &#8230; <a title=\"Alberto Espa\u00f1a se reuni\u00f3 con titular de IPS y analiz\u00f3 realidad mercedina\" class=\"read-more\" href=\"https:\/\/www.hoymercedes.com.ar\/principal\/2014\/04\/22\/alberto-espana-se-reunio-con-titular-de-ips-y-analizo-realidad-mercedina\/\" aria-label=\"Leer m\u00e1s sobre Alberto Espa\u00f1a se reuni\u00f3 con titular de IPS y analiz\u00f3 realidad mercedina\">Leer m\u00e1s<\/a><\/p>\n","protected":false},"author":1,"featured_media":0,"comment_status":"open","ping_status":"open","sticky":false,"template":"","format":"standard","meta":{"_monsterinsights_skip_tracking":false,"_monsterinsights_sitenote_active":false,"_monsterinsights_sitenote_note":"","_monsterinsights_sitenote_category":0,"jetpack_post_was_ever_published":false,"_jetpack_newsletter_access":"","_jetpack_dont_email_post_to_subs":false,"_jetpack_newsletter_tier_id":0,"_jetpack_memberships_contains_paywalled_content":false,"_jetpack_memberships_contains_paid_content":false,"footnotes":"","jetpack_publicize_message":"","jetpack_publicize_feature_enabled":true,"jetpack_social_post_already_shared":false,"jetpack_social_options":{"image_generator_settings":{"template":"highway","default_image_id":0,"font":"","enabled":false},"version":2},"_wpas_customize_per_network":false},"categories":[5],"tags":[2687,5050],"class_list":["post-32048","post","type-post","status-publish","format-standard","hentry","category-politica","tag-alberto-espana","tag-diputado-espana","generate-columns","tablet-grid-50","mobile-grid-100","grid-parent","grid-50"],"jetpack_publicize_connections":[],"jetpack_featured_media_url":"","wps_subtitle":"Por jubilados y pensionados mercedinos ","jetpack_sharing_enabled":true,"_links":{"self":[{"href":"https:\/\/www.hoymercedes.com.ar\/principal\/wp-json\/wp\/v2\/posts\/32048","targetHints":{"allow":["GET"]}}],"collection":[{"href":"https:\/\/www.hoymercedes.com.ar\/principal\/wp-json\/wp\/v2\/posts"}],"about":[{"href":"https:\/\/www.hoymercedes.com.ar\/principal\/wp-json\/wp\/v2\/types\/post"}],"author":[{"embeddable":true,"href":"https:\/\/www.hoymercedes.com.ar\/principal\/wp-json\/wp\/v2\/users\/1"}],"replies":[{"embeddable":true,"href":"https:\/\/www.hoymercedes.com.ar\/principal\/wp-json\/wp\/v2\/comments?post=32048"}],"version-history":[{"count":0,"href":"https:\/\/www.hoymercedes.com.ar\/principal\/wp-json\/wp\/v2\/posts\/32048\/revisions"}],"wp:attachment":[{"href":"https:\/\/www.hoymercedes.com.ar\/principal\/wp-json\/wp\/v2\/media?parent=32048"}],"wp:term":[{"taxonomy":"category","embeddable":true,"href":"https:\/\/www.hoymercedes.com.ar\/principal\/wp-json\/wp\/v2\/categories?post=32048"},{"taxonomy":"post_tag","embeddable":true,"href":"https:\/\/www.hoymercedes.com.ar\/principal\/wp-json\/wp\/v2\/tags?post=32048"}],"curies":[{"name":"wp","href":"https:\/\/api.w.org\/{rel}","templated":true}]}}