{"id":32072,"date":"2014-04-22T23:02:33","date_gmt":"2014-04-22T23:02:33","guid":{"rendered":"http:\/\/www.hoymercedes.com.ar\/principal\/?p=32072"},"modified":"2014-04-22T23:07:09","modified_gmt":"2014-04-22T23:07:09","slug":"barrio-guemes-llama-a-asamblea-el-proximo-sabado","status":"publish","type":"post","link":"https:\/\/www.hoymercedes.com.ar\/principal\/2014\/04\/22\/barrio-guemes-llama-a-asamblea-el-proximo-sabado\/","title":{"rendered":"Barrio G\u00fcemes llama a Asamblea el pr\u00f3ximo s\u00e1bado"},"content":{"rendered":"<p><a href=\"https:\/\/www.hoymercedes.com.ar\/principal\/wp-content\/uploads\/2014\/04\/BarrioGuemes.jpg\"><img loading=\"lazy\" decoding=\"async\" data-attachment-id=\"32074\" data-permalink=\"https:\/\/www.hoymercedes.com.ar\/principal\/2014\/04\/22\/barrio-guemes-llama-a-asamblea-el-proximo-sabado\/barrioguemes-2\/#main\" data-orig-file=\"https:\/\/www.hoymercedes.com.ar\/principal\/wp-content\/uploads\/2014\/04\/BarrioGuemes.jpg\" data-orig-size=\"620,369\" data-comments-opened=\"1\" data-image-meta=\"{&quot;aperture&quot;:&quot;0&quot;,&quot;credit&quot;:&quot;&quot;,&quot;camera&quot;:&quot;&quot;,&quot;caption&quot;:&quot;&quot;,&quot;created_timestamp&quot;:&quot;0&quot;,&quot;copyright&quot;:&quot;&quot;,&quot;focal_length&quot;:&quot;0&quot;,&quot;iso&quot;:&quot;0&quot;,&quot;shutter_speed&quot;:&quot;0&quot;,&quot;title&quot;:&quot;&quot;}\" data-image-title=\"BarrioGuemes\" data-image-description=\"\" data-image-caption=\"\" data-large-file=\"https:\/\/www.hoymercedes.com.ar\/principal\/wp-content\/uploads\/2014\/04\/BarrioGuemes.jpg\" class=\"aligncenter size-full wp-image-32074\" src=\"https:\/\/www.hoymercedes.com.ar\/principal\/wp-content\/uploads\/2014\/04\/BarrioGuemes.jpg\" alt=\"BarrioGuemes\" width=\"620\" height=\"369\" \/><\/a><\/p>\n<p>La Comisi\u00f3n Directiva de la Sociedad de Fomento Mart\u00edn M. de G\u00fcemes, convoca a sus asociados a la <strong>ASAMBLEA GENERAL ORDINARIA<\/strong> para el d\u00eda 26 del mes de Abril a las 17:00 Hs (en primera convocatoria) y a las 17:30 Hs. (segunda convocatoria) a llevarse a cabo en nuestra Sede Social de la Calle 45 N\u00b0 869 de nuestra Ciudad a los efectos de tratarse el siguiente orden del d\u00eda:<\/p>\n<p>1-\u00a0\u00a0 Apertura de Asamblea.<\/p>\n<p>2-\u00a0\u00a0 Brindar explicaciones por la demora de esta asamblea.<\/p>\n<p>3-\u00a0\u00a0 Tratamiento y consideraci\u00f3n de la Memoria y Balance del ejercicio Econ\u00f3mico periodo 01-09-2012 al 31-8-2013.<\/p>\n<p>4-\u00a0\u00a0 Confirmaci\u00f3n de integrantes en nuestra Comisi\u00f3n.<\/p>\n<p>5-\u00a0\u00a0 Designaci\u00f3n de dos asamble\u00edstas para firmar el acta.<\/p>\n<p>6-\u00a0\u00a0 Cierre de asamblea.<\/p>\n<p>Omar Moricoini<\/p>\n<p>Presidente<\/p>\n<p>&nbsp;<\/p>\n<p>&nbsp;<\/p>\n<p>&nbsp;<\/p>\n","protected":false},"excerpt":{"rendered":"<p>La Comisi\u00f3n Directiva de la Sociedad de Fomento Mart\u00edn M. de G\u00fcemes, convoca a sus asociados a la ASAMBLEA GENERAL &#8230; <a title=\"Barrio G\u00fcemes llama a Asamblea el pr\u00f3ximo s\u00e1bado\" class=\"read-more\" href=\"https:\/\/www.hoymercedes.com.ar\/principal\/2014\/04\/22\/barrio-guemes-llama-a-asamblea-el-proximo-sabado\/\" aria-label=\"Leer m\u00e1s sobre Barrio G\u00fcemes llama a Asamblea el pr\u00f3ximo s\u00e1bado\">Leer m\u00e1s<\/a><\/p>\n","protected":false},"author":1,"featured_media":0,"comment_status":"open","ping_status":"open","sticky":false,"template":"","format":"standard","meta":{"_monsterinsights_skip_tracking":false,"_monsterinsights_sitenote_active":false,"_monsterinsights_sitenote_note":"","_monsterinsights_sitenote_category":0,"jetpack_post_was_ever_published":false,"_jetpack_newsletter_access":"","_jetpack_dont_email_post_to_subs":false,"_jetpack_newsletter_tier_id":0,"_jetpack_memberships_contains_paywalled_content":false,"_jetpack_memberships_contains_paid_content":false,"footnotes":"","jetpack_publicize_message":"","jetpack_publicize_feature_enabled":true,"jetpack_social_post_already_shared":false,"jetpack_social_options":{"image_generator_settings":{"template":"highway","default_image_id":0,"font":"","enabled":false},"version":2},"_wpas_customize_per_network":false},"categories":[5],"tags":[5056,2596],"class_list":["post-32072","post","type-post","status-publish","format-standard","hentry","category-politica","tag-asamblea-barrio-guemes","tag-barrio-guemes","generate-columns","tablet-grid-50","mobile-grid-100","grid-parent","grid-50"],"jetpack_publicize_connections":[],"jetpack_featured_media_url":"","wps_subtitle":"Sociedades de Fomento ","jetpack_sharing_enabled":true,"_links":{"self":[{"href":"https:\/\/www.hoymercedes.com.ar\/principal\/wp-json\/wp\/v2\/posts\/32072","targetHints":{"allow":["GET"]}}],"collection":[{"href":"https:\/\/www.hoymercedes.com.ar\/principal\/wp-json\/wp\/v2\/posts"}],"about":[{"href":"https:\/\/www.hoymercedes.com.ar\/principal\/wp-json\/wp\/v2\/types\/post"}],"author":[{"embeddable":true,"href":"https:\/\/www.hoymercedes.com.ar\/principal\/wp-json\/wp\/v2\/users\/1"}],"replies":[{"embeddable":true,"href":"https:\/\/www.hoymercedes.com.ar\/principal\/wp-json\/wp\/v2\/comments?post=32072"}],"version-history":[{"count":0,"href":"https:\/\/www.hoymercedes.com.ar\/principal\/wp-json\/wp\/v2\/posts\/32072\/revisions"}],"wp:attachment":[{"href":"https:\/\/www.hoymercedes.com.ar\/principal\/wp-json\/wp\/v2\/media?parent=32072"}],"wp:term":[{"taxonomy":"category","embeddable":true,"href":"https:\/\/www.hoymercedes.com.ar\/principal\/wp-json\/wp\/v2\/categories?post=32072"},{"taxonomy":"post_tag","embeddable":true,"href":"https:\/\/www.hoymercedes.com.ar\/principal\/wp-json\/wp\/v2\/tags?post=32072"}],"curies":[{"name":"wp","href":"https:\/\/api.w.org\/{rel}","templated":true}]}}