{"id":32082,"date":"2014-04-23T00:13:55","date_gmt":"2014-04-23T00:13:55","guid":{"rendered":"http:\/\/www.hoymercedes.com.ar\/principal\/?p=32082"},"modified":"2014-04-23T03:25:13","modified_gmt":"2014-04-23T03:25:13","slug":"castelucci-presento-su-espacio-partidario-y-avanza-en-su-armado-politico","status":"publish","type":"post","link":"https:\/\/www.hoymercedes.com.ar\/principal\/2014\/04\/23\/castelucci-presento-su-espacio-partidario-y-avanza-en-su-armado-politico\/","title":{"rendered":"Castelucci present\u00f3 su local partidario y avanza en su armado pol\u00edtico"},"content":{"rendered":"<figure id=\"attachment_32084\" aria-describedby=\"caption-attachment-32084\" style=\"width: 290px\" class=\"wp-caption alignleft\"><a href=\"https:\/\/www.hoymercedes.com.ar\/principal\/wp-content\/uploads\/2014\/04\/castelucci.jpg\"><img loading=\"lazy\" decoding=\"async\" data-attachment-id=\"32084\" data-permalink=\"https:\/\/www.hoymercedes.com.ar\/principal\/2014\/04\/23\/castelucci-presento-su-espacio-partidario-y-avanza-en-su-armado-politico\/castelucci-2\/#main\" data-orig-file=\"https:\/\/www.hoymercedes.com.ar\/principal\/wp-content\/uploads\/2014\/04\/castelucci.jpg\" data-orig-size=\"300,248\" data-comments-opened=\"1\" data-image-meta=\"{&quot;aperture&quot;:&quot;0&quot;,&quot;credit&quot;:&quot;&quot;,&quot;camera&quot;:&quot;&quot;,&quot;caption&quot;:&quot;&quot;,&quot;created_timestamp&quot;:&quot;0&quot;,&quot;copyright&quot;:&quot;&quot;,&quot;focal_length&quot;:&quot;0&quot;,&quot;iso&quot;:&quot;0&quot;,&quot;shutter_speed&quot;:&quot;0&quot;,&quot;title&quot;:&quot;&quot;}\" data-image-title=\"castelucci\" data-image-description=\"\" data-image-caption=\"&lt;p&gt;Mariano Castelucci&lt;\/p&gt;\n\" data-large-file=\"https:\/\/www.hoymercedes.com.ar\/principal\/wp-content\/uploads\/2014\/04\/castelucci.jpg\" class=\"wp-image-32084 size-full\" src=\"https:\/\/www.hoymercedes.com.ar\/principal\/wp-content\/uploads\/2014\/04\/castelucci.jpg\" alt=\"Mariano Castelucci\" width=\"300\" height=\"248\" \/><\/a><figcaption id=\"caption-attachment-32084\" class=\"wp-caption-text\">Mariano Casteluccil<\/figcaption><\/figure>\n<p><em><strong>Mariano Castelucci hizo la presentaci\u00f3n p\u00fablica de su local partidario en calle 20 entre 29 y 31 desde donde continuar\u00e1n sus acciones en post del armado pol\u00edtico con miras al futuro mercedino. Ya desde hace algunos meses vienen trabajando y expresando su opini\u00f3n en diversas cuestiones. Ahora lanza su espacio f\u00edsico-partidario. Ser\u00e1 candidato a intendente en 2015.\u00a0<\/strong><\/em><\/p>\n<p>Fue presentado a la prensa durante la tarde del martes y se encuentra en pleno radio c\u00e9ntrico ya que est\u00e1 en calle 20 entre 29 y 31.<\/p>\n<p>Castelucci entre los conceptos pol\u00edticos remarc\u00f3 que nadie lo mand\u00f3 a armar nada, que tiene aprecio por el intendente y su agrupaci\u00f3n y record\u00f3 el pasado que en ese espacio tuvo. Afirma que no busca caer en las antinomias sino en la construcci\u00f3n por la ciudad.<\/p>\n<p>Reconoci\u00f3 la tarea realizada por Coco Tilli qui\u00e9n le dio un fuerte impulso para lanzarse y comenzar el proyecto propio.<\/p>\n<p>Entre quienes participan mencion\u00f3 a Alejandro Molle, Elida Sainz, Elida Dematei, M\u00f3nica Brown, Maril\u00ed Spinuzza, entre otras voluntades que provenientes de diferentes recorridos hist\u00f3ricos estar\u00e1n con \u00e9l y que por ejemplo han participado de actividades como la efectuada en el d\u00eda internacional de la mujer, entre otras.<\/p>\n<p>Remarc\u00f3 el escribano y dos veces intendente interino que es importante la participaci\u00f3n del vecino, que debe sumarse a la gesti\u00f3n desde el lugar que le toca para mejorar los espacios p\u00fablicos y estatales que cada d\u00eda nos involucran como ciudadan\u00eda.<\/p>\n<p>Su recorrido reci\u00e9n empieza y se esperan poder ganar la intendencia en 2015.<\/p>\n","protected":false},"excerpt":{"rendered":"<p>Mariano Castelucci hizo la presentaci\u00f3n p\u00fablica de su local partidario en calle 20 entre 29 y 31 desde donde continuar\u00e1n &#8230; <a title=\"Castelucci present\u00f3 su local partidario y avanza en su armado pol\u00edtico\" class=\"read-more\" href=\"https:\/\/www.hoymercedes.com.ar\/principal\/2014\/04\/23\/castelucci-presento-su-espacio-partidario-y-avanza-en-su-armado-politico\/\" aria-label=\"Leer m\u00e1s sobre Castelucci present\u00f3 su local partidario y avanza en su armado pol\u00edtico\">Leer m\u00e1s<\/a><\/p>\n","protected":false},"author":1,"featured_media":0,"comment_status":"open","ping_status":"open","sticky":false,"template":"","format":"standard","meta":{"_monsterinsights_skip_tracking":false,"_monsterinsights_sitenote_active":false,"_monsterinsights_sitenote_note":"","_monsterinsights_sitenote_category":0,"jetpack_post_was_ever_published":false,"_jetpack_newsletter_access":"","_jetpack_dont_email_post_to_subs":false,"_jetpack_newsletter_tier_id":0,"_jetpack_memberships_contains_paywalled_content":false,"_jetpack_memberships_contains_paid_content":false,"footnotes":"","jetpack_publicize_message":"","jetpack_publicize_feature_enabled":true,"jetpack_social_post_already_shared":false,"jetpack_social_options":{"image_generator_settings":{"template":"highway","default_image_id":0,"font":"","enabled":false},"version":2},"_wpas_customize_per_network":false},"categories":[5],"tags":[513],"class_list":["post-32082","post","type-post","status-publish","format-standard","hentry","category-politica","tag-mariano-castelucci","generate-columns","tablet-grid-50","mobile-grid-100","grid-parent","grid-50"],"jetpack_publicize_connections":[],"jetpack_featured_media_url":"","wps_subtitle":"Contin\u00faa su construcci\u00f3n ","jetpack_sharing_enabled":true,"_links":{"self":[{"href":"https:\/\/www.hoymercedes.com.ar\/principal\/wp-json\/wp\/v2\/posts\/32082","targetHints":{"allow":["GET"]}}],"collection":[{"href":"https:\/\/www.hoymercedes.com.ar\/principal\/wp-json\/wp\/v2\/posts"}],"about":[{"href":"https:\/\/www.hoymercedes.com.ar\/principal\/wp-json\/wp\/v2\/types\/post"}],"author":[{"embeddable":true,"href":"https:\/\/www.hoymercedes.com.ar\/principal\/wp-json\/wp\/v2\/users\/1"}],"replies":[{"embeddable":true,"href":"https:\/\/www.hoymercedes.com.ar\/principal\/wp-json\/wp\/v2\/comments?post=32082"}],"version-history":[{"count":0,"href":"https:\/\/www.hoymercedes.com.ar\/principal\/wp-json\/wp\/v2\/posts\/32082\/revisions"}],"wp:attachment":[{"href":"https:\/\/www.hoymercedes.com.ar\/principal\/wp-json\/wp\/v2\/media?parent=32082"}],"wp:term":[{"taxonomy":"category","embeddable":true,"href":"https:\/\/www.hoymercedes.com.ar\/principal\/wp-json\/wp\/v2\/categories?post=32082"},{"taxonomy":"post_tag","embeddable":true,"href":"https:\/\/www.hoymercedes.com.ar\/principal\/wp-json\/wp\/v2\/tags?post=32082"}],"curies":[{"name":"wp","href":"https:\/\/api.w.org\/{rel}","templated":true}]}}