{"id":32124,"date":"2014-04-23T15:51:49","date_gmt":"2014-04-23T15:51:49","guid":{"rendered":"http:\/\/www.hoymercedes.com.ar\/principal\/?p=32124"},"modified":"2014-04-23T16:10:46","modified_gmt":"2014-04-23T16:10:46","slug":"relanzan-plan-de-alfabetizacion-cero-en-mercedes","status":"publish","type":"post","link":"https:\/\/www.hoymercedes.com.ar\/principal\/2014\/04\/23\/relanzan-plan-de-alfabetizacion-cero-en-mercedes\/","title":{"rendered":"Relanzan plan de analfabetismo cero en Mercedes"},"content":{"rendered":"<p style=\"color: #000000;\"><em><strong><span lang=\"ES\">El jueves en el Centro de Referencia del Ministerio de Desarrollo Social de la Naci\u00f3n (ex instituto Mart\u00edn Rodr\u00edguez, avenida 2 y calle 11), se lanzar\u00e1n las l\u00edneas de trabajo para un objetivo especial: lograr en nuestra ciudad el \u201canalfabetismo cero\u201d.<\/span><\/strong><\/em><\/p>\n<p style=\"color: #000000;\"><span lang=\"ES\">La reuni\u00f3n comenzar\u00e1 a las 18 y, a los ya inscriptos, se convoca a todos los interesados en trabajar como alfabetizadores voluntarios.<\/span><\/p>\n<p style=\"color: #000000;\"><span lang=\"ES\">El Programa Nacional de Alfabetizaci\u00f3n y Educaci\u00f3n B\u00e1sica para J\u00f3venes y Adultos\u00a0(Programa Encuentro),\u00a0est\u00e1 dirigido a todas las\u00a0personas\u00a0mayores de 15 a\u00f1os\u00a0que a\u00fan no han tenido acceso a la alfabetizaci\u00f3n.\u00a0En la reuni\u00f3n del jueves se trazar\u00e1n las l\u00edneas de trabajo para comenzar con las clases.<\/span><\/p>\n<p style=\"color: #000000;\"><span lang=\"ES\">Los alfabetizadores son voluntarios<b>:<\/b>\u00a0integrantes de organismos del Estado, de organizaciones de la sociedad civil, de sindicatos, de agrupaciones barriales, de institutos de formaci\u00f3n docente, del estudiantado universitario, docentes, etc. El \u00fanico requisito es tener 18 a\u00f1os o m\u00e1s y haber finalizado la educaci\u00f3n media\/polimodal.<\/span><\/p>\n<p style=\"color: #000000;\"><span lang=\"ES\">La alfabetizaci\u00f3n se desarrolla en los centros que pueden funcionar en casas de familias, comedores, merenderos, bibliotecas populares, sociedades de fomento, centros comunitarios, clubes, centros educativos, escuelas y cualquier otro espacio que pueda servir a tal fin.<\/span><\/p>\n","protected":false},"excerpt":{"rendered":"<p>El jueves en el Centro de Referencia del Ministerio de Desarrollo Social de la Naci\u00f3n (ex instituto Mart\u00edn Rodr\u00edguez, avenida &#8230; <a title=\"Relanzan plan de analfabetismo cero en Mercedes\" class=\"read-more\" href=\"https:\/\/www.hoymercedes.com.ar\/principal\/2014\/04\/23\/relanzan-plan-de-alfabetizacion-cero-en-mercedes\/\" aria-label=\"Leer m\u00e1s sobre Relanzan plan de analfabetismo cero en Mercedes\">Leer m\u00e1s<\/a><\/p>\n","protected":false},"author":1,"featured_media":0,"comment_status":"open","ping_status":"open","sticky":false,"template":"","format":"standard","meta":{"_monsterinsights_skip_tracking":false,"_monsterinsights_sitenote_active":false,"_monsterinsights_sitenote_note":"","_monsterinsights_sitenote_category":0,"jetpack_post_was_ever_published":false,"_jetpack_newsletter_access":"","_jetpack_dont_email_post_to_subs":false,"_jetpack_newsletter_tier_id":0,"_jetpack_memberships_contains_paywalled_content":false,"_jetpack_memberships_contains_paid_content":false,"footnotes":"","jetpack_publicize_message":"","jetpack_publicize_feature_enabled":true,"jetpack_social_post_already_shared":false,"jetpack_social_options":{"image_generator_settings":{"template":"highway","default_image_id":0,"font":"","enabled":false},"version":2},"_wpas_customize_per_network":false},"categories":[5],"tags":[5067],"class_list":["post-32124","post","type-post","status-publish","format-standard","hentry","category-politica","tag-alfabetizacion-cero-mercedes","generate-columns","tablet-grid-50","mobile-grid-100","grid-parent","grid-50"],"jetpack_publicize_connections":[],"jetpack_featured_media_url":"","wps_subtitle":"Lanzan l\u00edneas de trabajo ","jetpack_sharing_enabled":true,"_links":{"self":[{"href":"https:\/\/www.hoymercedes.com.ar\/principal\/wp-json\/wp\/v2\/posts\/32124","targetHints":{"allow":["GET"]}}],"collection":[{"href":"https:\/\/www.hoymercedes.com.ar\/principal\/wp-json\/wp\/v2\/posts"}],"about":[{"href":"https:\/\/www.hoymercedes.com.ar\/principal\/wp-json\/wp\/v2\/types\/post"}],"author":[{"embeddable":true,"href":"https:\/\/www.hoymercedes.com.ar\/principal\/wp-json\/wp\/v2\/users\/1"}],"replies":[{"embeddable":true,"href":"https:\/\/www.hoymercedes.com.ar\/principal\/wp-json\/wp\/v2\/comments?post=32124"}],"version-history":[{"count":0,"href":"https:\/\/www.hoymercedes.com.ar\/principal\/wp-json\/wp\/v2\/posts\/32124\/revisions"}],"wp:attachment":[{"href":"https:\/\/www.hoymercedes.com.ar\/principal\/wp-json\/wp\/v2\/media?parent=32124"}],"wp:term":[{"taxonomy":"category","embeddable":true,"href":"https:\/\/www.hoymercedes.com.ar\/principal\/wp-json\/wp\/v2\/categories?post=32124"},{"taxonomy":"post_tag","embeddable":true,"href":"https:\/\/www.hoymercedes.com.ar\/principal\/wp-json\/wp\/v2\/tags?post=32124"}],"curies":[{"name":"wp","href":"https:\/\/api.w.org\/{rel}","templated":true}]}}