{"id":32169,"date":"2014-04-24T23:05:46","date_gmt":"2014-04-25T02:05:46","guid":{"rendered":"http:\/\/www.hoymercedes.com.ar\/principal\/?p=32169"},"modified":"2014-04-25T00:21:14","modified_gmt":"2014-04-25T03:21:14","slug":"mic-expone-su-preocupacion-por-magromer-y-el-medio-ambiente","status":"publish","type":"post","link":"https:\/\/www.hoymercedes.com.ar\/principal\/2014\/04\/24\/mic-expone-su-preocupacion-por-magromer-y-el-medio-ambiente\/","title":{"rendered":"MIC expone su preocupaci\u00f3n por Magromer y el medio ambiente"},"content":{"rendered":"<p><a href=\"https:\/\/www.hoymercedes.com.ar\/principal\/wp-content\/uploads\/2014\/04\/DSC05785.jpg\"><img loading=\"lazy\" decoding=\"async\" data-attachment-id=\"32171\" data-permalink=\"https:\/\/www.hoymercedes.com.ar\/principal\/2014\/04\/24\/mic-expone-su-preocupacion-por-magromer-y-el-medio-ambiente\/dsc05785\/#main\" data-orig-file=\"https:\/\/www.hoymercedes.com.ar\/principal\/wp-content\/uploads\/2014\/04\/DSC05785.jpg\" data-orig-size=\"620,465\" data-comments-opened=\"1\" data-image-meta=\"{&quot;aperture&quot;:&quot;9.1&quot;,&quot;credit&quot;:&quot;&quot;,&quot;camera&quot;:&quot;DSC-W620&quot;,&quot;caption&quot;:&quot;&quot;,&quot;created_timestamp&quot;:&quot;1397908848&quot;,&quot;copyright&quot;:&quot;&quot;,&quot;focal_length&quot;:&quot;5&quot;,&quot;iso&quot;:&quot;100&quot;,&quot;shutter_speed&quot;:&quot;0.00625&quot;,&quot;title&quot;:&quot;&quot;}\" data-image-title=\"Madromer Mercedes\" data-image-description=\"\" data-image-caption=\"\" data-large-file=\"https:\/\/www.hoymercedes.com.ar\/principal\/wp-content\/uploads\/2014\/04\/DSC05785.jpg\" class=\"aligncenter size-full wp-image-32171\" src=\"https:\/\/www.hoymercedes.com.ar\/principal\/wp-content\/uploads\/2014\/04\/DSC05785.jpg\" alt=\"Madromer Mercedes\" width=\"620\" height=\"465\" \/><\/a><\/p>\n<p><em><strong>El Mercedes Independiente Comunal encabezado por Jos\u00e9 Cestari y Carlos Badano en el Concejo Deliberante y que viene llevando a cabo presentaciones de diversa \u00edndole en distintos temas problem\u00e1ticos de la ciudad ha realizado una nueva manifestaci\u00f3n entorno al barrio Villa Industrial Oeste y los ruidos molestos que los vecinos padecen alrededor de las instalaciones de Industrias Magromer.<\/strong><\/em><\/p>\n<p>Los ediles hicieron una presentaci\u00f3n formal al Concejo Deliberante donde exponen la preocupaci\u00f3n y efect\u00faan un pedido de informe integran considerando la necesidad de contar con medio ambiente sano para la salud ciudadana.<\/p>\n<p>El proyecto y sus considerandos elevado al Cuerpo Deliberativo es el siguiente:<\/p>\n<p>VISTO<\/p>\n<p>La visita realizada a los vecinos de la calle 114 entre 35 y 37, frente al predio de Industrias Magromer Cueros y Pieles S A. Barrio Villa Industrial Oeste.<\/p>\n<p>CONSIDERANDO<\/p>\n<p>Que el art\u00edculo 41 de la Constituci\u00f3n Nacional y el art\u00edculo 28 de la Constituci\u00f3n de la Provincia de Buenos Aires garantizan el derecho de los ciudadanos a un ambiente sano y sustentable.<\/p>\n<p>Que los vecinos sufren ruidos molestos las 24 horas del d\u00eda.<\/p>\n<p>Que hay personas, especialmente ni\u00f1os, que agravan d\u00eda a d\u00eda su situaci\u00f3n al\u00e9rgica generada por el aire con poluci\u00f3n circulante en la atm\u00f3sfera.<\/p>\n<p>Que la Industria mencionada se fue expandiendo geogr\u00e1ficamente en los \u00faltimos a\u00f1os generando m\u00e1s efluentes, poluci\u00f3n y ruidos molestos originando el deterioro en la calidad de vida de los vecinos.<\/p>\n<p>Ante lo expuesto el Bloque MIC promueve el siguiente Proyecto de:<\/p>\n<p>RESOLUCI\u00d3N<\/p>\n<p>Art. 1\u00b0. El HCD se dirige al DE para que informe, a trav\u00e9s del \u00e1rea correspondiente:<\/p>\n<p>a)\u00a0\u00a0\u00a0\u00a0Si habilit\u00f3 y\/o tienen conocimiento que Industrias Magromer Cueros y Pieles SA realiz\u00f3 nuevas instalaciones en el proceso productivo que generan ruidos molestos durante las 24 horas en los \u00faltimos cinco a\u00f1os, espec\u00edficamente en la zona cercana al port\u00f3n de color negro localizado en calle 114 entre 35 y 37.<\/p>\n<p>b)\u00a0\u00a0\u00a0\u00a0Si recibi\u00f3 certificaciones, por parte del OPDS (Organismo Provincial para el Desarrollo Sostenible) de estudios de impacto ambiental de lo mencionado en el inciso a).<\/p>\n<p>c)\u00a0\u00a0\u00a0\u00a0Si recibi\u00f3 denuncias de ruidos molestos generados por Industrias Magromer Cueros y Pieles SA en los \u00faltimos dos a\u00f1os y qu\u00e9 acciones se llevaron a cabo al respecto.<\/p>\n<p>d)\u00a0\u00a0\u00a0\u00a0Si los desag\u00fces de efluentes, generados por el proceso productivo de Industrias Magromer Cueros y Pieles SA, que fluyen por ca\u00f1os pl\u00e1sticos localizados en la pared lindera a la vereda de calle 114 entre 35 y 37 (lado sur) est\u00e1n autorizados por la legislaci\u00f3n vigente.<\/p>\n<p>e)\u00a0\u00a0\u00a0\u00a0Si se realiz\u00f3 un relevamiento sanitario de los vecinos que residen en el \u00e1rea localizada entre el Acceso Manuel Sanmart\u00edn, calle 114, calle 39 y calle 112 (infecciones respiratorias por posible poluci\u00f3n ambiental, disminuci\u00f3n auditiva y\/o trastornos ps\u00edquicos por posibles ruidos molestos, an\u00e1lisis de cromo en sangre, casos de c\u00e1ncer, etc.)<\/p>\n","protected":false},"excerpt":{"rendered":"<p>El Mercedes Independiente Comunal encabezado por Jos\u00e9 Cestari y Carlos Badano en el Concejo Deliberante y que viene llevando a &#8230; <a title=\"MIC expone su preocupaci\u00f3n por Magromer y el medio ambiente\" class=\"read-more\" href=\"https:\/\/www.hoymercedes.com.ar\/principal\/2014\/04\/24\/mic-expone-su-preocupacion-por-magromer-y-el-medio-ambiente\/\" aria-label=\"Leer m\u00e1s sobre MIC expone su preocupaci\u00f3n por Magromer y el medio ambiente\">Leer m\u00e1s<\/a><\/p>\n","protected":false},"author":1,"featured_media":0,"comment_status":"open","ping_status":"open","sticky":false,"template":"","format":"standard","meta":{"_monsterinsights_skip_tracking":false,"_monsterinsights_sitenote_active":false,"_monsterinsights_sitenote_note":"","_monsterinsights_sitenote_category":0,"jetpack_post_was_ever_published":false,"_jetpack_newsletter_access":"","_jetpack_dont_email_post_to_subs":false,"_jetpack_newsletter_tier_id":0,"_jetpack_memberships_contains_paywalled_content":false,"_jetpack_memberships_contains_paid_content":false,"footnotes":"","jetpack_publicize_message":"","jetpack_publicize_feature_enabled":true,"jetpack_social_post_already_shared":false,"jetpack_social_options":{"image_generator_settings":{"template":"highway","default_image_id":0,"font":"","enabled":false},"version":2},"_wpas_customize_per_network":false},"categories":[5],"tags":[5074,5073,3377,5075,1956],"class_list":["post-32169","post","type-post","status-publish","format-standard","hentry","category-politica","tag-carlos-badano-mercedes","tag-jose-cestari-mercedes","tag-magromer-mercedes","tag-mic-badano-cestari","tag-mic-mercedes","generate-columns","tablet-grid-50","mobile-grid-100","grid-parent","grid-50"],"jetpack_publicize_connections":[],"jetpack_featured_media_url":"","wps_subtitle":"Salud y medio ambiente","jetpack_sharing_enabled":true,"_links":{"self":[{"href":"https:\/\/www.hoymercedes.com.ar\/principal\/wp-json\/wp\/v2\/posts\/32169","targetHints":{"allow":["GET"]}}],"collection":[{"href":"https:\/\/www.hoymercedes.com.ar\/principal\/wp-json\/wp\/v2\/posts"}],"about":[{"href":"https:\/\/www.hoymercedes.com.ar\/principal\/wp-json\/wp\/v2\/types\/post"}],"author":[{"embeddable":true,"href":"https:\/\/www.hoymercedes.com.ar\/principal\/wp-json\/wp\/v2\/users\/1"}],"replies":[{"embeddable":true,"href":"https:\/\/www.hoymercedes.com.ar\/principal\/wp-json\/wp\/v2\/comments?post=32169"}],"version-history":[{"count":0,"href":"https:\/\/www.hoymercedes.com.ar\/principal\/wp-json\/wp\/v2\/posts\/32169\/revisions"}],"wp:attachment":[{"href":"https:\/\/www.hoymercedes.com.ar\/principal\/wp-json\/wp\/v2\/media?parent=32169"}],"wp:term":[{"taxonomy":"category","embeddable":true,"href":"https:\/\/www.hoymercedes.com.ar\/principal\/wp-json\/wp\/v2\/categories?post=32169"},{"taxonomy":"post_tag","embeddable":true,"href":"https:\/\/www.hoymercedes.com.ar\/principal\/wp-json\/wp\/v2\/tags?post=32169"}],"curies":[{"name":"wp","href":"https:\/\/api.w.org\/{rel}","templated":true}]}}