{"id":32226,"date":"2014-04-25T00:28:32","date_gmt":"2014-04-25T03:28:32","guid":{"rendered":"http:\/\/www.hoymercedes.com.ar\/principal\/?p=32226"},"modified":"2014-04-25T00:28:32","modified_gmt":"2014-04-25T03:28:32","slug":"mendez-el-gobernador-scioli-se-dedica-a-hacer-campana-y-se-olvido-de-gobernar-y-atender-a-los-chicos-de-la-provincia","status":"publish","type":"post","link":"https:\/\/www.hoymercedes.com.ar\/principal\/2014\/04\/25\/mendez-el-gobernador-scioli-se-dedica-a-hacer-campana-y-se-olvido-de-gobernar-y-atender-a-los-chicos-de-la-provincia\/","title":{"rendered":"M\u00e9ndez: \u201cEl Gobernador Scioli se dedica a hacer campa\u00f1a y se olvid\u00f3 de gobernar y atender a los chicos de la Provincia\u201d"},"content":{"rendered":"<p><a href=\"https:\/\/www.hoymercedes.com.ar\/principal\/wp-content\/uploads\/2014\/04\/ArnaldoM\u00e9ndez-ConcejalFrenteRenovador2.jpg\"><img loading=\"lazy\" decoding=\"async\" data-attachment-id=\"32228\" data-permalink=\"https:\/\/www.hoymercedes.com.ar\/principal\/2014\/04\/25\/mendez-el-gobernador-scioli-se-dedica-a-hacer-campana-y-se-olvido-de-gobernar-y-atender-a-los-chicos-de-la-provincia\/arnaldomendez-concejalfrenterenovador-3\/#main\" data-orig-file=\"https:\/\/www.hoymercedes.com.ar\/principal\/wp-content\/uploads\/2014\/04\/ArnaldoM\u00e9ndez-ConcejalFrenteRenovador2.jpg\" data-orig-size=\"620,413\" data-comments-opened=\"1\" data-image-meta=\"{&quot;aperture&quot;:&quot;0&quot;,&quot;credit&quot;:&quot;&quot;,&quot;camera&quot;:&quot;&quot;,&quot;caption&quot;:&quot;&quot;,&quot;created_timestamp&quot;:&quot;0&quot;,&quot;copyright&quot;:&quot;&quot;,&quot;focal_length&quot;:&quot;0&quot;,&quot;iso&quot;:&quot;0&quot;,&quot;shutter_speed&quot;:&quot;0&quot;,&quot;title&quot;:&quot;&quot;}\" data-image-title=\"ArnaldoM\u00e9ndez-ConcejalFrenteRenovador\" data-image-description=\"\" data-image-caption=\"\" data-large-file=\"https:\/\/www.hoymercedes.com.ar\/principal\/wp-content\/uploads\/2014\/04\/ArnaldoM\u00e9ndez-ConcejalFrenteRenovador2.jpg\" class=\"aligncenter size-full wp-image-32228\" src=\"https:\/\/www.hoymercedes.com.ar\/principal\/wp-content\/uploads\/2014\/04\/ArnaldoM\u00e9ndez-ConcejalFrenteRenovador2.jpg\" alt=\"ArnaldoM\u00e9ndez-ConcejalFrenteRenovador\" width=\"620\" height=\"413\" \/><\/a><\/p>\n<p><em><strong>El Concejal del Frente Renovador tuvo duros conceptos contra el Gobernador Daniel Scioli y su gesti\u00f3n. Sostuvo que no cumple con sus obligaciones en materia educativa y que lleva al estado cr\u00edtico a los comedores escolares. Entre otras afirmaciones sostuvo que Scioli s\u00f3lo se dedica a hacer campa\u00f1a y no a gestionar<\/strong><\/em>.<\/p>\n<p>La realidad educativa de la provincia poco ha cambiado en t\u00e9rminos estructurales. La larga huelga efectuada a principios de a\u00f1o por parte de los docentes gener\u00f3 una mejora salarial, pero, no termin\u00f3 de conseguir que los comedores escolares logren funcionar como corresponde. La Provincia de Buenos Aires sigue en estado cr\u00edtico y as\u00ed lo hace saber el Concejal Arnaldo M\u00e9ndez que adem\u00e1s es presidente de la Cooperadora de la Escuela N\u00b035.<\/p>\n<p>Arnaldo \u201cTucho\u201d M\u00e9ndez, Concejal del Frente Renovador, manifest\u00f3: <em>\u201cla situaci\u00f3n es preocupante para los comedores escolares de nuestro partido como del resto de la provincia. Son los que dan a nuestros peque\u00f1os una copa de leche o un almuerzo. Debemos hacer hincapi\u00e9 el abandono del Gobernador Daniel Scioli que ha hecho en toda la Provincia de todas las escuelas. Es un abandono edilicio, pero, principalmente de los comedores escolares que no est\u00e1n recibiendo la parte que corresponde para alimentaci\u00f3n de los peque\u00f1os. No env\u00edan los presupuestos a los Consejos Escolares para pagar a los proveedores y est\u00e1 en un total abandono. El Gobernador Scioli se decida a hacer campa\u00f1a, sigue, y se olvid\u00f3 de gobernar y atender a los chicos de la Provincia.\u201d.<\/em><\/p>\n<p>Respecto a si piensan realizar alguna manifestaci\u00f3n desde el partido o viabilizar alguna expresi\u00f3n desde el Concejo Deliberante, Cuerpo Deliberativo que M\u00e9ndez integra, sostuvo: \u201c<em>nosotros pensamos en ayudar. No es expresar institucionalmente. Es un problema provincial que desde el Frente Renovador se eval\u00faa c\u00f3mo trabajar en el distrito y ayudar. Hacer en la pr\u00e1ctica todo lo posible para que se de alguna asistencia a las escuelas.\u201d<\/em><\/p>\n<p>El Concejal es Presidente de la Cooperadora de la Escuela N\u00b035 y conoce la realidad plenamente dado que es una de las instituciones que est\u00e1 padeciendo la grave situaci\u00f3n de desabastecimiento material en tanto no arribo de alimentos y financiero en tanto no abono de las deudas con los diversos proveedores del sistema educativo provincial, coment\u00f3.<\/p>\n<p>M\u00e9ndez coment\u00f3: \u201c<em>la situaci\u00f3n en la escuela N\u00b035 no es sencilla. Desde provincia, como comentaba, hace largo tiempo que no mandan todas las raciones correspondientes a los chicos. Adem\u00e1s de ellos, que es grave, vemos que la proporci\u00f3n no es la adecuada. Estamos actualmente recibiendo $2 por cada ni\u00f1o en cuanto a la copa de leche y $5 pesos el almuerzo que aun envi\u00e1ndolo no alcanzar\u00eda, pero, como sostuve no llega ni siquiera para cubrir ese poqu\u00edsimo aporte. Los proveedores est\u00e1n trabajando contra factura o buscando la manera de seguir entregando lo suyo. Es una situaci\u00f3n cr\u00edtica y desesperante porque influye en la nutrici\u00f3n y el desempe\u00f1o de los chicos\u201d.<\/em><\/p>\n<p>De \u00e9sta manera se vuelve a poner en evidencia lo que los docentes denunciaban tiempo atr\u00e1s y es que los aportes, las raciones y los roles institucionales no est\u00e1n cumpli\u00e9ndose como se debe. Una situaci\u00f3n que se sospecha iba a suceder, pero, en este caso, a poco de un extenso paro, se convierte nuevamente en un contexto cr\u00edtico para todos los peque\u00f1os del sistema educativo provincial.<\/p>\n","protected":false},"excerpt":{"rendered":"<p>El Concejal del Frente Renovador tuvo duros conceptos contra el Gobernador Daniel Scioli y su gesti\u00f3n. Sostuvo que no cumple &#8230; <a title=\"M\u00e9ndez: \u201cEl Gobernador Scioli se dedica a hacer campa\u00f1a y se olvid\u00f3 de gobernar y atender a los chicos de la Provincia\u201d\" class=\"read-more\" href=\"https:\/\/www.hoymercedes.com.ar\/principal\/2014\/04\/25\/mendez-el-gobernador-scioli-se-dedica-a-hacer-campana-y-se-olvido-de-gobernar-y-atender-a-los-chicos-de-la-provincia\/\" aria-label=\"Leer m\u00e1s sobre M\u00e9ndez: \u201cEl Gobernador Scioli se dedica a hacer campa\u00f1a y se olvid\u00f3 de gobernar y atender a los chicos de la Provincia\u201d\">Leer m\u00e1s<\/a><\/p>\n","protected":false},"author":1,"featured_media":0,"comment_status":"open","ping_status":"open","sticky":false,"template":"","format":"standard","meta":{"_monsterinsights_skip_tracking":false,"_monsterinsights_sitenote_active":false,"_monsterinsights_sitenote_note":"","_monsterinsights_sitenote_category":0,"jetpack_post_was_ever_published":false,"_jetpack_newsletter_access":"","_jetpack_dont_email_post_to_subs":false,"_jetpack_newsletter_tier_id":0,"_jetpack_memberships_contains_paywalled_content":false,"_jetpack_memberships_contains_paid_content":false,"footnotes":"","jetpack_publicize_message":"","jetpack_publicize_feature_enabled":true,"jetpack_social_post_already_shared":false,"jetpack_social_options":{"image_generator_settings":{"template":"highway","default_image_id":0,"font":"","enabled":false},"version":2},"_wpas_customize_per_network":false},"categories":[5],"tags":[2218,5087,5089,3137],"class_list":["post-32226","post","type-post","status-publish","format-standard","hentry","category-politica","tag-arnaldo-mendez","tag-concejal-mendez-mercedes","tag-frente-renovador-contra-scioli-mercedes","tag-tucho-mendez","generate-columns","tablet-grid-50","mobile-grid-100","grid-parent","grid-50"],"jetpack_publicize_connections":[],"jetpack_featured_media_url":"","wps_subtitle":"\"Tucho\" M\u00e9ndez recargado","jetpack_sharing_enabled":true,"_links":{"self":[{"href":"https:\/\/www.hoymercedes.com.ar\/principal\/wp-json\/wp\/v2\/posts\/32226","targetHints":{"allow":["GET"]}}],"collection":[{"href":"https:\/\/www.hoymercedes.com.ar\/principal\/wp-json\/wp\/v2\/posts"}],"about":[{"href":"https:\/\/www.hoymercedes.com.ar\/principal\/wp-json\/wp\/v2\/types\/post"}],"author":[{"embeddable":true,"href":"https:\/\/www.hoymercedes.com.ar\/principal\/wp-json\/wp\/v2\/users\/1"}],"replies":[{"embeddable":true,"href":"https:\/\/www.hoymercedes.com.ar\/principal\/wp-json\/wp\/v2\/comments?post=32226"}],"version-history":[{"count":0,"href":"https:\/\/www.hoymercedes.com.ar\/principal\/wp-json\/wp\/v2\/posts\/32226\/revisions"}],"wp:attachment":[{"href":"https:\/\/www.hoymercedes.com.ar\/principal\/wp-json\/wp\/v2\/media?parent=32226"}],"wp:term":[{"taxonomy":"category","embeddable":true,"href":"https:\/\/www.hoymercedes.com.ar\/principal\/wp-json\/wp\/v2\/categories?post=32226"},{"taxonomy":"post_tag","embeddable":true,"href":"https:\/\/www.hoymercedes.com.ar\/principal\/wp-json\/wp\/v2\/tags?post=32226"}],"curies":[{"name":"wp","href":"https:\/\/api.w.org\/{rel}","templated":true}]}}