{"id":32281,"date":"2014-04-27T21:35:01","date_gmt":"2014-04-28T00:35:01","guid":{"rendered":"http:\/\/www.hoymercedes.com.ar\/principal\/?p=32281"},"modified":"2014-04-27T21:35:01","modified_gmt":"2014-04-28T00:35:01","slug":"frente-mercedino-propone-suspender-estacionamiento-medido","status":"publish","type":"post","link":"https:\/\/www.hoymercedes.com.ar\/principal\/2014\/04\/27\/frente-mercedino-propone-suspender-estacionamiento-medido\/","title":{"rendered":"Frente Mercedino propone suspender Estacionamiento Medido"},"content":{"rendered":"<p><em><strong>El Frente Mercedino para la Victoria gener\u00f3 un proyecto en el que buscar\u00e1 lograr el suficiente consenso en el Concejo Deliberante de nuestra ciudad para lograr la suspensi\u00f3n del estacionamiento medido en nuestra ciudad hasta tanto se logre una mejor relaci\u00f3n con el servicio, sostienen.<\/strong><\/em><\/p>\n<p>El proyecto presentado y difundido es el siguiente:<\/p>\n<p>VISTO: La implementaci\u00f3n del sistema de estacionamiento medido, desde el pasado 25 de Marzo, delimitado en un \u00e1rea espec\u00edfica del centro comercial y administrativo, de nuestra Ciudad, y<\/p>\n<p style=\"padding-left: 90px;\">CONSIDERANDO:<br \/>\n1) Que cuando en el mes de Diciembre del 2013 se debatiera en la Asamblea de Mayores Contribuyentes y Concejales el valor de la hora en el proyecto de Ordenanza Fiscal e Impositiva, ya expresamos la necesidad de hacer un cuarto intermedio y convocar a los sectores del comercio local, C\u00e1mara Econ\u00f3mica Mercedina y distintos sectores que se vieran involucrados directamente por este nuevo sistema, dado que entend\u00edamos, que fijar en $ 5 la hora, era abusivo y que requer\u00eda mayor dialogo y participaci\u00f3n, pero se nos neg\u00f3 dicha posibilidad.<br \/>\n2) Que, durante el comienzo del presente a\u00f1o, representantes del Departamento Ejecutivo anunciaron que la empresa concesionaria iba a trabajar en los meses del verano en la difusi\u00f3n del sistema de estacionamiento medido, a fin de la toma de conciencia de los ciudadanos, pero nada de eso ocurri\u00f3.<br \/>\n3) Que en la sesi\u00f3n extraordinaria del 7 de marzo del corriente a\u00f1o se le dio ingreso a un proyecto, con la firma de aproximadamente 1500 vecinos y comerciantes, que reclamaban cambios en el sistema de estacionamiento medido dise\u00f1ado por el Intendente, ya antes de su inicio, lo que motivo que por unanimidad se aprobara una resoluci\u00f3n dirigida al Departamento Ejecutivo para que analizara cambios en dicho sistema y se fomentara el dialogo y la participaci\u00f3n, y as\u00ed evitar conflictos entre los distintos sectores de la sociedad mercedina, es decir lograr mayores consensos.<\/p>\n<p style=\"padding-left: 90px;\">4) Que, transcurridos m\u00e1s de un mes y medio, y sin haberse generado ning\u00fan \u00e1mbito de dialogo, con incumplimientos varios de parte de la empresa concesionaria, como por ejemplo: no brindar toda la informaci\u00f3n sobre como funcionaria el sistema, violando claramente los derechos de usuarios, realizando solo una conferencia de prensa unos d\u00edas previas a su puesta en funcionamiento, no instalando los dos carteles por cuadra requeridos ni una m\u00e1quina expendedora por cuadra, como lo exige el convenio de concesi\u00f3n, con fecha 25 de marzo se puso en vigencia.<br \/>\n5) Que llegamos al 14 de abril, en el peor de los escenarios, y todo por la falta de dialogo, ya que luego de varias reuniones de comerciantes y vecinos en la C\u00e1mara Econ\u00f3mica Mercedina, constatado el perjuicio econ\u00f3mico, por las bajas de ventas, que le generaba a los comercios instalados dentro del \u00e1rea este sistema, decidieron movilizarse a este HCD, exigiendo cambios, con la suspensi\u00f3n inmediata hasta que se llevaran a cabo los mismos. Esto motiv\u00f3 que se habilitara la banca participativa y tratar dicha problem\u00e1tica, pero lamentablemente, esquivando una vez m\u00e1s su responsabilidad, los conceja1es de la bancada oficialista prefirieron aprobar una resoluci\u00f3n sin fijar fecha, dejando supeditado a la buena voluntad del Intendente la convocatoria de la misma<br \/>\n6) Que pasaron m\u00e1s de 10 d\u00edas de aquella resoluci\u00f3n, y quiz\u00e1s para algunos no sean muchos, pero para el comercio local que debe recaudar el dinero necesario para afrontar los gastos de alquileres, sueldos de empleados, pagos a proveedores, servicios e impuestos, entre otros gastos, es una eternidad. Igualmente, mientras el Ejecutivo sigui\u00f3 sin generar \u00e1mbitos de dialogo, el mi\u00e9rcoles 16 de este mes, en la C\u00e1mara Econ\u00f3mica de nuestra Ciudad, se realiz\u00f3 una reuni\u00f3n entre comerciantes, vecinos, concejales y la Empresa, y la misma manifest\u00f3 que no estaba cerrada a que se produjeran cambios, que eso era una decisi\u00f3n pol\u00edtica del Intendente y que ellos estaban dispuesto a acatar.<br \/>\nQue vista la cronolog\u00eda de hechos enumerada antes, es que este BLOQUE DE CONCEJALES DEL FRENTE MERCEDINO PARA LA VICTORIA propone con fuerza de<br \/>\nO R D E N A N Z A<\/p>\n<p style=\"padding-left: 90px;\">ARTICULO 1\u00ba.- Disp\u00f3nese la suspensi\u00f3n de la aplicaci\u00f3n de la ordenanza N\u00b0 7186\/2012, y de toda otra disposici\u00f3n vinculada al sistema de Estacionamiento medido.-<br \/>\nARTICULO 2\u00ba. La suspensi\u00f3n rige por el plazo de 15 d\u00edas corridos a partir de la promulgaci\u00f3n de la presente.<\/p>\n","protected":false},"excerpt":{"rendered":"<p>El Frente Mercedino para la Victoria gener\u00f3 un proyecto en el que buscar\u00e1 lograr el suficiente consenso en el Concejo &#8230; <a title=\"Frente Mercedino propone suspender Estacionamiento Medido\" class=\"read-more\" href=\"https:\/\/www.hoymercedes.com.ar\/principal\/2014\/04\/27\/frente-mercedino-propone-suspender-estacionamiento-medido\/\" aria-label=\"Leer m\u00e1s sobre Frente Mercedino propone suspender Estacionamiento Medido\">Leer m\u00e1s<\/a><\/p>\n","protected":false},"author":1,"featured_media":0,"comment_status":"open","ping_status":"open","sticky":false,"template":"","format":"standard","meta":{"_monsterinsights_skip_tracking":false,"_monsterinsights_sitenote_active":false,"_monsterinsights_sitenote_note":"","_monsterinsights_sitenote_category":0,"jetpack_post_was_ever_published":false,"_jetpack_newsletter_access":"","_jetpack_dont_email_post_to_subs":false,"_jetpack_newsletter_tier_id":0,"_jetpack_memberships_contains_paywalled_content":false,"_jetpack_memberships_contains_paid_content":false,"footnotes":"","jetpack_publicize_message":"","jetpack_publicize_feature_enabled":true,"jetpack_social_post_already_shared":false,"jetpack_social_options":{"image_generator_settings":{"template":"highway","default_image_id":0,"font":"","enabled":false},"version":2},"_wpas_customize_per_network":false},"categories":[5],"tags":[5101],"class_list":["post-32281","post","type-post","status-publish","format-standard","hentry","category-politica","tag-frente-mercedino-propone-suspender-estacionamiento-medido","generate-columns","tablet-grid-50","mobile-grid-100","grid-parent","grid-50"],"jetpack_publicize_connections":[],"jetpack_featured_media_url":"","wps_subtitle":"La pol\u00e9mica contin\u00faa ","jetpack_sharing_enabled":true,"_links":{"self":[{"href":"https:\/\/www.hoymercedes.com.ar\/principal\/wp-json\/wp\/v2\/posts\/32281","targetHints":{"allow":["GET"]}}],"collection":[{"href":"https:\/\/www.hoymercedes.com.ar\/principal\/wp-json\/wp\/v2\/posts"}],"about":[{"href":"https:\/\/www.hoymercedes.com.ar\/principal\/wp-json\/wp\/v2\/types\/post"}],"author":[{"embeddable":true,"href":"https:\/\/www.hoymercedes.com.ar\/principal\/wp-json\/wp\/v2\/users\/1"}],"replies":[{"embeddable":true,"href":"https:\/\/www.hoymercedes.com.ar\/principal\/wp-json\/wp\/v2\/comments?post=32281"}],"version-history":[{"count":0,"href":"https:\/\/www.hoymercedes.com.ar\/principal\/wp-json\/wp\/v2\/posts\/32281\/revisions"}],"wp:attachment":[{"href":"https:\/\/www.hoymercedes.com.ar\/principal\/wp-json\/wp\/v2\/media?parent=32281"}],"wp:term":[{"taxonomy":"category","embeddable":true,"href":"https:\/\/www.hoymercedes.com.ar\/principal\/wp-json\/wp\/v2\/categories?post=32281"},{"taxonomy":"post_tag","embeddable":true,"href":"https:\/\/www.hoymercedes.com.ar\/principal\/wp-json\/wp\/v2\/tags?post=32281"}],"curies":[{"name":"wp","href":"https:\/\/api.w.org\/{rel}","templated":true}]}}