{"id":32367,"date":"2014-04-28T13:45:23","date_gmt":"2014-04-28T16:45:23","guid":{"rendered":"http:\/\/www.hoymercedes.com.ar\/principal\/?p=32367"},"modified":"2014-04-28T13:45:23","modified_gmt":"2014-04-28T16:45:23","slug":"marilu-rodriguez-flamante-presidenta-en-barrio-san-francisco","status":"publish","type":"post","link":"https:\/\/www.hoymercedes.com.ar\/principal\/2014\/04\/28\/marilu-rodriguez-flamante-presidenta-en-barrio-san-francisco\/","title":{"rendered":"Maril\u00fa Rodriguez flamante presidenta en Barrio San Francisco"},"content":{"rendered":"<p><a href=\"https:\/\/www.hoymercedes.com.ar\/principal\/wp-content\/uploads\/2014\/04\/Conducci\u00f3nSanFrancisco-2014.jpg\"><img loading=\"lazy\" decoding=\"async\" data-attachment-id=\"32369\" data-permalink=\"https:\/\/www.hoymercedes.com.ar\/principal\/2014\/04\/28\/marilu-rodriguez-flamante-presidenta-en-barrio-san-francisco\/conduccionsanfrancisco-2014\/#main\" data-orig-file=\"https:\/\/www.hoymercedes.com.ar\/principal\/wp-content\/uploads\/2014\/04\/Conducci\u00f3nSanFrancisco-2014.jpg\" data-orig-size=\"620,464\" data-comments-opened=\"1\" data-image-meta=\"{&quot;aperture&quot;:&quot;0&quot;,&quot;credit&quot;:&quot;&quot;,&quot;camera&quot;:&quot;&quot;,&quot;caption&quot;:&quot;&quot;,&quot;created_timestamp&quot;:&quot;0&quot;,&quot;copyright&quot;:&quot;&quot;,&quot;focal_length&quot;:&quot;0&quot;,&quot;iso&quot;:&quot;0&quot;,&quot;shutter_speed&quot;:&quot;0&quot;,&quot;title&quot;:&quot;&quot;}\" data-image-title=\"Conducci\u00f3nSanFrancisco-2014\" data-image-description=\"\" data-image-caption=\"\" data-large-file=\"https:\/\/www.hoymercedes.com.ar\/principal\/wp-content\/uploads\/2014\/04\/Conducci\u00f3nSanFrancisco-2014.jpg\" class=\"aligncenter size-full wp-image-32369\" src=\"https:\/\/www.hoymercedes.com.ar\/principal\/wp-content\/uploads\/2014\/04\/Conducci\u00f3nSanFrancisco-2014.jpg\" alt=\"Conducci\u00f3nSanFrancisco-2014\" width=\"620\" height=\"464\" \/><\/a><\/p>\n<p><em><strong>El pasado s\u00e1bado se llevaron a cabo la elecci\u00f3n barrial en San Francisco dejando como flamante presidenta a Elsa Rodr\u00edguez tras vences a las otras dos listas presentadas. Votaron 222 vecinos. En segundo lugar qued\u00f3 Viviana Halm y tercero Mario Delgado.<\/strong><\/em><\/p>\n<p>Por la comuna asistieron como veedores Roberto Flores y Hugo Zunini. Por la Federaci\u00f3n de Sociedades se fomento se hizo presente: Oscar Acosta y Juana Garc\u00eda.<\/p>\n<p>Lista 1: 39 votos<\/p>\n<p>Lista 2: Viviana Halm 86 votos<\/p>\n<p>Lista 3: Elsa Rodr\u00edguez: 93 votos<\/p>\n<p>4 votos recurridos.<\/p>\n<p>Desde el a\u00f1o 2000 estaba a cargo de la Sociedad de Fomento Mario Delgado que no logr\u00f3 sostener su conducci\u00f3n. El horario de votaci\u00f3n fue de 16.00hs a 19.00hs. La actual conducci\u00f3n coment\u00f3 que se dio un voto en favor del barrio que est\u00e1 necesitado de acciones y obras as\u00ed como de una gesti\u00f3n activa. Ahora esperan la entrega de los libros pertinentes que la noche de la elecci\u00f3n no se suministr\u00f3 a la nueva conducci\u00f3n.\u00a0<img loading=\"lazy\" decoding=\"async\" data-attachment-id=\"32370\" data-permalink=\"https:\/\/www.hoymercedes.com.ar\/principal\/2014\/04\/28\/marilu-rodriguez-flamante-presidenta-en-barrio-san-francisco\/conduccionsanfrancisco-2014-ii\/#main\" data-orig-file=\"https:\/\/www.hoymercedes.com.ar\/principal\/wp-content\/uploads\/2014\/04\/Conducci\u00f3nSanFrancisco-2014-II.jpg\" data-orig-size=\"620,465\" data-comments-opened=\"1\" data-image-meta=\"{&quot;aperture&quot;:&quot;0&quot;,&quot;credit&quot;:&quot;&quot;,&quot;camera&quot;:&quot;&quot;,&quot;caption&quot;:&quot;&quot;,&quot;created_timestamp&quot;:&quot;0&quot;,&quot;copyright&quot;:&quot;&quot;,&quot;focal_length&quot;:&quot;0&quot;,&quot;iso&quot;:&quot;0&quot;,&quot;shutter_speed&quot;:&quot;0&quot;,&quot;title&quot;:&quot;&quot;}\" data-image-title=\"Conducci\u00f3nSanFrancisco-2014-II\" data-image-description=\"\" data-image-caption=\"\" data-large-file=\"https:\/\/www.hoymercedes.com.ar\/principal\/wp-content\/uploads\/2014\/04\/Conducci\u00f3nSanFrancisco-2014-II.jpg\" class=\"aligncenter size-full wp-image-32370\" src=\"https:\/\/www.hoymercedes.com.ar\/principal\/wp-content\/uploads\/2014\/04\/Conducci\u00f3nSanFrancisco-2014-II.jpg\" alt=\"Conducci\u00f3nSanFrancisco-2014-II\" width=\"620\" height=\"465\" \/><\/p>\n","protected":false},"excerpt":{"rendered":"<p>El pasado s\u00e1bado se llevaron a cabo la elecci\u00f3n barrial en San Francisco dejando como flamante presidenta a Elsa Rodr\u00edguez &#8230; <a title=\"Maril\u00fa Rodriguez flamante presidenta en Barrio San Francisco\" class=\"read-more\" href=\"https:\/\/www.hoymercedes.com.ar\/principal\/2014\/04\/28\/marilu-rodriguez-flamante-presidenta-en-barrio-san-francisco\/\" aria-label=\"Leer m\u00e1s sobre Maril\u00fa Rodriguez flamante presidenta en Barrio San Francisco\">Leer m\u00e1s<\/a><\/p>\n","protected":false},"author":1,"featured_media":0,"comment_status":"open","ping_status":"open","sticky":false,"template":"","format":"standard","meta":{"_monsterinsights_skip_tracking":false,"_monsterinsights_sitenote_active":false,"_monsterinsights_sitenote_note":"","_monsterinsights_sitenote_category":0,"jetpack_post_was_ever_published":false,"_jetpack_newsletter_access":"","_jetpack_dont_email_post_to_subs":false,"_jetpack_newsletter_tier_id":0,"_jetpack_memberships_contains_paywalled_content":false,"_jetpack_memberships_contains_paid_content":false,"footnotes":"","jetpack_publicize_message":"","jetpack_publicize_feature_enabled":true,"jetpack_social_post_already_shared":false,"jetpack_social_options":{"image_generator_settings":{"template":"highway","default_image_id":0,"font":"","enabled":false},"version":2},"_wpas_customize_per_network":false},"categories":[5],"tags":[3663,5110],"class_list":["post-32367","post","type-post","status-publish","format-standard","hentry","category-politica","tag-barrio-san-francisco","tag-marilu-rodriguez","generate-columns","tablet-grid-50","mobile-grid-100","grid-parent","grid-50"],"jetpack_publicize_connections":[],"jetpack_featured_media_url":"","wps_subtitle":"Elecciones barriales ","jetpack_sharing_enabled":true,"_links":{"self":[{"href":"https:\/\/www.hoymercedes.com.ar\/principal\/wp-json\/wp\/v2\/posts\/32367","targetHints":{"allow":["GET"]}}],"collection":[{"href":"https:\/\/www.hoymercedes.com.ar\/principal\/wp-json\/wp\/v2\/posts"}],"about":[{"href":"https:\/\/www.hoymercedes.com.ar\/principal\/wp-json\/wp\/v2\/types\/post"}],"author":[{"embeddable":true,"href":"https:\/\/www.hoymercedes.com.ar\/principal\/wp-json\/wp\/v2\/users\/1"}],"replies":[{"embeddable":true,"href":"https:\/\/www.hoymercedes.com.ar\/principal\/wp-json\/wp\/v2\/comments?post=32367"}],"version-history":[{"count":0,"href":"https:\/\/www.hoymercedes.com.ar\/principal\/wp-json\/wp\/v2\/posts\/32367\/revisions"}],"wp:attachment":[{"href":"https:\/\/www.hoymercedes.com.ar\/principal\/wp-json\/wp\/v2\/media?parent=32367"}],"wp:term":[{"taxonomy":"category","embeddable":true,"href":"https:\/\/www.hoymercedes.com.ar\/principal\/wp-json\/wp\/v2\/categories?post=32367"},{"taxonomy":"post_tag","embeddable":true,"href":"https:\/\/www.hoymercedes.com.ar\/principal\/wp-json\/wp\/v2\/tags?post=32367"}],"curies":[{"name":"wp","href":"https:\/\/api.w.org\/{rel}","templated":true}]}}