{"id":3237,"date":"2011-04-04T15:03:25","date_gmt":"2011-04-04T15:03:25","guid":{"rendered":"http:\/\/www.hoymercedes.com.ar\/principal\/?p=3237"},"modified":"2011-04-04T15:03:25","modified_gmt":"2011-04-04T15:03:25","slug":"partido-gen-%e2%80%9cnuestra-posicion-frente-al-presente-de-cara-hacia-el-futuro%e2%80%9d","status":"publish","type":"post","link":"https:\/\/www.hoymercedes.com.ar\/principal\/2011\/04\/04\/partido-gen-%e2%80%9cnuestra-posicion-frente-al-presente-de-cara-hacia-el-futuro%e2%80%9d\/","title":{"rendered":"Partido GEN:  \u201cNuestra posici\u00f3n frente al presente, de cara hacia el futuro\u201d"},"content":{"rendered":"<p>Declaraci\u00f3n de la Mesa Nacional del Partido GEN:\u00a0\u201cNuestra posici\u00f3n frente al presente, de cara hacia el futuro\u201d<\/p>\n<p>La renovaci\u00f3n democr\u00e1tica de las representaciones p\u00fablicas implica siempre un motivo de alegr\u00eda, porque pone en cabeza del pueblo el ejercicio m\u00e1s pleno de los derechos ciudadanos a trav\u00e9s del voto. As\u00ed es como nos plantamos frente a la apertura del proceso electoral que culminar\u00e1 con la elecci\u00f3n nacional del mes de octubre. Con ese mismo esp\u00edritu encaramos la construcci\u00f3n de un frente progresista que se constituya frente al oficialismo, como una verdadera alternativa para profundizar y mejorar la calidad del debate, de la competencia y de la democracia. Que alcance los espacios de poder real para plasmar desde la gesti\u00f3n un verdadero proyecto emancipador de la Argentina. La elecci\u00f3n se convierte, por tanto, en una extraordinaria oportunidad que estamos dispuestos a asumir con compromiso y responsabilidad, para honrar a todos aquellos que escribieron nuestra historia con su ejemplo.<\/p>\n<p>Am\u00e9rica Latina es el continente m\u00e1s desigual del planeta. Argentina replica esa desigualdad a lo largo y ancho de todo su territorio. Grupos minoritarios que aprovechan de la renta general en contraposici\u00f3n con la mayor\u00eda del pueblo acosada por conflictos irresueltos que se agravan por la falta o la ineficacia de pol\u00edticas p\u00fablicas. Entre los primeros, cuadros dirigenciales de la pol\u00edtica, el empresariado o el sindicalismo que amasan fortunas injustificables poniendo un pesado manto de sospecha a ese c\u00edrculo de relaciones que el propio estado convalida. Del otro lado, los sectores medios y m\u00e1s pobres, encuentran serias dificultades y restricciones para su pleno desarrollo, y padecen de manera directa las consecuencias de la inflaci\u00f3n y la inseguridad.<\/p>\n<p>Nuestra Naci\u00f3n cuenta con extraordinarios recursos naturales, materiales y humanos, que nos abren la posibilidad de una inserci\u00f3n mundial en las mejores condiciones para avanzar en un camino de mayor equidad distributiva, mediante el acceso al conocimiento y al empleo de calidad.<\/p>\n<p>Sin embargo, un contexto local de crispaci\u00f3n e incertidumbre, de pobreza y resignaci\u00f3n, de atropello a las libertades p\u00fablicas y una corrupci\u00f3n estructural en distintos \u00e1mbitos del gobierno, afectan nuestro futuro inmediato y nos ponen en el deber de constituir una alternativa pol\u00edtica nacional, amplia, de base program\u00e1tica y progresista y dispuesta a un fuerte cambio \u00e9tico y cultural.<\/p>\n<p>Estas urgencias que se mezclan con la apertura del proceso electoral, nos llevan a afirmar que la responsabilidad de las organizaciones pol\u00edticas y sociales que sostienen un modelo de cambio hacia la igualdad y el desarrollo, es deponer cualquier inter\u00e9s por leg\u00edtimo que parezca si est\u00e1 basado en proyectos personales o sectoriales, para conformar una Mesa frentista, que tenga capacidad de frenar los abusos del poder y demostrar su propia capacidad de gobernar la Argentina. Para eso hay que comenzar con la adopci\u00f3n de algunos lineamientos program\u00e1ticos cuya enumeraci\u00f3n no taxativa, asegure:<\/p>\n<p>&nbsp;<\/p>\n<p>1. El compromiso por una naci\u00f3n libre y soberana, que materialice el progreso social y colectivo, a trav\u00e9s de la recuperaci\u00f3n de la pol\u00edtica y del estado, de instituciones democr\u00e1ticas, equidad fiscal, federalismo cooperativo y distribuci\u00f3n de la riqueza, en el marco de la diversidad y la igualdad de oportunidades.<\/p>\n<p>2. La integraci\u00f3n regional en lo pol\u00edtico, econ\u00f3mico, social y cultural, para alcanzar una democracia global eficaz en la lucha contra la pobreza, la exclusi\u00f3n y la preservaci\u00f3n de los recursos alimentarios, naturales y energ\u00e9ticos.<\/p>\n<p>3. La promoci\u00f3n del desarrollo econ\u00f3mico, a trav\u00e9s de un industrialismo incluyente y sustentable, basado en las innovaciones tecnol\u00f3gicas, con capacidad para generar un nuevo sujeto social y cultural, para contar con una econom\u00eda competitiva en la creaci\u00f3n de empleo digno, protecci\u00f3n de los trabajadores y trabajadoras y del conjunto de sus derechos reconocidos constitucionalmente, incluyendo el derecho de informaci\u00f3n y participaci\u00f3n en las empresas y su libre agremiaci\u00f3n.<\/p>\n<p>4. La transferencia de ingresos sin condiciones para aquellos que no pueden ni deben insertarse en el mercado de trabajo: los ancianos por haber ya participado en \u00e9l, y los ni\u00f1os por estar prepar\u00e1ndose para ello. Y la prestaci\u00f3n de todos los servicios sociales p\u00fablicamente financiados en condiciones de igualdad.<\/p>\n<p>5. La promoci\u00f3n de un servicio universal de salud para todas las personas, en todos los niveles de atenci\u00f3n y complejidad y en todo el territorio de la naci\u00f3n; adem\u00e1s de la provisi\u00f3n de agua potable, redes de saneamiento b\u00e1sico, vivienda, transporte y alimentaci\u00f3n. Y la existencia de un medio ambiente sano y sustentable, combatiendo los riesgos de la contaminaci\u00f3n en todas sus manifestaciones, la preservaci\u00f3n y uso racional de los recursos naturales, bajo la gesti\u00f3n y tutela estatal.<\/p>\n<p>6. La recuperaci\u00f3n de la cultura como base de la convivencia y de la identidad; y una educaci\u00f3n de calidad, en todos sus niveles, y el acceso a la informaci\u00f3n y a la sociedad del conocimiento, al arte y a la ciencia, para la formaci\u00f3n de ciudadanos y ciudadanas libres, con capacidad reflexiva y cr\u00edtica; y como parte de un proceso de empoderamiento social y colectivo.<\/p>\n<p>7. La garant\u00eda del ejercicio pleno, universal y operativo de los derechos fundamentales a todas las personas, la equidad y perspectiva de g\u00e9nero, la participaci\u00f3n popular, las conductas \u00e9ticas y el funcionamiento eficaz y transparente del estado democr\u00e1tico y republicano, y la existencia de una justicia independiente, control sobre el poder y obligaci\u00f3n de rendici\u00f3n de cuentas de quienes cumplen funciones p\u00fablicas.<\/p>\n<p>8. La seguridad integral, individual y colectiva, como un derecho propio de la ciudadan\u00eda a partir de la protecci\u00f3n del estado y las certezas que \u00e9ste le brinde respecto de su presente y su futuro, sobre su vida personal, su libertad individual, su familia, sus bienes y contexto social. Y el compromiso p\u00fablico de lucha contra la violencia, la impunidad y el crimen organizado.<\/p>\n<p>9. El respeto a la diversidad cultural, a las minor\u00edas sociales, a las personas con capacidades diferentes, a los migrantes, a los pueblos originarios, a los usuarios y consumidores; y la promoci\u00f3n de la innovaci\u00f3n y la cooperaci\u00f3n como instrumentos centrales de cohesi\u00f3n y disminuci\u00f3n de las brechas sociales que hoy afectan a la poblaci\u00f3n.<\/p>\n<p>10. Un mayor protagonismo para los j\u00f3venes, como parte activa de este nuevo modelo de sociedad global y multicultural que debe brindarles todas las posibilidades de crecimiento y desarrollo con inclusi\u00f3n, tambi\u00e9n en clave de g\u00e9nero, para su plena libertad y emancipaci\u00f3n.<\/p>\n<p>La elecci\u00f3n primaria, abierta, simult\u00e1nea y obligatoria fijada para el 14 de agosto es incierta, tramposa, in\u00fatil y sin reglas. Es un traje a medida de las conveniencias del oficialismo, pensada como una maniobra de distracci\u00f3n para que el kirchnerismo termine de disciplinar a su tropa o de dise\u00f1ar su arquitectura de colectoras para habilitar a cualquiera. Y mucho menos la fecha puede servir para dirimir candidaturas de los partidos, ya que si se concretara solo servir\u00e1 para consolidar la coalici\u00f3n nacional, sus integrantes, l\u00edmites y programas.<\/p>\n<p>Experiencias como las de Brasil, Uruguay o el Frente Progresista de la Provincia de Santa Fe, bien podr\u00edan ser inspiradoras de una nueva propuesta para la Argentina, por la amplitud, grandeza y vocaci\u00f3n de poder con que aquellas fueron dise\u00f1adas, por el triunfo conquistado y por su capacidad de gesti\u00f3n comprobada. Necesitamos adem\u00e1s comprender la enorme incidencia que tendr\u00e1n las elecciones distritales que se lleven a cabo antes de la nacional, por lo cual hay que hacer all\u00ed todos los esfuerzos para asegurar la consolidaci\u00f3n del poder territorial de las fuerzas progresistas en C\u00f3rdoba, Santa Fe y Ciudad de Buenos Aires, como base fundamental para el triunfo en el pa\u00eds.<\/p>\n<p>Hacemos una convocatoria amplia para discutir, sin candidaturas antedatadas, un proyecto de pa\u00eds, basado en un conjunto de principios program\u00e1ticos que sean la base de un Frente Nacional que se haga cargo de la transformaci\u00f3n de las estructuras injustas, para asegurar la paz y la felicidad al conjunto del pueblo.<\/p>\n<p>Impulsamos, como muchas ciudadanas y ciudadanos, la reuni\u00f3n de una mesa de di\u00e1logo de los sectores que reivindiquen una identidad ideol\u00f3gica com\u00fan y progresista, que exprese no solo a los partidos pol\u00edticos sino tambi\u00e9n a una sociedad independiente, que exhiba trayectorias honorables en lo individual y en lo colectivo, y se comprometa con un programa de gobierno que trascienda la coyuntura electoral y asegure una gesti\u00f3n reformadora en el plano nacional y que tambi\u00e9n pueda ser replicado en provincias y municipios.<\/p>\n<p>En este sentido, el programa debe ser la base de un acuerdo que excluye a las expresiones pol\u00edticas de la derecha con quienes sostenemos profundas discrepancias en el proyecto de pa\u00eds por el que militamos. El gobierno muestra en este punto, otras de las contradicciones que caracterizan la gesti\u00f3n y el discurso de Cristina Fern\u00e1ndez de Kirchner, que cierra en las provincias acuerdos conservadores de negocios e impunidad. Rechazamos todos los intentos de rompimiento del sistema institucional y la falta de reglas de juego electoral, as\u00ed como la perpetuaci\u00f3n en el poder, como extra\u00f1a a la alternancia democr\u00e1tica. Y por tal motivo rechazamos en\u00e9rgicamente la maniobra del Gobernador Jos\u00e9 Luis Gioja para manipular la Constituci\u00f3n Provincial y habilitar su reelecci\u00f3n indefinida, y exigimos el pronunciamiento de la Presidenta de la Naci\u00f3n, avalando o condenando la pretensi\u00f3n.<\/p>\n<p>En la elecci\u00f3n de octubre no se juegan proyectos ni aspiraciones personales. Se define el futuro de la Argentina y eso obliga a comportamientos y actitudes de grandeza y patriotismo.<\/p>\n<p>Asumimos el desaf\u00edo y la responsabilidad de trabajar por una nueva agenda de pa\u00eds compartida, la recuperaci\u00f3n de la confianza y el renacer de una esperanza, hacia un futuro con justicia y dignidad.<\/p>\n<p>&nbsp;<\/p>\n","protected":false},"excerpt":{"rendered":"<p>Declaraci\u00f3n de la Mesa Nacional del Partido GEN:\u00a0\u201cNuestra posici\u00f3n frente al presente, de cara hacia el futuro\u201d La renovaci\u00f3n democr\u00e1tica &#8230; <a title=\"Partido GEN:  \u201cNuestra posici\u00f3n frente al presente, de cara hacia el futuro\u201d\" class=\"read-more\" href=\"https:\/\/www.hoymercedes.com.ar\/principal\/2011\/04\/04\/partido-gen-%e2%80%9cnuestra-posicion-frente-al-presente-de-cara-hacia-el-futuro%e2%80%9d\/\" aria-label=\"Leer m\u00e1s sobre Partido GEN:  \u201cNuestra posici\u00f3n frente al presente, de cara hacia el futuro\u201d\">Leer m\u00e1s<\/a><\/p>\n","protected":false},"author":1,"featured_media":0,"comment_status":"open","ping_status":"open","sticky":false,"template":"","format":"standard","meta":{"_monsterinsights_skip_tracking":false,"_monsterinsights_sitenote_active":false,"_monsterinsights_sitenote_note":"","_monsterinsights_sitenote_category":0,"jetpack_post_was_ever_published":false,"_jetpack_newsletter_access":"","_jetpack_dont_email_post_to_subs":false,"_jetpack_newsletter_tier_id":0,"_jetpack_memberships_contains_paywalled_content":false,"_jetpack_memberships_contains_paid_content":false,"footnotes":"","jetpack_publicize_message":"","jetpack_publicize_feature_enabled":true,"jetpack_social_post_already_shared":false,"jetpack_social_options":{"image_generator_settings":{"template":"highway","default_image_id":0,"font":"","enabled":false},"version":2},"_wpas_customize_per_network":false},"categories":[5],"tags":[319,362],"class_list":["post-3237","post","type-post","status-publish","format-standard","hentry","category-politica","tag-gen","tag-gen-mercedes","generate-columns","tablet-grid-50","mobile-grid-100","grid-parent","grid-50"],"jetpack_publicize_connections":[],"jetpack_featured_media_url":"","wps_subtitle":"","jetpack_sharing_enabled":true,"_links":{"self":[{"href":"https:\/\/www.hoymercedes.com.ar\/principal\/wp-json\/wp\/v2\/posts\/3237","targetHints":{"allow":["GET"]}}],"collection":[{"href":"https:\/\/www.hoymercedes.com.ar\/principal\/wp-json\/wp\/v2\/posts"}],"about":[{"href":"https:\/\/www.hoymercedes.com.ar\/principal\/wp-json\/wp\/v2\/types\/post"}],"author":[{"embeddable":true,"href":"https:\/\/www.hoymercedes.com.ar\/principal\/wp-json\/wp\/v2\/users\/1"}],"replies":[{"embeddable":true,"href":"https:\/\/www.hoymercedes.com.ar\/principal\/wp-json\/wp\/v2\/comments?post=3237"}],"version-history":[{"count":0,"href":"https:\/\/www.hoymercedes.com.ar\/principal\/wp-json\/wp\/v2\/posts\/3237\/revisions"}],"wp:attachment":[{"href":"https:\/\/www.hoymercedes.com.ar\/principal\/wp-json\/wp\/v2\/media?parent=3237"}],"wp:term":[{"taxonomy":"category","embeddable":true,"href":"https:\/\/www.hoymercedes.com.ar\/principal\/wp-json\/wp\/v2\/categories?post=3237"},{"taxonomy":"post_tag","embeddable":true,"href":"https:\/\/www.hoymercedes.com.ar\/principal\/wp-json\/wp\/v2\/tags?post=3237"}],"curies":[{"name":"wp","href":"https:\/\/api.w.org\/{rel}","templated":true}]}}