{"id":32557,"date":"2014-05-02T22:12:48","date_gmt":"2014-05-03T01:12:48","guid":{"rendered":"http:\/\/www.hoymercedes.com.ar\/principal\/?p=32557"},"modified":"2014-05-02T22:12:48","modified_gmt":"2014-05-03T01:12:48","slug":"de-pedro-respondio-a-periodismo-para-todos","status":"publish","type":"post","link":"https:\/\/www.hoymercedes.com.ar\/principal\/2014\/05\/02\/de-pedro-respondio-a-periodismo-para-todos\/","title":{"rendered":"De Pedro respondi\u00f3 a \u00abPeriodismo para Todos\u00bb"},"content":{"rendered":"<p><a href=\"https:\/\/www.hoymercedes.com.ar\/principal\/wp-content\/uploads\/2014\/05\/EduardoDePedro.jpg\"><img loading=\"lazy\" decoding=\"async\" data-attachment-id=\"32559\" data-permalink=\"https:\/\/www.hoymercedes.com.ar\/principal\/2014\/05\/02\/de-pedro-respondio-a-periodismo-para-todos\/eduardodepedro-2\/#main\" data-orig-file=\"https:\/\/www.hoymercedes.com.ar\/principal\/wp-content\/uploads\/2014\/05\/EduardoDePedro.jpg\" data-orig-size=\"620,411\" data-comments-opened=\"1\" data-image-meta=\"{&quot;aperture&quot;:&quot;0&quot;,&quot;credit&quot;:&quot;&quot;,&quot;camera&quot;:&quot;&quot;,&quot;caption&quot;:&quot;&quot;,&quot;created_timestamp&quot;:&quot;0&quot;,&quot;copyright&quot;:&quot;&quot;,&quot;focal_length&quot;:&quot;0&quot;,&quot;iso&quot;:&quot;0&quot;,&quot;shutter_speed&quot;:&quot;0&quot;,&quot;title&quot;:&quot;&quot;}\" data-image-title=\"EduardoDePedro\" data-image-description=\"\" data-image-caption=\"\" data-large-file=\"https:\/\/www.hoymercedes.com.ar\/principal\/wp-content\/uploads\/2014\/05\/EduardoDePedro.jpg\" class=\"aligncenter size-full wp-image-32559\" src=\"https:\/\/www.hoymercedes.com.ar\/principal\/wp-content\/uploads\/2014\/05\/EduardoDePedro.jpg\" alt=\"EduardoDePedro\" width=\"620\" height=\"411\" \/><\/a><\/p>\n<p>Tras el programa emitido por Canal 13 donde efectuaban una descripci\u00f3n de hechos vinculados a la organizaci\u00f3n y acci\u00f3n\u00a0del Frente para la Victoria y una de sus fuerzas integrantes, La C\u00e1mpora, el Diputado Nacional y mercedino Eduardo \u00abWado\u00bb De Pedro emiti\u00f3 su opini\u00f3n por medio de una carta le\u00edda fundamentalmente en medios nacionales en la cual aclara aspecto de su patrimonio personal.<\/p>\n<p>De Pedro respondi\u00f3 de dicha forma a lo que entienden son \u00abacusaciones y agravios\u00bb por parte del programa \u00abPeriodismo para todos\u00bb.<\/p>\n<p>La carta de De Pedro es la siguiente:<\/p>\n<p style=\"color: #000000; padding-left: 60px;\"><i>De mi mayor consideraci\u00f3n:<\/i><\/p>\n<p style=\"color: #000000; padding-left: 60px;\"><i>Ante la difusi\u00f3n de informaci\u00f3n incompleta y falaz referida a mi persona en la \u00faltima edici\u00f3n del programa \u201cPeriodismo Para Todos\u201d, con el objetivo manifiesto y consciente de echar un manto de sospecha sobre el origen de los bienes que componen mi patrimonio, me veo en la obligaci\u00f3n de dejar sentados los datos que constan en mi declaraci\u00f3n jurada:<\/i><\/p>\n<p style=\"color: #000000; padding-left: 60px;\"><i>&#8211; Soy propietario de un campo en el partido de Mercedes, tal como consign\u00e9 en todas mis declaraciones juradas. Las 89 hect\u00e1reas son fruto de una herencia que recib\u00ed de mi madre,desaparecida por la \u00faltima dictadura militar. El campo pas\u00f3 a ser parte de mi patrimonio en el a\u00f1o 1995, hace casi 20 a\u00f1os.<\/i><\/p>\n<p style=\"color: #000000; padding-left: 60px;\"><i>&#8211; En los a\u00f1os 1997 y 1998 mis padres Lucila R\u00e9vora y Enrique de Pedro, respectivamente, fueron indemnizados por parte del Estado Nacional (ley N\u00ba 24.411). Tal reparaci\u00f3n fue destinada a todas las v\u00edctimas de desaparici\u00f3n forzada o fallecidos por el accionar del terrorismo de Estado. Esas indemnizaciones &#8211; cada una de 224.000 d\u00f3lares &#8211; entraron en la sucesi\u00f3n que como \u00fanico heredero recib\u00ed en su totalidad.<\/i><\/p>\n<p style=\"color: #000000; padding-left: 60px;\"><i>&#8211; Con parte de ese dinero compre un departamento en Capital Federal, de 56 m2, que fue adquirido el 1\u00ba de mayo del a\u00f1o 2000.<\/i><\/p>\n<p style=\"color: #000000; padding-left: 60px;\"><i>En el a\u00f1o 2005 adquir\u00ed un local comercial en la ciudad de Mercedes.<\/i><\/p>\n<p style=\"color: #000000; padding-left: 60px;\"><i>&#8211; En el a\u00f1o 2009, con fondos propios provenientes de la explotaci\u00f3n agropecuaria, adquir\u00ed un lote en Altos de Mercedes S.A.<\/i><\/p>\n<p style=\"color: #000000; padding-left: 60px;\"><i>&#8211; Las sociedades que integro son el modo normal y tradicional de ejercer la producci\u00f3n y el comercio agropecuario regulado en la leyes de nuestro pa\u00eds.<\/i><\/p>\n<p style=\"color: #000000; padding-left: 60px;\"><i>Algunos periodistas quieren saldar la pelea pol\u00edtica de su jefe atacando a personas, y esto le hace mal al pa\u00eds y a la pol\u00edtica. Quiero dejar estos datos sentados, a\u00fan cuando son p\u00fablicos y todo ellos constan en las declaraciones juradas que a\u00f1o a a\u00f1o he presentado, para evidenciar las omisiones maliciosas referidas, cuyo \u00fanico objetivo es echar un manto de duda sobre el origen de mi patrimonio y da\u00f1ar el nombre de la organizaci\u00f3n pol\u00edtica a la que pertenezco.<\/i><\/p>\n<p style=\"color: #000000; padding-left: 60px;\"><i>Resulta importante destacar que proveo esta informaci\u00f3n con el s\u00f3lo efecto de evitar la reproducci\u00f3n de informaci\u00f3n parcial e incompleta que, tal vez bien intencionadamente, sea tomada como referencia para publicaciones futuras.<\/i><\/p>\n<p style=\"color: #000000; padding-left: 60px;\"><i>Sin m\u00e1s, saludo a Ud. muy atte.,<\/i><\/p>\n<p style=\"color: #000000; padding-left: 60px;\"><i>Eduardo \u201cWado\u201d de Pedro<\/i><\/p>\n<p style=\"color: #000000; padding-left: 60px;\"><i>Diputado Nacional por el Frente Para la Victoria<\/i><\/p>\n<p style=\"color: #000000; padding-left: 60px;\"><i>Militante de La C\u00e1mpora<\/i><\/p>\n","protected":false},"excerpt":{"rendered":"<p>Tras el programa emitido por Canal 13 donde efectuaban una descripci\u00f3n de hechos vinculados a la organizaci\u00f3n y acci\u00f3n\u00a0del Frente &#8230; <a title=\"De Pedro respondi\u00f3 a \u00abPeriodismo para Todos\u00bb\" class=\"read-more\" href=\"https:\/\/www.hoymercedes.com.ar\/principal\/2014\/05\/02\/de-pedro-respondio-a-periodismo-para-todos\/\" aria-label=\"Leer m\u00e1s sobre De Pedro respondi\u00f3 a \u00abPeriodismo para Todos\u00bb\">Leer m\u00e1s<\/a><\/p>\n","protected":false},"author":1,"featured_media":0,"comment_status":"open","ping_status":"open","sticky":false,"template":"","format":"standard","meta":{"_monsterinsights_skip_tracking":false,"_monsterinsights_sitenote_active":false,"_monsterinsights_sitenote_note":"","_monsterinsights_sitenote_category":0,"jetpack_post_was_ever_published":false,"_jetpack_newsletter_access":"","_jetpack_dont_email_post_to_subs":false,"_jetpack_newsletter_tier_id":0,"_jetpack_memberships_contains_paywalled_content":false,"_jetpack_memberships_contains_paid_content":false,"footnotes":"","jetpack_publicize_message":"","jetpack_publicize_feature_enabled":true,"jetpack_social_post_already_shared":false,"jetpack_social_options":{"image_generator_settings":{"template":"highway","default_image_id":0,"font":"","enabled":false},"version":2},"_wpas_customize_per_network":false},"categories":[5],"tags":[2686,5147,281],"class_list":["post-32557","post","type-post","status-publish","format-standard","hentry","category-politica","tag-eduardo-de-pedro","tag-respuesta-a-lanata-de-depedro","tag-wado-de-pedro","generate-columns","tablet-grid-50","mobile-grid-100","grid-parent","grid-50"],"jetpack_publicize_connections":[],"jetpack_featured_media_url":"","wps_subtitle":"Tras la emisi\u00f3n en Canal 13 ","jetpack_sharing_enabled":true,"_links":{"self":[{"href":"https:\/\/www.hoymercedes.com.ar\/principal\/wp-json\/wp\/v2\/posts\/32557","targetHints":{"allow":["GET"]}}],"collection":[{"href":"https:\/\/www.hoymercedes.com.ar\/principal\/wp-json\/wp\/v2\/posts"}],"about":[{"href":"https:\/\/www.hoymercedes.com.ar\/principal\/wp-json\/wp\/v2\/types\/post"}],"author":[{"embeddable":true,"href":"https:\/\/www.hoymercedes.com.ar\/principal\/wp-json\/wp\/v2\/users\/1"}],"replies":[{"embeddable":true,"href":"https:\/\/www.hoymercedes.com.ar\/principal\/wp-json\/wp\/v2\/comments?post=32557"}],"version-history":[{"count":0,"href":"https:\/\/www.hoymercedes.com.ar\/principal\/wp-json\/wp\/v2\/posts\/32557\/revisions"}],"wp:attachment":[{"href":"https:\/\/www.hoymercedes.com.ar\/principal\/wp-json\/wp\/v2\/media?parent=32557"}],"wp:term":[{"taxonomy":"category","embeddable":true,"href":"https:\/\/www.hoymercedes.com.ar\/principal\/wp-json\/wp\/v2\/categories?post=32557"},{"taxonomy":"post_tag","embeddable":true,"href":"https:\/\/www.hoymercedes.com.ar\/principal\/wp-json\/wp\/v2\/tags?post=32557"}],"curies":[{"name":"wp","href":"https:\/\/api.w.org\/{rel}","templated":true}]}}