{"id":32569,"date":"2014-05-03T12:32:43","date_gmt":"2014-05-03T15:32:43","guid":{"rendered":"http:\/\/www.hoymercedes.com.ar\/principal\/?p=32569"},"modified":"2014-05-03T12:32:43","modified_gmt":"2014-05-03T15:32:43","slug":"la-casa-del-pueblo-suma-apoyo-en-ingles-para-secundaria-gratis","status":"publish","type":"post","link":"https:\/\/www.hoymercedes.com.ar\/principal\/2014\/05\/03\/la-casa-del-pueblo-suma-apoyo-en-ingles-para-secundaria-gratis\/","title":{"rendered":"La Casa del Pueblo suma apoyo en Ingl\u00e9s para secundaria Gratis"},"content":{"rendered":"<div style=\"color: #000000;\"><a href=\"https:\/\/www.hoymercedes.com.ar\/principal\/wp-content\/uploads\/2014\/05\/CasadelPueblo-ApoyoEscolar.jpg\"><img loading=\"lazy\" decoding=\"async\" data-attachment-id=\"32571\" data-permalink=\"https:\/\/www.hoymercedes.com.ar\/principal\/2014\/05\/03\/la-casa-del-pueblo-suma-apoyo-en-ingles-para-secundaria-gratis\/casadelpueblo-apoyoescolar-2\/#main\" data-orig-file=\"https:\/\/www.hoymercedes.com.ar\/principal\/wp-content\/uploads\/2014\/05\/CasadelPueblo-ApoyoEscolar.jpg\" data-orig-size=\"620,470\" data-comments-opened=\"1\" data-image-meta=\"{&quot;aperture&quot;:&quot;0&quot;,&quot;credit&quot;:&quot;&quot;,&quot;camera&quot;:&quot;&quot;,&quot;caption&quot;:&quot;&quot;,&quot;created_timestamp&quot;:&quot;0&quot;,&quot;copyright&quot;:&quot;&quot;,&quot;focal_length&quot;:&quot;0&quot;,&quot;iso&quot;:&quot;0&quot;,&quot;shutter_speed&quot;:&quot;0&quot;,&quot;title&quot;:&quot;&quot;}\" data-image-title=\"CasadelPueblo-ApoyoEscolar\" data-image-description=\"\" data-image-caption=\"\" data-large-file=\"https:\/\/www.hoymercedes.com.ar\/principal\/wp-content\/uploads\/2014\/05\/CasadelPueblo-ApoyoEscolar.jpg\" class=\"aligncenter size-full wp-image-32571\" src=\"https:\/\/www.hoymercedes.com.ar\/principal\/wp-content\/uploads\/2014\/05\/CasadelPueblo-ApoyoEscolar.jpg\" alt=\"CasadelPueblo-ApoyoEscolar\" width=\"620\" height=\"470\" \/><\/a><\/div>\n<div style=\"color: #000000;\"><em><strong>A partir de este lunes 5 de mayo, a las 19 hs. en la Biblioteca de la Casa del Pueblo, comienza una nueva actividad voluntaria referida a la educaci\u00f3n de los estudiantes mercedinos, en este caso, con una de las materias que mayor dificultad presenta a muchos estudiantes, que es la del idioma Ingl\u00e9s.<\/strong><\/em><\/div>\n<div style=\"color: #000000;\"><\/div>\n<div style=\"color: #000000;\">Con la iniciativa de una docente voluntaria, se preparar\u00e1 a los estudiantes tanto para a rendici\u00f3n de ex\u00e1menes como en el acompa\u00f1amiento de las actividades diarias de la materia, con el objetivo de no perder el hilo de las clases de su respectiva escuela.<\/div>\n<div style=\"color: #000000;\">Como en principio estar\u00e1 a cargo de una sola docente, los cupos son limitados, y podr\u00e1n inscribirse el mismo d\u00eda del comienzo o a trav\u00e9s de la p\u00e1gina de facebook CASA DEL PUEBLO MERCEDES, envi\u00e1ndonos un mensaje con el nombre y edad del estudiantes.<\/div>\n<div style=\"color: #000000;\">A su vez seguimos convocando a docentes de distintas \u00e1reas para ampliar la oferta en apoyo escolar secundario.<\/div>\n<div style=\"color: #000000;\"><\/div>\n<div style=\"color: #000000;\">Por \u00faltimo, informamos que continuamos brindando clases de apoyo escolar para los estudiantes de la escuela primaria los d\u00edas martes, mi\u00e9rcoles y jueves, en dos turnos, de 15.30 a 17 horas y de 17.30 a 19 hs, como as\u00ed tambi\u00e9n continua abierta la participaci\u00f3n de voluntarios que se quieran sumar.<\/div>\n","protected":false},"excerpt":{"rendered":"<p>A partir de este lunes 5 de mayo, a las 19 hs. en la Biblioteca de la Casa del Pueblo, &#8230; <a title=\"La Casa del Pueblo suma apoyo en Ingl\u00e9s para secundaria Gratis\" class=\"read-more\" href=\"https:\/\/www.hoymercedes.com.ar\/principal\/2014\/05\/03\/la-casa-del-pueblo-suma-apoyo-en-ingles-para-secundaria-gratis\/\" aria-label=\"Leer m\u00e1s sobre La Casa del Pueblo suma apoyo en Ingl\u00e9s para secundaria Gratis\">Leer m\u00e1s<\/a><\/p>\n","protected":false},"author":1,"featured_media":0,"comment_status":"open","ping_status":"open","sticky":false,"template":"","format":"standard","meta":{"_monsterinsights_skip_tracking":false,"_monsterinsights_sitenote_active":false,"_monsterinsights_sitenote_note":"","_monsterinsights_sitenote_category":0,"jetpack_post_was_ever_published":false,"_jetpack_newsletter_access":"","_jetpack_dont_email_post_to_subs":false,"_jetpack_newsletter_tier_id":0,"_jetpack_memberships_contains_paywalled_content":false,"_jetpack_memberships_contains_paid_content":false,"footnotes":"","jetpack_publicize_message":"","jetpack_publicize_feature_enabled":true,"jetpack_social_post_already_shared":false,"jetpack_social_options":{"image_generator_settings":{"template":"highway","default_image_id":0,"font":"","enabled":false},"version":2},"_wpas_customize_per_network":false},"categories":[5],"tags":[317,3364],"class_list":["post-32569","post","type-post","status-publish","format-standard","hentry","category-politica","tag-casa-del-pueblo","tag-casa-del-pueblo-mercedes","generate-columns","tablet-grid-50","mobile-grid-100","grid-parent","grid-50"],"jetpack_publicize_connections":[],"jetpack_featured_media_url":"","wps_subtitle":"Para toda la ciudad ","jetpack_sharing_enabled":true,"_links":{"self":[{"href":"https:\/\/www.hoymercedes.com.ar\/principal\/wp-json\/wp\/v2\/posts\/32569","targetHints":{"allow":["GET"]}}],"collection":[{"href":"https:\/\/www.hoymercedes.com.ar\/principal\/wp-json\/wp\/v2\/posts"}],"about":[{"href":"https:\/\/www.hoymercedes.com.ar\/principal\/wp-json\/wp\/v2\/types\/post"}],"author":[{"embeddable":true,"href":"https:\/\/www.hoymercedes.com.ar\/principal\/wp-json\/wp\/v2\/users\/1"}],"replies":[{"embeddable":true,"href":"https:\/\/www.hoymercedes.com.ar\/principal\/wp-json\/wp\/v2\/comments?post=32569"}],"version-history":[{"count":0,"href":"https:\/\/www.hoymercedes.com.ar\/principal\/wp-json\/wp\/v2\/posts\/32569\/revisions"}],"wp:attachment":[{"href":"https:\/\/www.hoymercedes.com.ar\/principal\/wp-json\/wp\/v2\/media?parent=32569"}],"wp:term":[{"taxonomy":"category","embeddable":true,"href":"https:\/\/www.hoymercedes.com.ar\/principal\/wp-json\/wp\/v2\/categories?post=32569"},{"taxonomy":"post_tag","embeddable":true,"href":"https:\/\/www.hoymercedes.com.ar\/principal\/wp-json\/wp\/v2\/tags?post=32569"}],"curies":[{"name":"wp","href":"https:\/\/api.w.org\/{rel}","templated":true}]}}