{"id":32578,"date":"2014-05-03T16:53:24","date_gmt":"2014-05-03T19:53:24","guid":{"rendered":"http:\/\/www.hoymercedes.com.ar\/principal\/?p=32578"},"modified":"2014-05-03T16:53:24","modified_gmt":"2014-05-03T19:53:24","slug":"reunion-por-la-seguridad-en-barrio-seminario-2","status":"publish","type":"post","link":"https:\/\/www.hoymercedes.com.ar\/principal\/2014\/05\/03\/reunion-por-la-seguridad-en-barrio-seminario-2\/","title":{"rendered":"Reuni\u00f3n por la seguridad en Barrio Seminario"},"content":{"rendered":"<p><a href=\"https:\/\/www.hoymercedes.com.ar\/principal\/wp-content\/uploads\/2014\/05\/seguridad-seminario-I.jpg\"><img loading=\"lazy\" decoding=\"async\" data-attachment-id=\"32581\" data-permalink=\"https:\/\/www.hoymercedes.com.ar\/principal\/2014\/05\/03\/reunion-por-la-seguridad-en-barrio-seminario-2\/seguridad-seminario-ii\/#main\" data-orig-file=\"https:\/\/www.hoymercedes.com.ar\/principal\/wp-content\/uploads\/2014\/05\/seguridad-seminario-II.jpg\" data-orig-size=\"620,463\" data-comments-opened=\"1\" data-image-meta=\"{&quot;aperture&quot;:&quot;0&quot;,&quot;credit&quot;:&quot;&quot;,&quot;camera&quot;:&quot;&quot;,&quot;caption&quot;:&quot;&quot;,&quot;created_timestamp&quot;:&quot;0&quot;,&quot;copyright&quot;:&quot;&quot;,&quot;focal_length&quot;:&quot;0&quot;,&quot;iso&quot;:&quot;0&quot;,&quot;shutter_speed&quot;:&quot;0&quot;,&quot;title&quot;:&quot;&quot;}\" data-image-title=\"seguridad-seminario-II\" data-image-description=\"\" data-image-caption=\"\" data-large-file=\"https:\/\/www.hoymercedes.com.ar\/principal\/wp-content\/uploads\/2014\/05\/seguridad-seminario-II.jpg\" class=\"aligncenter size-full wp-image-32581\" src=\"https:\/\/www.hoymercedes.com.ar\/principal\/wp-content\/uploads\/2014\/05\/seguridad-seminario-II.jpg\" alt=\"seguridad-seminario-II\" width=\"620\" height=\"463\" \/><\/a><\/p>\n<p><em><strong>Se concret\u00f3 durante la noche de \u00e9ste viernes un encuentro en Barrio Seminario en instalaciones del Instituto Camila Rol\u00f3n y organizado por la conducci\u00f3n de la Sociedad de Fomento un encuentro por la seguridad con presencia del Director de Seguridad local y\u00a0representantes\u00a0de la polic\u00eda locla.<\/strong><\/em><\/p>\n<p>Desde la Sociedad de Fomento, conducida por Carlos Mosso, manifestaron:<em> \u00ab<span style=\"color: #37404e;\">\u00a0la comisi\u00f3n de fomento del Barrio Seminario convoco a reunirnos con las autoridades de seguridad de nuestra ciudad, decimos que fue placentero ver a m\u00e1s de 40<\/span><span class=\"text_exposed_show\" style=\"color: #37404e;\">\u00a0personas que se acercaron a la misma.\u00a0<\/span>En dicha reuni\u00f3n todos con absoluta libertad y respeto, expusieron sus ideas, sus malas experiencias, reclamaron y opinaron.\u00bb<a href=\"https:\/\/www.hoymercedes.com.ar\/principal\/wp-content\/uploads\/2014\/05\/seguridad-seminario-I.jpg\"><img loading=\"lazy\" decoding=\"async\" data-attachment-id=\"32580\" data-permalink=\"https:\/\/www.hoymercedes.com.ar\/principal\/2014\/05\/03\/reunion-por-la-seguridad-en-barrio-seminario-2\/seguridad-seminario-i\/#main\" data-orig-file=\"https:\/\/www.hoymercedes.com.ar\/principal\/wp-content\/uploads\/2014\/05\/seguridad-seminario-I.jpg\" data-orig-size=\"620,489\" data-comments-opened=\"1\" data-image-meta=\"{&quot;aperture&quot;:&quot;0&quot;,&quot;credit&quot;:&quot;&quot;,&quot;camera&quot;:&quot;&quot;,&quot;caption&quot;:&quot;&quot;,&quot;created_timestamp&quot;:&quot;0&quot;,&quot;copyright&quot;:&quot;&quot;,&quot;focal_length&quot;:&quot;0&quot;,&quot;iso&quot;:&quot;0&quot;,&quot;shutter_speed&quot;:&quot;0&quot;,&quot;title&quot;:&quot;&quot;}\" data-image-title=\"seguridad-seminario-I\" data-image-description=\"\" data-image-caption=\"\" data-large-file=\"https:\/\/www.hoymercedes.com.ar\/principal\/wp-content\/uploads\/2014\/05\/seguridad-seminario-I.jpg\" class=\"aligncenter size-full wp-image-32580\" src=\"https:\/\/www.hoymercedes.com.ar\/principal\/wp-content\/uploads\/2014\/05\/seguridad-seminario-I.jpg\" alt=\"seguridad-seminario-I\" width=\"620\" height=\"489\" \/><\/a><\/em><\/p>\n<p>Estuvieron presentes el Director de Seguridad Esteban Rossi, Jefe de Polic\u00eda Comunal Sr. Oscar A. Martignone y el Sr. Comisario Sergio Masedo, respondieron las inquietudes, reclamos, quejas, tomaron nota sobre puntos de conflicto, expusieron formas de actuar, ys orientaron de proceder.<\/p>\n<p>Mosso coment\u00f3 que:<em> \u00abTambi\u00e9n expusimos que todos somos parte de la seguridad barrial, el compromiso y solidaridad entre nosotros, es una herramienta positiva para erradicar o ayudar a erradicar a v\u00e1ndalos de un barrio muy tranquilo, que no podemos dejar de serlo por el simple hecho de no involucrarnos.\u00bb<\/em><\/p>\n<p><span class=\"text_exposed_show\" style=\"color: #37404e;\">Algunos de los puntos tratados fueron sobre los vendedores ambulantes, iluminaci\u00f3n, arboleda , veredas, c\u00e1maras de seguridad, as\u00ed como las formas de realizar denuncias en caso de ser necesario.<\/span><\/p>\n<p><span class=\"text_exposed_show\" style=\"color: #37404e;\">La\u00a0Comisi\u00f3n reparti\u00f3 a medida que llegaban los participantes, un resumen de gesti\u00f3n desde el 7\/7\/2013 a la fecha, firmaron planillas de asistencia con datos personales, adem\u00e1s les entregamos una hoja con s\u00edmbolos usados por delincuentes y una planilla orientativa de las precauciones a tomar en cada hogar.<\/span><\/p>\n<p><span class=\"text_exposed_show\" style=\"color: #37404e;\">La reuni\u00f3n vecinal empez\u00f3 media hora antes del arribo de las autoridades de las instituciones de seguridad, como una manera de generar una suerte de temario previo y cuestiones fundamentales a tratar.<\/span><\/p>\n<p><span class=\"text_exposed_show\" style=\"color: #37404e;\">La comisi\u00f3n aprovech\u00f3 para \u00a0dejar: <em>\u00abun agradeciendo la participaci\u00f3n de los presentes, se puso a disposici\u00f3n de todos repartiendo sus n\u00fameros de contactos, redes sociales y direcciones particulares, m\u00e1s que nada que difundan y se unan al grupo de Facebook \u00abBarrio Seminario\u00bb, desde que asumimos quedo muy claro que gestionamos por y para todos.\u00bb<\/em><\/p>\n<p><\/span><\/p>\n","protected":false},"excerpt":{"rendered":"<p>Se concret\u00f3 durante la noche de \u00e9ste viernes un encuentro en Barrio Seminario en instalaciones del Instituto Camila Rol\u00f3n y &#8230; <a title=\"Reuni\u00f3n por la seguridad en Barrio Seminario\" class=\"read-more\" href=\"https:\/\/www.hoymercedes.com.ar\/principal\/2014\/05\/03\/reunion-por-la-seguridad-en-barrio-seminario-2\/\" aria-label=\"Leer m\u00e1s sobre Reuni\u00f3n por la seguridad en Barrio Seminario\">Leer m\u00e1s<\/a><\/p>\n","protected":false},"author":1,"featured_media":0,"comment_status":"open","ping_status":"open","sticky":false,"template":"","format":"standard","meta":{"_monsterinsights_skip_tracking":false,"_monsterinsights_sitenote_active":false,"_monsterinsights_sitenote_note":"","_monsterinsights_sitenote_category":0,"jetpack_post_was_ever_published":false,"_jetpack_newsletter_access":"","_jetpack_dont_email_post_to_subs":false,"_jetpack_newsletter_tier_id":0,"_jetpack_memberships_contains_paywalled_content":false,"_jetpack_memberships_contains_paid_content":false,"footnotes":"","jetpack_publicize_message":"","jetpack_publicize_feature_enabled":true,"jetpack_social_post_already_shared":false,"jetpack_social_options":{"image_generator_settings":{"template":"highway","default_image_id":0,"font":"","enabled":false},"version":2},"_wpas_customize_per_network":false},"categories":[8],"tags":[5150,5151,5149,4932,126,864],"class_list":["post-32578","post","type-post","status-publish","format-standard","hentry","category-sociedad","tag-barrio-seminario-mercedes","tag-carlos-mosso-barrio-seminario","tag-carlos-mosso-mercedes","tag-esteban-rossi-director-de-seguridad","tag-policia-mercedes","tag-seguridad-mercedes","generate-columns","tablet-grid-50","mobile-grid-100","grid-parent","grid-50"],"jetpack_publicize_connections":[],"jetpack_featured_media_url":"","wps_subtitle":"Organizado por Sociedad de Fomento","jetpack_sharing_enabled":true,"_links":{"self":[{"href":"https:\/\/www.hoymercedes.com.ar\/principal\/wp-json\/wp\/v2\/posts\/32578","targetHints":{"allow":["GET"]}}],"collection":[{"href":"https:\/\/www.hoymercedes.com.ar\/principal\/wp-json\/wp\/v2\/posts"}],"about":[{"href":"https:\/\/www.hoymercedes.com.ar\/principal\/wp-json\/wp\/v2\/types\/post"}],"author":[{"embeddable":true,"href":"https:\/\/www.hoymercedes.com.ar\/principal\/wp-json\/wp\/v2\/users\/1"}],"replies":[{"embeddable":true,"href":"https:\/\/www.hoymercedes.com.ar\/principal\/wp-json\/wp\/v2\/comments?post=32578"}],"version-history":[{"count":0,"href":"https:\/\/www.hoymercedes.com.ar\/principal\/wp-json\/wp\/v2\/posts\/32578\/revisions"}],"wp:attachment":[{"href":"https:\/\/www.hoymercedes.com.ar\/principal\/wp-json\/wp\/v2\/media?parent=32578"}],"wp:term":[{"taxonomy":"category","embeddable":true,"href":"https:\/\/www.hoymercedes.com.ar\/principal\/wp-json\/wp\/v2\/categories?post=32578"},{"taxonomy":"post_tag","embeddable":true,"href":"https:\/\/www.hoymercedes.com.ar\/principal\/wp-json\/wp\/v2\/tags?post=32578"}],"curies":[{"name":"wp","href":"https:\/\/api.w.org\/{rel}","templated":true}]}}