{"id":32583,"date":"2014-05-04T11:40:15","date_gmt":"2014-05-04T14:40:15","guid":{"rendered":"http:\/\/www.hoymercedes.com.ar\/principal\/?p=32583"},"modified":"2014-05-04T11:40:15","modified_gmt":"2014-05-04T14:40:15","slug":"cuestionan-a-arlia-y-su-explicacion-por-falta-de-obras-en-rutas","status":"publish","type":"post","link":"https:\/\/www.hoymercedes.com.ar\/principal\/2014\/05\/04\/cuestionan-a-arlia-y-su-explicacion-por-falta-de-obras-en-rutas\/","title":{"rendered":"Cuestionan a Arl\u00eda y su explicaci\u00f3n por falta de obras en rutas"},"content":{"rendered":"<p><a href=\"https:\/\/www.hoymercedes.com.ar\/principal\/wp-content\/uploads\/2014\/05\/RicardoVago.jpg\"><img loading=\"lazy\" decoding=\"async\" data-attachment-id=\"32585\" data-permalink=\"https:\/\/www.hoymercedes.com.ar\/principal\/2014\/05\/04\/cuestionan-a-arlia-y-su-explicacion-por-falta-de-obras-en-rutas\/ricardovago\/#main\" data-orig-file=\"https:\/\/www.hoymercedes.com.ar\/principal\/wp-content\/uploads\/2014\/05\/RicardoVago.jpg\" data-orig-size=\"620,481\" data-comments-opened=\"1\" data-image-meta=\"{&quot;aperture&quot;:&quot;0&quot;,&quot;credit&quot;:&quot;&quot;,&quot;camera&quot;:&quot;&quot;,&quot;caption&quot;:&quot;&quot;,&quot;created_timestamp&quot;:&quot;0&quot;,&quot;copyright&quot;:&quot;&quot;,&quot;focal_length&quot;:&quot;0&quot;,&quot;iso&quot;:&quot;0&quot;,&quot;shutter_speed&quot;:&quot;0&quot;,&quot;title&quot;:&quot;&quot;}\" data-image-title=\"RicardoVago\" data-image-description=\"\" data-image-caption=\"\" data-large-file=\"https:\/\/www.hoymercedes.com.ar\/principal\/wp-content\/uploads\/2014\/05\/RicardoVago.jpg\" class=\"aligncenter size-full wp-image-32585\" src=\"https:\/\/www.hoymercedes.com.ar\/principal\/wp-content\/uploads\/2014\/05\/RicardoVago.jpg\" alt=\"RicardoVago\" width=\"620\" height=\"481\" \/><\/a><\/p>\n<p><em><strong>El Ministro de Infraestructura de la Provincia de Buenos Aires busca colocar la atenci\u00f3n de los reales motivos por los cuales su gesti\u00f3n no logr\u00f3 avanzar con obras en las rutas provinciales colg\u00e1ndose de explicaciones suaves, como m\u00ednimo.<\/strong><\/em><\/p>\n<p>La Ruta N\u00ba41 se encuentra en p\u00e9simas condiciones. A\u00f1o tras a\u00f1o anuncian obras, licitaciones, re licitaciones, discursos en las c\u00e1maras legislativas, fotos con expedientes y toda la pomposidad de los anuncios de la campa\u00f1a permanente.<\/p>\n<p>En \u00e9sta ocasi\u00f3n sostuvo el Ministro, que y ha tenido m\u00faltiples cruces con intendente y legisladores en el pasado, no se realizan las obras por la inflaci\u00f3n, instancia m\u00e1s que endeble considerando que \u00e9l es parte de una instituci\u00f3n, del Estado provincial, que es Ente recaudador y controlador de las principales l\u00edneas econ\u00f3micas de la provincia. Los resortes econ\u00f3micos, que se dicen.<\/p>\n<p>Fue e propio gobernados Daniel Scioli quien en Mercedes habl\u00f3 de que posee una econom\u00eda provincial en desarrollo, saneada, con crecimiento econ\u00f3mico, con procesos de obras y m\u00e1s. O el Sr. Gobernador ve una realidad distorsionada o es Arl\u00eda el que est\u00e1 desenfocado. Una de las dos visiones no encaja.<\/p>\n<p><em>\u00abLa decisi\u00f3n de suspender las obras viales es criminal. La devaluaci\u00f3n puede afectar en parte. Se est\u00e1 ocultando que se suspende la inversi\u00f3n en activos de capital por fondos corrientes\u00bb <\/em>declar\u00f3 el Diputado provincial del FAP, Ricargo Vago ante las declaraciones del Ministro y remarc\u00f3: \u00abHay un pedazo de la ruta que va de Giles a Arrecifes que no existe, por ejemplo. Es un desastre\u00bb, sostuvo.<\/p>\n<p>Ricardo Vago es parte de la Uni\u00f3n de Usuarios Viales. El debate est\u00e1 encendido y, todos los ca\u00f1ones, apuntan al Ministro Arl\u00eda.<\/p>\n","protected":false},"excerpt":{"rendered":"<p>El Ministro de Infraestructura de la Provincia de Buenos Aires busca colocar la atenci\u00f3n de los reales motivos por los &#8230; <a title=\"Cuestionan a Arl\u00eda y su explicaci\u00f3n por falta de obras en rutas\" class=\"read-more\" href=\"https:\/\/www.hoymercedes.com.ar\/principal\/2014\/05\/04\/cuestionan-a-arlia-y-su-explicacion-por-falta-de-obras-en-rutas\/\" aria-label=\"Leer m\u00e1s sobre Cuestionan a Arl\u00eda y su explicaci\u00f3n por falta de obras en rutas\">Leer m\u00e1s<\/a><\/p>\n","protected":false},"author":1,"featured_media":0,"comment_status":"open","ping_status":"open","sticky":false,"template":"","format":"standard","meta":{"_monsterinsights_skip_tracking":false,"_monsterinsights_sitenote_active":false,"_monsterinsights_sitenote_note":"","_monsterinsights_sitenote_category":0,"jetpack_post_was_ever_published":false,"_jetpack_newsletter_access":"","_jetpack_dont_email_post_to_subs":false,"_jetpack_newsletter_tier_id":0,"_jetpack_memberships_contains_paywalled_content":false,"_jetpack_memberships_contains_paid_content":false,"footnotes":"","jetpack_publicize_message":"","jetpack_publicize_feature_enabled":true,"jetpack_social_post_already_shared":false,"jetpack_social_options":{"image_generator_settings":{"template":"highway","default_image_id":0,"font":"","enabled":false},"version":2},"_wpas_customize_per_network":false},"categories":[85],"tags":[2945,5152,2670,5116],"class_list":["post-32583","post","type-post","status-publish","format-standard","hentry","category-policial","tag-arlia","tag-ricardo-vago","tag-ruta-41","tag-rutas-provinciales","generate-columns","tablet-grid-50","mobile-grid-100","grid-parent","grid-50"],"jetpack_publicize_connections":[],"jetpack_featured_media_url":"","wps_subtitle":"Vago responde a Arl\u00eda","jetpack_sharing_enabled":true,"_links":{"self":[{"href":"https:\/\/www.hoymercedes.com.ar\/principal\/wp-json\/wp\/v2\/posts\/32583","targetHints":{"allow":["GET"]}}],"collection":[{"href":"https:\/\/www.hoymercedes.com.ar\/principal\/wp-json\/wp\/v2\/posts"}],"about":[{"href":"https:\/\/www.hoymercedes.com.ar\/principal\/wp-json\/wp\/v2\/types\/post"}],"author":[{"embeddable":true,"href":"https:\/\/www.hoymercedes.com.ar\/principal\/wp-json\/wp\/v2\/users\/1"}],"replies":[{"embeddable":true,"href":"https:\/\/www.hoymercedes.com.ar\/principal\/wp-json\/wp\/v2\/comments?post=32583"}],"version-history":[{"count":0,"href":"https:\/\/www.hoymercedes.com.ar\/principal\/wp-json\/wp\/v2\/posts\/32583\/revisions"}],"wp:attachment":[{"href":"https:\/\/www.hoymercedes.com.ar\/principal\/wp-json\/wp\/v2\/media?parent=32583"}],"wp:term":[{"taxonomy":"category","embeddable":true,"href":"https:\/\/www.hoymercedes.com.ar\/principal\/wp-json\/wp\/v2\/categories?post=32583"},{"taxonomy":"post_tag","embeddable":true,"href":"https:\/\/www.hoymercedes.com.ar\/principal\/wp-json\/wp\/v2\/tags?post=32583"}],"curies":[{"name":"wp","href":"https:\/\/api.w.org\/{rel}","templated":true}]}}