{"id":32591,"date":"2014-05-04T11:54:20","date_gmt":"2014-05-04T14:54:20","guid":{"rendered":"http:\/\/www.hoymercedes.com.ar\/principal\/?p=32591"},"modified":"2014-05-04T11:54:20","modified_gmt":"2014-05-04T14:54:20","slug":"detenido-tras-accidentarse-en-la-moto-que-robo","status":"publish","type":"post","link":"https:\/\/www.hoymercedes.com.ar\/principal\/2014\/05\/04\/detenido-tras-accidentarse-en-la-moto-que-robo\/","title":{"rendered":"Detenido tras accidentarse en la moto que rob\u00f3"},"content":{"rendered":"<p><a href=\"https:\/\/www.hoymercedes.com.ar\/principal\/wp-content\/uploads\/2014\/05\/policia.jpg\"><img loading=\"lazy\" decoding=\"async\" data-attachment-id=\"32593\" data-permalink=\"https:\/\/www.hoymercedes.com.ar\/principal\/2014\/05\/04\/detenido-tras-accidentarse-en-la-moto-que-robo\/policia-6\/#main\" data-orig-file=\"https:\/\/www.hoymercedes.com.ar\/principal\/wp-content\/uploads\/2014\/05\/policia.jpg\" data-orig-size=\"620,165\" data-comments-opened=\"1\" data-image-meta=\"{&quot;aperture&quot;:&quot;0&quot;,&quot;credit&quot;:&quot;&quot;,&quot;camera&quot;:&quot;&quot;,&quot;caption&quot;:&quot;&quot;,&quot;created_timestamp&quot;:&quot;0&quot;,&quot;copyright&quot;:&quot;&quot;,&quot;focal_length&quot;:&quot;0&quot;,&quot;iso&quot;:&quot;0&quot;,&quot;shutter_speed&quot;:&quot;0&quot;,&quot;title&quot;:&quot;&quot;}\" data-image-title=\"policia\" data-image-description=\"\" data-image-caption=\"\" data-large-file=\"https:\/\/www.hoymercedes.com.ar\/principal\/wp-content\/uploads\/2014\/05\/policia.jpg\" class=\"aligncenter size-full wp-image-32593\" src=\"https:\/\/www.hoymercedes.com.ar\/principal\/wp-content\/uploads\/2014\/05\/policia.jpg\" alt=\"policia\" width=\"620\" height=\"165\" \/><\/a><\/p>\n<p><em><strong>Al inicio de la semana que pas\u00f3 aconteci\u00f3 el particular hecho. Un joven que rob\u00f3 una motocicleta se accident\u00f3 con la misma. Qued\u00f3 a disposici\u00f3n de la justicia. No logr\u00f3 controlarla y debi\u00f3 recibir atenciones m\u00e9dicas.\u00a0<\/strong><\/em><\/p>\n<p>La Polic\u00eda se dirigi\u00f3 a un accidente ocurrido en calles 28 y 63, donde un joven hab\u00eda perdido el control de la motocicleta que conduc\u00eda, marca Yamaha DT, de 125 cc, color negra, mientras estaban asistiendo por parte de las autoridades sanitarias al m\u00f3vil se le avisa de la denuncia de robo que se estaba produciendo en la Comisaria.<\/p>\n<p>Las fuerzas policiales fueron avisadas de que\u00a0all\u00ed se encontraba un joven denunciando el robo de la moto, la que hab\u00eda dejado en calle 51 y 18, y as\u00ed, viendo que el conductor de la moto se encontraba fuera de peligro, lo detuvieron, pudiendo determinar que se trataba de un mayor de edad de apellido Cherso. El mismo qued\u00f3 detenido a imputado por el delito de robo.<\/p>\n","protected":false},"excerpt":{"rendered":"<p>Al inicio de la semana que pas\u00f3 aconteci\u00f3 el particular hecho. Un joven que rob\u00f3 una motocicleta se accident\u00f3 con &#8230; <a title=\"Detenido tras accidentarse en la moto que rob\u00f3\" class=\"read-more\" href=\"https:\/\/www.hoymercedes.com.ar\/principal\/2014\/05\/04\/detenido-tras-accidentarse-en-la-moto-que-robo\/\" aria-label=\"Leer m\u00e1s sobre Detenido tras accidentarse en la moto que rob\u00f3\">Leer m\u00e1s<\/a><\/p>\n","protected":false},"author":1,"featured_media":0,"comment_status":"open","ping_status":"open","sticky":false,"template":"","format":"standard","meta":{"_monsterinsights_skip_tracking":false,"_monsterinsights_sitenote_active":false,"_monsterinsights_sitenote_note":"","_monsterinsights_sitenote_category":0,"jetpack_post_was_ever_published":false,"_jetpack_newsletter_access":"","_jetpack_dont_email_post_to_subs":false,"_jetpack_newsletter_tier_id":0,"_jetpack_memberships_contains_paywalled_content":false,"_jetpack_memberships_contains_paid_content":false,"footnotes":"","jetpack_publicize_message":"","jetpack_publicize_feature_enabled":true,"jetpack_social_post_already_shared":false,"jetpack_social_options":{"image_generator_settings":{"template":"highway","default_image_id":0,"font":"","enabled":false},"version":2},"_wpas_customize_per_network":false},"categories":[85],"tags":[832,5155,5154],"class_list":["post-32591","post","type-post","status-publish","format-standard","hentry","category-policial","tag-accidente","tag-mercedes-robos","tag-moto-robada","generate-columns","tablet-grid-50","mobile-grid-100","grid-parent","grid-50"],"jetpack_publicize_connections":[],"jetpack_featured_media_url":"","wps_subtitle":"Las motos: objetivo permanente","jetpack_sharing_enabled":true,"_links":{"self":[{"href":"https:\/\/www.hoymercedes.com.ar\/principal\/wp-json\/wp\/v2\/posts\/32591","targetHints":{"allow":["GET"]}}],"collection":[{"href":"https:\/\/www.hoymercedes.com.ar\/principal\/wp-json\/wp\/v2\/posts"}],"about":[{"href":"https:\/\/www.hoymercedes.com.ar\/principal\/wp-json\/wp\/v2\/types\/post"}],"author":[{"embeddable":true,"href":"https:\/\/www.hoymercedes.com.ar\/principal\/wp-json\/wp\/v2\/users\/1"}],"replies":[{"embeddable":true,"href":"https:\/\/www.hoymercedes.com.ar\/principal\/wp-json\/wp\/v2\/comments?post=32591"}],"version-history":[{"count":0,"href":"https:\/\/www.hoymercedes.com.ar\/principal\/wp-json\/wp\/v2\/posts\/32591\/revisions"}],"wp:attachment":[{"href":"https:\/\/www.hoymercedes.com.ar\/principal\/wp-json\/wp\/v2\/media?parent=32591"}],"wp:term":[{"taxonomy":"category","embeddable":true,"href":"https:\/\/www.hoymercedes.com.ar\/principal\/wp-json\/wp\/v2\/categories?post=32591"},{"taxonomy":"post_tag","embeddable":true,"href":"https:\/\/www.hoymercedes.com.ar\/principal\/wp-json\/wp\/v2\/tags?post=32591"}],"curies":[{"name":"wp","href":"https:\/\/api.w.org\/{rel}","templated":true}]}}