{"id":3264,"date":"2011-04-06T04:36:46","date_gmt":"2011-04-06T04:36:46","guid":{"rendered":"http:\/\/www.hoymercedes.com.ar\/principal\/?p=3264"},"modified":"2011-04-06T04:36:46","modified_gmt":"2011-04-06T04:36:46","slug":"gustavo-pajarito-gutierrez-inaugura-este-sabado-8-su-casa-nueva","status":"publish","type":"post","link":"https:\/\/www.hoymercedes.com.ar\/principal\/2011\/04\/06\/gustavo-pajarito-gutierrez-inaugura-este-sabado-8-su-casa-nueva\/","title":{"rendered":"Gustavo \u00abPajarito\u00bb Guti\u00e9rrez inaugura este s\u00e1bado 8 su casa nueva"},"content":{"rendered":"<figure id=\"attachment_3266\" aria-describedby=\"caption-attachment-3266\" style=\"width: 290px\" class=\"wp-caption alignleft\"><a href=\"https:\/\/www.hoymercedes.com.ar\/principal\/wp-content\/uploads\/2011\/04\/GGutierrez.jpg\"><img loading=\"lazy\" decoding=\"async\" data-attachment-id=\"3266\" data-permalink=\"https:\/\/www.hoymercedes.com.ar\/principal\/2011\/04\/06\/gustavo-pajarito-gutierrez-inaugura-este-sabado-8-su-casa-nueva\/ggutierrez\/#main\" data-orig-file=\"https:\/\/www.hoymercedes.com.ar\/principal\/wp-content\/uploads\/2011\/04\/GGutierrez.jpg\" data-orig-size=\"400,281\" data-comments-opened=\"1\" data-image-meta=\"{&quot;aperture&quot;:&quot;5.6&quot;,&quot;credit&quot;:&quot;&quot;,&quot;camera&quot;:&quot;COOLPIX L10&quot;,&quot;caption&quot;:&quot;&quot;,&quot;created_timestamp&quot;:&quot;1301732279&quot;,&quot;copyright&quot;:&quot;Copyright 2006&quot;,&quot;focal_length&quot;:&quot;6.2&quot;,&quot;iso&quot;:&quot;64&quot;,&quot;shutter_speed&quot;:&quot;0.0051867219917012&quot;,&quot;title&quot;:&quot;&quot;}\" data-image-title=\"GGutierrez\" data-image-description=\"\" data-image-caption=\"\" data-large-file=\"https:\/\/www.hoymercedes.com.ar\/principal\/wp-content\/uploads\/2011\/04\/GGutierrez.jpg\" class=\"size-medium wp-image-3266\" title=\"GGutierrez\" src=\"https:\/\/www.hoymercedes.com.ar\/principal\/wp-content\/uploads\/2011\/04\/GGutierrez-300x210.jpg\" alt=\"\" width=\"300\" height=\"210\" srcset=\"https:\/\/www.hoymercedes.com.ar\/principal\/wp-content\/uploads\/2011\/04\/GGutierrez-300x210.jpg 300w, https:\/\/www.hoymercedes.com.ar\/principal\/wp-content\/uploads\/2011\/04\/GGutierrez.jpg 400w\" sizes=\"auto, (max-width: 300px) 100vw, 300px\" \/><\/a><figcaption id=\"caption-attachment-3266\" class=\"wp-caption-text\">Gustavo Guti\u00e9rrez<\/figcaption><\/figure>\n<p>Gustavo \u201cpajarito\u201d  Guti\u00e9rrez, ex integrante de la Direcci\u00f3n de Seguridad de la comuna en \u00e9pocas del Comisario Torchia como principal eslab\u00f3n de la misma se prepara para dejar oficialmente inaugurada su sede partidaria en calle 24 entre 25 y 27 en el piso superior de Casa Magad\u00e1n, donde funcionara durante mucho tiempo una Academia Mercantil de conocido prestigio en la ciudad, como un nuevo basti\u00f3n pol\u00edtico en nuestra ciudad de Francisco De Narv\u00e1ez.<\/p>\n<p>En declaraciones a la prensa, Guti\u00e9rrez sostuvo \u201cese d\u00eda vamos a contar con la presencia de muchos dirigentes que integran la l\u00ednea de Uni\u00f3n Convocatoria Peronista que trabaja en torno de la candidatura de Francisco  De Narv\u00e1ez que es una de las dos existentes en nuestra ciudad ya que tambi\u00e9n de cuenta con la Celeste y Blanca que lidera Juan Carlos Ben\u00edtez.<\/p>\n<p>&nbsp;<\/p>\n<p>Con relaci\u00f3n a las autoridades provinciales que vendr\u00e1n no puedo dar nombres porque ya sabemos todo como son las actividades pol\u00edticas y muchas veces a ocurrido que se anunci\u00f3 a una persona y luego esta por nuevos compromiso no pudo venir\u201d.<\/p>\n<p>Posteriormente se refiri\u00f3  a una posible interna justamente con Juan Carlos Ben\u00edtes para definir qui\u00e9n ser+a el candidato en nuestra ciudad manifestando \u201cen primer t\u00e9rmino quiero decir que nosotros hemos salido a jugar pol\u00edticamente en Mercedes porque pretendemos sumar, no es para nada nuestra intenci\u00f3n dividir. De cualquier manera creo que la decisi\u00f3n final la tendr\u00e1 el propio De Narv\u00e1ez. Nosotros vamos a trabajar desde el lugar que podamos escuchando a la gente, dando la oportunidad de manifestar cuales son sus reclamos que por cierto en los \u00faltimos tiempos se han incrementado de manera notable\u201d.<\/p>\n<p>Se sabe que adem\u00e1s de las autoridades provinciales se har\u00e1n presente responsables de dicha agrupaci\u00f3n pol\u00edtica pertenecientes a distritos de la regi\u00f3n.<\/p>\n<p>&nbsp;<\/p>\n","protected":false},"excerpt":{"rendered":"<p>Gustavo \u201cpajarito\u201d Guti\u00e9rrez, ex integrante de la Direcci\u00f3n de Seguridad de la comuna en \u00e9pocas del Comisario Torchia como principal &#8230; <a title=\"Gustavo \u00abPajarito\u00bb Guti\u00e9rrez inaugura este s\u00e1bado 8 su casa nueva\" class=\"read-more\" href=\"https:\/\/www.hoymercedes.com.ar\/principal\/2011\/04\/06\/gustavo-pajarito-gutierrez-inaugura-este-sabado-8-su-casa-nueva\/\" aria-label=\"Leer m\u00e1s sobre Gustavo \u00abPajarito\u00bb Guti\u00e9rrez inaugura este s\u00e1bado 8 su casa nueva\">Leer m\u00e1s<\/a><\/p>\n","protected":false},"author":1,"featured_media":0,"comment_status":"open","ping_status":"open","sticky":false,"template":"","format":"standard","meta":{"_monsterinsights_skip_tracking":false,"_monsterinsights_sitenote_active":false,"_monsterinsights_sitenote_note":"","_monsterinsights_sitenote_category":0,"jetpack_post_was_ever_published":false,"_jetpack_newsletter_access":"","_jetpack_dont_email_post_to_subs":false,"_jetpack_newsletter_tier_id":0,"_jetpack_memberships_contains_paywalled_content":false,"_jetpack_memberships_contains_paid_content":false,"footnotes":"","jetpack_publicize_message":"","jetpack_publicize_feature_enabled":true,"jetpack_social_post_already_shared":false,"jetpack_social_options":{"image_generator_settings":{"template":"highway","default_image_id":0,"font":"","enabled":false},"version":2},"_wpas_customize_per_network":false},"categories":[5],"tags":[632,633],"class_list":["post-3264","post","type-post","status-publish","format-standard","hentry","category-politica","tag-gustavo-gutierrez","tag-pro","generate-columns","tablet-grid-50","mobile-grid-100","grid-parent","grid-50"],"jetpack_publicize_connections":[],"jetpack_featured_media_url":"","wps_subtitle":"","jetpack_sharing_enabled":true,"_links":{"self":[{"href":"https:\/\/www.hoymercedes.com.ar\/principal\/wp-json\/wp\/v2\/posts\/3264","targetHints":{"allow":["GET"]}}],"collection":[{"href":"https:\/\/www.hoymercedes.com.ar\/principal\/wp-json\/wp\/v2\/posts"}],"about":[{"href":"https:\/\/www.hoymercedes.com.ar\/principal\/wp-json\/wp\/v2\/types\/post"}],"author":[{"embeddable":true,"href":"https:\/\/www.hoymercedes.com.ar\/principal\/wp-json\/wp\/v2\/users\/1"}],"replies":[{"embeddable":true,"href":"https:\/\/www.hoymercedes.com.ar\/principal\/wp-json\/wp\/v2\/comments?post=3264"}],"version-history":[{"count":0,"href":"https:\/\/www.hoymercedes.com.ar\/principal\/wp-json\/wp\/v2\/posts\/3264\/revisions"}],"wp:attachment":[{"href":"https:\/\/www.hoymercedes.com.ar\/principal\/wp-json\/wp\/v2\/media?parent=3264"}],"wp:term":[{"taxonomy":"category","embeddable":true,"href":"https:\/\/www.hoymercedes.com.ar\/principal\/wp-json\/wp\/v2\/categories?post=3264"},{"taxonomy":"post_tag","embeddable":true,"href":"https:\/\/www.hoymercedes.com.ar\/principal\/wp-json\/wp\/v2\/tags?post=3264"}],"curies":[{"name":"wp","href":"https:\/\/api.w.org\/{rel}","templated":true}]}}