{"id":32648,"date":"2014-05-06T23:27:06","date_gmt":"2014-05-07T02:27:06","guid":{"rendered":"http:\/\/www.hoymercedes.com.ar\/principal\/?p=32648"},"modified":"2014-05-06T23:30:56","modified_gmt":"2014-05-07T02:30:56","slug":"bossio-desde-2003-la-cantidad-de-jubilados-y-pensionados-en-mercedes-aumento-un-57","status":"publish","type":"post","link":"https:\/\/www.hoymercedes.com.ar\/principal\/2014\/05\/06\/bossio-desde-2003-la-cantidad-de-jubilados-y-pensionados-en-mercedes-aumento-un-57\/","title":{"rendered":"Bossio: \u201cDesde 2003 la cantidad de jubilados y pensionados en Mercedes aument\u00f3 un 57%\u00bb"},"content":{"rendered":"<p><a href=\"https:\/\/www.hoymercedes.com.ar\/principal\/wp-content\/uploads\/2014\/05\/bossio-diego.jpg\"><img loading=\"lazy\" decoding=\"async\" data-attachment-id=\"32650\" data-permalink=\"https:\/\/www.hoymercedes.com.ar\/principal\/2014\/05\/06\/bossio-desde-2003-la-cantidad-de-jubilados-y-pensionados-en-mercedes-aumento-un-57\/bossio-diego\/#main\" data-orig-file=\"https:\/\/www.hoymercedes.com.ar\/principal\/wp-content\/uploads\/2014\/05\/bossio-diego.jpg\" data-orig-size=\"620,411\" data-comments-opened=\"1\" data-image-meta=\"{&quot;aperture&quot;:&quot;0&quot;,&quot;credit&quot;:&quot;&quot;,&quot;camera&quot;:&quot;&quot;,&quot;caption&quot;:&quot;&quot;,&quot;created_timestamp&quot;:&quot;0&quot;,&quot;copyright&quot;:&quot;&quot;,&quot;focal_length&quot;:&quot;0&quot;,&quot;iso&quot;:&quot;0&quot;,&quot;shutter_speed&quot;:&quot;0&quot;,&quot;title&quot;:&quot;&quot;}\" data-image-title=\"bossio-diego\" data-image-description=\"\" data-image-caption=\"\" data-large-file=\"https:\/\/www.hoymercedes.com.ar\/principal\/wp-content\/uploads\/2014\/05\/bossio-diego.jpg\" class=\"aligncenter size-full wp-image-32650\" src=\"https:\/\/www.hoymercedes.com.ar\/principal\/wp-content\/uploads\/2014\/05\/bossio-diego.jpg\" alt=\"bossio-diego\" width=\"620\" height=\"411\" \/><\/a><\/p>\n<p><em><strong>Lo afirm\u00f3 el Director Ejecutivo de la ANSES. Adem\u00e1s, en dicha localidad bonaerense las Pensiones No Contributivas (PNC) que abona el organismo se incrementaron en un 67,81%.<\/strong><\/em><\/p>\n<p>Al d\u00eda de la fecha, en Mercedes hay 7528 jubilados y 3274 pensionados (10.802 en total), lo que representa un aumento del 57,67% respecto al 2003, cuando exist\u00edan 6851 jubilados y pensionados en la mencionada localidad bonaerense. Con respecto a las Pensiones No Contributivas tambi\u00e9n se puede apreciar un incremento considerable: en abril de 2014 se registraron 2521 titulares de este derecho, mientras que en el 2013 hab\u00eda 301. Esto represent\u00f3 una variaci\u00f3n positiva del 67,81%.<\/p>\n<p>En tal sentido, Bossio remarc\u00f3 que \u201cel hecho de que haya aumentado la cantidad de jubilados en toda la Argentina no es casualidad, sino que es fruto del trabajo conjunto y de la decisi\u00f3n de N\u00e9stor Kirchner y de la Presidenta Cristina Fern\u00e1ndez. Desde la ANSES estamos haciendo un trabajo muy fuerte todos los d\u00edas para llegar mejor a cada jubilado y a cada pensionado de la provincia de Buenos Aires y del pa\u00eds. Soy un convencido de que la \u00fanica forma de mejorar es profundizando en los aciertos y rectificando lo que haya que rectificar. El proceso de inclusi\u00f3n que vivimos en la Argentina es responsabilidad y logro de todos, por lo que tambi\u00e9n implica un desaf\u00edo cuidarlo y profundizarlo todos los d\u00edas un poquito. Sabemos que todav\u00eda nos queda mucho por hacer por los jubilados, pero es mucho lo que se hizo para recuperar un sistema p\u00fablico de reparto con inclusi\u00f3n y lo vamos a defender\u201d.<\/p>\n<p>La presidenta de la Naci\u00f3n, Cristina Fern\u00e1ndez de Kirchner, anunci\u00f3 un aumento en los haberes del 11,31% para el primer semestre del a\u00f1o para 7.360.957 titulares de derecho, que lo percibieron en el mes de marzo pasado. De ellos, 5.907.860 son jubilados y pensionados nacionales y 1.453.097 son titulares de Pensiones No Contributivas (PNC) y excombatientes de Malvinas. De esta manera, la m\u00ednima jubilatoria pas\u00f3 de $2477 a $2757 y el ingreso medio se elev\u00f3 de $4316 a $4804. Esto implic\u00f3 un incremento anual del haber m\u00ednimo entre marzo de 2013 y marzo de 2014 del 27,35%.<\/p>\n<p>En estos \u00faltimos diez a\u00f1os de gesti\u00f3n, adem\u00e1s, se otorgaron m\u00e1s de 2,7 millones de jubilaciones y pensiones del SIPA, gracias en gran parte al Plan de Inclusi\u00f3n Previsional. El 45,6% de los nuevos jubilados y pensionados ingresaron gracias a este Plan de moratoria previsional.<\/p>\n<p>Desde la puesta en vigencia de la Ley de Movilidad 26.417 en marzo de 2009, que efect\u00faa un ajuste autom\u00e1tico de los valores previsionales dos veces por a\u00f1o, ya se efectuaron once incrementos en los haberes jubilatorios, lo que representa un total de 300% de aumento general de las jubilaciones y pensiones.<\/p>\n<p>Desde febrero de 2003 a septiembre de 2013, la jubilaci\u00f3n m\u00ednima se increment\u00f3 un 1.551%, y gracias a la Ley de Movilidad Jubilatoria, desde febrero de 2009 todas las jubilaciones y pensiones se incrementaron un 259%.<\/p>\n<p>\u201cNo solo aumentamos la m\u00ednima jubilatoria m\u00e1s que el resto y otorgamos dos aumentos jubilatorios al a\u00f1o, sino que tambi\u00e9n hemos triplicado la cantidad de jubilados y pensionados a nivel nacional\u201d, finaliz\u00f3 Diego Bossio, Director Ejecutivo de la ANSES.<\/p>\n<p>La cobertura previsional pas\u00f3 del 66,1% en 2003 a un 93,4% a fines 2013, constituy\u00e9ndose en una de las m\u00e1s altas de Latinoam\u00e9rica.<\/p>\n<p><span style=\"color: #808080;\">Fuente: Anses<\/span><\/p>\n","protected":false},"excerpt":{"rendered":"<p>Lo afirm\u00f3 el Director Ejecutivo de la ANSES. Adem\u00e1s, en dicha localidad bonaerense las Pensiones No Contributivas (PNC) que abona &#8230; <a title=\"Bossio: \u201cDesde 2003 la cantidad de jubilados y pensionados en Mercedes aument\u00f3 un 57%\u00bb\" class=\"read-more\" href=\"https:\/\/www.hoymercedes.com.ar\/principal\/2014\/05\/06\/bossio-desde-2003-la-cantidad-de-jubilados-y-pensionados-en-mercedes-aumento-un-57\/\" aria-label=\"Leer m\u00e1s sobre Bossio: \u201cDesde 2003 la cantidad de jubilados y pensionados en Mercedes aument\u00f3 un 57%\u00bb\">Leer m\u00e1s<\/a><\/p>\n","protected":false},"author":1,"featured_media":0,"comment_status":"open","ping_status":"open","sticky":false,"template":"","format":"standard","meta":{"_monsterinsights_skip_tracking":false,"_monsterinsights_sitenote_active":false,"_monsterinsights_sitenote_note":"","_monsterinsights_sitenote_category":0,"jetpack_post_was_ever_published":false,"_jetpack_newsletter_access":"","_jetpack_dont_email_post_to_subs":false,"_jetpack_newsletter_tier_id":0,"_jetpack_memberships_contains_paywalled_content":false,"_jetpack_memberships_contains_paid_content":false,"footnotes":"","jetpack_publicize_message":"","jetpack_publicize_feature_enabled":true,"jetpack_social_post_already_shared":false,"jetpack_social_options":{"image_generator_settings":{"template":"highway","default_image_id":0,"font":"","enabled":false},"version":2},"_wpas_customize_per_network":false},"categories":[5],"tags":[35,3702,5084],"class_list":["post-32648","post","type-post","status-publish","format-standard","hentry","category-politica","tag-anses-mercedes","tag-diego-bossio","tag-diego-bossio-mercedes","generate-columns","tablet-grid-50","mobile-grid-100","grid-parent","grid-50"],"jetpack_publicize_connections":[],"jetpack_featured_media_url":"","wps_subtitle":"Estado Nacional y Beneficios sociales","jetpack_sharing_enabled":true,"_links":{"self":[{"href":"https:\/\/www.hoymercedes.com.ar\/principal\/wp-json\/wp\/v2\/posts\/32648","targetHints":{"allow":["GET"]}}],"collection":[{"href":"https:\/\/www.hoymercedes.com.ar\/principal\/wp-json\/wp\/v2\/posts"}],"about":[{"href":"https:\/\/www.hoymercedes.com.ar\/principal\/wp-json\/wp\/v2\/types\/post"}],"author":[{"embeddable":true,"href":"https:\/\/www.hoymercedes.com.ar\/principal\/wp-json\/wp\/v2\/users\/1"}],"replies":[{"embeddable":true,"href":"https:\/\/www.hoymercedes.com.ar\/principal\/wp-json\/wp\/v2\/comments?post=32648"}],"version-history":[{"count":0,"href":"https:\/\/www.hoymercedes.com.ar\/principal\/wp-json\/wp\/v2\/posts\/32648\/revisions"}],"wp:attachment":[{"href":"https:\/\/www.hoymercedes.com.ar\/principal\/wp-json\/wp\/v2\/media?parent=32648"}],"wp:term":[{"taxonomy":"category","embeddable":true,"href":"https:\/\/www.hoymercedes.com.ar\/principal\/wp-json\/wp\/v2\/categories?post=32648"},{"taxonomy":"post_tag","embeddable":true,"href":"https:\/\/www.hoymercedes.com.ar\/principal\/wp-json\/wp\/v2\/tags?post=32648"}],"curies":[{"name":"wp","href":"https:\/\/api.w.org\/{rel}","templated":true}]}}