{"id":32692,"date":"2014-05-09T10:28:36","date_gmt":"2014-05-09T13:28:36","guid":{"rendered":"http:\/\/www.hoymercedes.com.ar\/principal\/?p=32692"},"modified":"2014-05-09T10:28:36","modified_gmt":"2014-05-09T13:28:36","slug":"benitez-retomara-al-pro-de-mauricio-macri","status":"publish","type":"post","link":"https:\/\/www.hoymercedes.com.ar\/principal\/2014\/05\/09\/benitez-retomara-al-pro-de-mauricio-macri\/","title":{"rendered":"Ben\u00edtez retomar\u00e1 al PRO de Mauricio Macri"},"content":{"rendered":"<p><a href=\"https:\/\/www.hoymercedes.com.ar\/principal\/wp-content\/uploads\/2014\/05\/benitez.jpg\"><img loading=\"lazy\" decoding=\"async\" data-attachment-id=\"32694\" data-permalink=\"https:\/\/www.hoymercedes.com.ar\/principal\/2014\/05\/09\/benitez-retomara-al-pro-de-mauricio-macri\/benitez-4\/#main\" data-orig-file=\"https:\/\/www.hoymercedes.com.ar\/principal\/wp-content\/uploads\/2014\/05\/benitez.jpg\" data-orig-size=\"620,248\" data-comments-opened=\"1\" data-image-meta=\"{&quot;aperture&quot;:&quot;5.6&quot;,&quot;credit&quot;:&quot;&quot;,&quot;camera&quot;:&quot;NIKON D600&quot;,&quot;caption&quot;:&quot;&quot;,&quot;created_timestamp&quot;:&quot;1373369591&quot;,&quot;copyright&quot;:&quot;&quot;,&quot;focal_length&quot;:&quot;36&quot;,&quot;iso&quot;:&quot;160&quot;,&quot;shutter_speed&quot;:&quot;0.0125&quot;,&quot;title&quot;:&quot;&quot;}\" data-image-title=\"benitez\" data-image-description=\"\" data-image-caption=\"\" data-large-file=\"https:\/\/www.hoymercedes.com.ar\/principal\/wp-content\/uploads\/2014\/05\/benitez.jpg\" class=\"aligncenter size-full wp-image-32694\" src=\"https:\/\/www.hoymercedes.com.ar\/principal\/wp-content\/uploads\/2014\/05\/benitez.jpg\" alt=\"benitez\" width=\"620\" height=\"248\" \/><\/a><\/p>\n<p><em><strong>Juan Carlos Ben\u00edtez ha decidido empezar a sembrar el terreno para que florezca su retorno al PRO, espacio que le dio una victoria en el pasado cuando era Uni\u00f3n Pro y le permiti\u00f3 meter tres ediles que finalizaron su mandato recientemente, en 2013, cuando \u00e9l si renov\u00f3, pero, ya desde la mano del Frente Renovador junto a Carlos Selva.<\/strong><\/em><\/p>\n<p>El pase lo hizo alegando que se trataba de un espacio opositor al gobierno nacional y que adem\u00e1s colaboraba de dicha manera con la gobernabilidad del ejecutivo local. Ahora, a cinco meses, empez\u00f3 a dar lugar al cambio a trav\u00e9s de los medios de comunicaci\u00f3n. Sin eufemismo y con elogios a la gesti\u00f3n de Mauricio Macri sostuvo no dejar\u00e1 de trabajar en pos de la estabilidad pol\u00edtica de Selva en el Deliberativo, pero, desde su propia construcci\u00f3n.<\/p>\n<p>Ahora lo que se preguntan muchos es si la banca debe mantenerla o entreg\u00e1rsela al Frente Renovador, partido con el cual accedi\u00f3.<\/p>\n<p>Benitez comienza, o retoma, de \u00e9sta manera el camino pensando en ser candidato a intendente en 2015. Sill\u00f3n que desde hace tiempo busca y ser\u00eda la coronaci\u00f3n de su extensa carrera pol\u00edtica.<\/p>\n","protected":false},"excerpt":{"rendered":"<p>Juan Carlos Ben\u00edtez ha decidido empezar a sembrar el terreno para que florezca su retorno al PRO, espacio que le &#8230; <a title=\"Ben\u00edtez retomar\u00e1 al PRO de Mauricio Macri\" class=\"read-more\" href=\"https:\/\/www.hoymercedes.com.ar\/principal\/2014\/05\/09\/benitez-retomara-al-pro-de-mauricio-macri\/\" aria-label=\"Leer m\u00e1s sobre Ben\u00edtez retomar\u00e1 al PRO de Mauricio Macri\">Leer m\u00e1s<\/a><\/p>\n","protected":false},"author":1,"featured_media":0,"comment_status":"open","ping_status":"open","sticky":false,"template":"","format":"standard","meta":{"_monsterinsights_skip_tracking":false,"_monsterinsights_sitenote_active":false,"_monsterinsights_sitenote_note":"","_monsterinsights_sitenote_category":0,"jetpack_post_was_ever_published":false,"_jetpack_newsletter_access":"","_jetpack_dont_email_post_to_subs":false,"_jetpack_newsletter_tier_id":0,"_jetpack_memberships_contains_paywalled_content":false,"_jetpack_memberships_contains_paid_content":false,"footnotes":"","jetpack_publicize_message":"","jetpack_publicize_feature_enabled":true,"jetpack_social_post_already_shared":false,"jetpack_social_options":{"image_generator_settings":{"template":"highway","default_image_id":0,"font":"","enabled":false},"version":2},"_wpas_customize_per_network":false},"categories":[5],"tags":[3537,313,2185,364],"class_list":["post-32692","post","type-post","status-publish","format-standard","hentry","category-politica","tag-frente-renovador","tag-juan-carlos-benitez","tag-pro-mercedes","tag-union-pro","generate-columns","tablet-grid-50","mobile-grid-100","grid-parent","grid-50"],"jetpack_publicize_connections":[],"jetpack_featured_media_url":"","wps_subtitle":"Deja el Frente Renovador ","jetpack_sharing_enabled":true,"_links":{"self":[{"href":"https:\/\/www.hoymercedes.com.ar\/principal\/wp-json\/wp\/v2\/posts\/32692","targetHints":{"allow":["GET"]}}],"collection":[{"href":"https:\/\/www.hoymercedes.com.ar\/principal\/wp-json\/wp\/v2\/posts"}],"about":[{"href":"https:\/\/www.hoymercedes.com.ar\/principal\/wp-json\/wp\/v2\/types\/post"}],"author":[{"embeddable":true,"href":"https:\/\/www.hoymercedes.com.ar\/principal\/wp-json\/wp\/v2\/users\/1"}],"replies":[{"embeddable":true,"href":"https:\/\/www.hoymercedes.com.ar\/principal\/wp-json\/wp\/v2\/comments?post=32692"}],"version-history":[{"count":0,"href":"https:\/\/www.hoymercedes.com.ar\/principal\/wp-json\/wp\/v2\/posts\/32692\/revisions"}],"wp:attachment":[{"href":"https:\/\/www.hoymercedes.com.ar\/principal\/wp-json\/wp\/v2\/media?parent=32692"}],"wp:term":[{"taxonomy":"category","embeddable":true,"href":"https:\/\/www.hoymercedes.com.ar\/principal\/wp-json\/wp\/v2\/categories?post=32692"},{"taxonomy":"post_tag","embeddable":true,"href":"https:\/\/www.hoymercedes.com.ar\/principal\/wp-json\/wp\/v2\/tags?post=32692"}],"curies":[{"name":"wp","href":"https:\/\/api.w.org\/{rel}","templated":true}]}}