{"id":32714,"date":"2014-05-10T03:19:00","date_gmt":"2014-05-10T06:19:00","guid":{"rendered":"http:\/\/www.hoymercedes.com.ar\/principal\/?p=32714"},"modified":"2014-05-10T03:19:00","modified_gmt":"2014-05-10T06:19:00","slug":"wado-de-pedro-vice-presidente-del-pj-nacional","status":"publish","type":"post","link":"https:\/\/www.hoymercedes.com.ar\/principal\/2014\/05\/10\/wado-de-pedro-vice-presidente-del-pj-nacional\/","title":{"rendered":"Wado De Pedro Vice Presidente del PJ Nacional"},"content":{"rendered":"<p><em><a href=\"https:\/\/www.hoymercedes.com.ar\/principal\/wp-content\/uploads\/2014\/05\/wadovicedelpj1.jpg\"><img loading=\"lazy\" decoding=\"async\" data-attachment-id=\"32716\" data-permalink=\"https:\/\/www.hoymercedes.com.ar\/principal\/2014\/05\/10\/wado-de-pedro-vice-presidente-del-pj-nacional\/wadovicedelpj1\/#main\" data-orig-file=\"https:\/\/www.hoymercedes.com.ar\/principal\/wp-content\/uploads\/2014\/05\/wadovicedelpj1.jpg\" data-orig-size=\"620,413\" data-comments-opened=\"1\" data-image-meta=\"{&quot;aperture&quot;:&quot;0&quot;,&quot;credit&quot;:&quot;&quot;,&quot;camera&quot;:&quot;&quot;,&quot;caption&quot;:&quot;&quot;,&quot;created_timestamp&quot;:&quot;0&quot;,&quot;copyright&quot;:&quot;&quot;,&quot;focal_length&quot;:&quot;0&quot;,&quot;iso&quot;:&quot;0&quot;,&quot;shutter_speed&quot;:&quot;0&quot;,&quot;title&quot;:&quot;&quot;}\" data-image-title=\"wadovicedelpj1\" data-image-description=\"\" data-image-caption=\"\" data-large-file=\"https:\/\/www.hoymercedes.com.ar\/principal\/wp-content\/uploads\/2014\/05\/wadovicedelpj1.jpg\" class=\"aligncenter size-full wp-image-32716\" src=\"https:\/\/www.hoymercedes.com.ar\/principal\/wp-content\/uploads\/2014\/05\/wadovicedelpj1.jpg\" alt=\"wadovicedelpj1\" width=\"620\" height=\"413\" \/><\/a><\/em><\/p>\n<p><em><strong>El diputado nacional del Frente para la Victoria Eduardo \u00abWado\u00bb de Pedro, quien hace dos d\u00edas \u200b\u200bfue designado como apoderado del peronismo bonaerense, es el nuevo vicepresidente 4\u00b0 del Partido Justicialista Nacional, que eligi\u00f3 en el Congreso de Parque Norte al gobernador de Jujuy, Eduardo Fellner, como presidente y a Jorge Capitanich, Antonio Cal\u00f3 y Beatriz Rojkes de Alperovich como sus otros tres vicepresidentes.<\/strong><\/em><\/p>\n<p>Como vicepresidentes honorarios fueron designados Juli\u00e1n Dom\u00ednguez, An\u00edbal Fern\u00e1ndez, Florencio Randazzo, Agust\u00edn Rossi, Daniel Scioli, Sergio Uribarri y Juan Manuel Urtubey.<\/p>\n<p>La trayectoria pol\u00edtica de Wado de Pedro comenz\u00f3 con su militancia en H.I.J.O.S., adonde lleg\u00f3 como resultado de la b\u00fasqueda de su historia personal. Durante esos a\u00f1os, comenz\u00f3 a acercarse a la militancia universitaria de la mano de la agrupaci\u00f3n NBI, en la Facultad de Derecho de la Universidad de Buenos Aires. All\u00ed curs\u00f3 sus estudios universitarios hasta recibirse de abogado, y conoci\u00f3 a sus compa\u00f1eros de militancia con quienes hoy comparte su pertenencia a La C\u00e1mpora. Tras su formaci\u00f3n universitaria, realiz\u00f3 un posgrado en Administraci\u00f3n y Pol\u00edticas P\u00fablicas en la Universidad de San Andr\u00e9s.<em><a href=\"https:\/\/www.hoymercedes.com.ar\/principal\/wp-content\/uploads\/2014\/05\/wadovicedelpj2.jpg\"><img loading=\"lazy\" decoding=\"async\" data-attachment-id=\"32717\" data-permalink=\"https:\/\/www.hoymercedes.com.ar\/principal\/2014\/05\/10\/wado-de-pedro-vice-presidente-del-pj-nacional\/wadovicedelpj2\/#main\" data-orig-file=\"https:\/\/www.hoymercedes.com.ar\/principal\/wp-content\/uploads\/2014\/05\/wadovicedelpj2.jpg\" data-orig-size=\"620,413\" data-comments-opened=\"1\" data-image-meta=\"{&quot;aperture&quot;:&quot;0&quot;,&quot;credit&quot;:&quot;&quot;,&quot;camera&quot;:&quot;&quot;,&quot;caption&quot;:&quot;T\\u00e9lam, Buenos Aires 09\/05\/2014: El diputado Eduardo Wado de Pedro, el reelecto Presidente del PJ, Eduardo Fellner, el Vicepresidente del PJ, Jorge Capitanich y el diputado provincial, Jos\\u00e9 Ottavis, durante la conferencia de prensa ofrecida luego de la elecci\\u00f3n de las nuevas auroridades del PJ, realizado en Parque Norte.Foto: Alejandro Santa Cruz\/T\\u00e9lam\/lz&quot;,&quot;created_timestamp&quot;:&quot;0&quot;,&quot;copyright&quot;:&quot;&quot;,&quot;focal_length&quot;:&quot;0&quot;,&quot;iso&quot;:&quot;0&quot;,&quot;shutter_speed&quot;:&quot;0&quot;,&quot;title&quot;:&quot;&quot;}\" data-image-title=\"wadovicedelpj2\" data-image-description=\"&lt;p&gt;T\u00e9lam, Buenos Aires 09\/05\/2014: El diputado Eduardo Wado de Pedro, el reelecto Presidente del PJ, Eduardo Fellner, el Vicepresidente del PJ, Jorge Capitanich y el diputado provincial, Jos\u00e9 Ottavis, durante la conferencia de prensa ofrecida luego de la elecci\u00f3n de las nuevas auroridades del PJ, realizado en Parque Norte.Foto: Alejandro Santa Cruz\/T\u00e9lam\/lz&lt;\/p&gt;\n\" data-image-caption=\"\" data-large-file=\"https:\/\/www.hoymercedes.com.ar\/principal\/wp-content\/uploads\/2014\/05\/wadovicedelpj2.jpg\" class=\"aligncenter size-full wp-image-32717\" src=\"https:\/\/www.hoymercedes.com.ar\/principal\/wp-content\/uploads\/2014\/05\/wadovicedelpj2.jpg\" alt=\"wadovicedelpj2\" width=\"620\" height=\"413\" \/><\/a><\/em><\/p>\n<p>Fue vicepresidente de la aerol\u00ednea de bandera Aerol\u00edneas Argentinas y posteriormente, en diciembre de 2011, asumi\u00f3 como diputado nacional por el Frente Para la Victoria. Desde all\u00ed impuls\u00f3 proyectos que van en sinton\u00eda con las pol\u00edticas p\u00fablicas del kirchnerismo, como el resarcimiento a los damnificados por la explosi\u00f3n en R\u00edo Tercero,\u00a0la creaci\u00f3n de un plan nacional para la lucha contra el Alzheimer o la creaci\u00f3n de herramientas que faciliten a los consumidores la defensa de sus derechos, entre otros.<\/p>\n<p>Luego de su designaci\u00f3n, De Pedro indic\u00f3 que \u00abel objetivo principal es generar discusi\u00f3n dentro del Partido, formaci\u00f3n de cuadros y apoyar a la Presidenta Cristina Fern\u00e1ndez de Kirchner\u00bb.<\/p>\n<p>En di\u00e1logo con la prensa, durante la realizaci\u00f3n del Congreso Nacional del Partido Justicialista en Parque Norte, De Pedro asegur\u00f3 que \u00abnuestra posici\u00f3n es la de seguir dando las discusiones que el Partido necesite\u00bb.<\/p>\n<p>\u00abEstamos convencidos de que la formaci\u00f3n pol\u00edtica dentro del partido para la juventud y para todos va a ser un eje fundamental como lo viene siendo Gestar\u00bb, asegur\u00f3 el diputado nacional y tambi\u00e9n referente de La C\u00e1mpora en referencia al Instituto de Estudios y Formaci\u00f3n Pol\u00edtica del Partido Justicialista.<\/p>\n<p>Asimismo, destac\u00f3 el marco de amplitud en el que se llev\u00f3 a cabo el encuentro y \u00abla unidad del peronismo encolumnado detr\u00e1s de la conducci\u00f3n de la Presidenta\u00bb.<\/p>\n<p>Por otra parte, record\u00f3 que \u00abN\u00e9stor Kirchner dec\u00eda que por el estado en el que \u00e9l recibi\u00f3 el gobierno nacional, hac\u00edan falta muchos a\u00f1os de transformaci\u00f3n permanente y continua para que nuestro pueblo vuelva a tener la dignidad que merece, para que se genere pleno empleo como una vez hubo y que haya un nivel de industrializaci\u00f3n y desarrollo acorde a lo que todos los argentinos quieren\u00bb.<\/p>\n<p>Adem\u00e1s, De Pedro afirm\u00f3 que \u00abcomo j\u00f3venes debemos seguir form\u00e1ndonos, aprendiendo de dirigentes como N\u00e9stor (Kirchner) y Cristina (Fern\u00e1ndez de Kirchner), de (Juan Domingo) Per\u00f3n y de Eva (Per\u00f3n)\u00bb.<\/p>\n<p>En ese sentido, resalt\u00f3 que \u00abla juventud requiere formaci\u00f3n permanente y dentro de Partido nos abocaremos a eso y por supuesto a la militancia territorial en cada barrio de nuestra Naci\u00f3n\u00bb.<\/p>\n<p><span style=\"color: rgb(128, 128, 128);\">Fuente: Frente Mercedino<\/span><\/p>\n","protected":false},"excerpt":{"rendered":"<p>El diputado nacional del Frente para la Victoria Eduardo \u00abWado\u00bb de Pedro, quien hace dos d\u00edas \u200b\u200bfue designado como apoderado &#8230; <a title=\"Wado De Pedro Vice Presidente del PJ Nacional\" class=\"read-more\" href=\"https:\/\/www.hoymercedes.com.ar\/principal\/2014\/05\/10\/wado-de-pedro-vice-presidente-del-pj-nacional\/\" aria-label=\"Leer m\u00e1s sobre Wado De Pedro Vice Presidente del PJ Nacional\">Leer m\u00e1s<\/a><\/p>\n","protected":false},"author":1,"featured_media":0,"comment_status":"open","ping_status":"open","sticky":false,"template":"","format":"standard","meta":{"_monsterinsights_skip_tracking":false,"_monsterinsights_sitenote_active":false,"_monsterinsights_sitenote_note":"","_monsterinsights_sitenote_category":0,"jetpack_post_was_ever_published":false,"_jetpack_newsletter_access":"","_jetpack_dont_email_post_to_subs":false,"_jetpack_newsletter_tier_id":0,"_jetpack_memberships_contains_paywalled_content":false,"_jetpack_memberships_contains_paid_content":false,"footnotes":"","jetpack_publicize_message":"","jetpack_publicize_feature_enabled":true,"jetpack_social_post_already_shared":false,"jetpack_social_options":{"image_generator_settings":{"template":"highway","default_image_id":0,"font":"","enabled":false},"version":2},"_wpas_customize_per_network":false},"categories":[5],"tags":[5173,281],"class_list":["post-32714","post","type-post","status-publish","format-standard","hentry","category-politica","tag-pj-nacional","tag-wado-de-pedro","generate-columns","tablet-grid-50","mobile-grid-100","grid-parent","grid-50"],"jetpack_publicize_connections":[],"jetpack_featured_media_url":"","wps_subtitle":"Construcci\u00f3n pol\u00edtica ","jetpack_sharing_enabled":true,"_links":{"self":[{"href":"https:\/\/www.hoymercedes.com.ar\/principal\/wp-json\/wp\/v2\/posts\/32714","targetHints":{"allow":["GET"]}}],"collection":[{"href":"https:\/\/www.hoymercedes.com.ar\/principal\/wp-json\/wp\/v2\/posts"}],"about":[{"href":"https:\/\/www.hoymercedes.com.ar\/principal\/wp-json\/wp\/v2\/types\/post"}],"author":[{"embeddable":true,"href":"https:\/\/www.hoymercedes.com.ar\/principal\/wp-json\/wp\/v2\/users\/1"}],"replies":[{"embeddable":true,"href":"https:\/\/www.hoymercedes.com.ar\/principal\/wp-json\/wp\/v2\/comments?post=32714"}],"version-history":[{"count":0,"href":"https:\/\/www.hoymercedes.com.ar\/principal\/wp-json\/wp\/v2\/posts\/32714\/revisions"}],"wp:attachment":[{"href":"https:\/\/www.hoymercedes.com.ar\/principal\/wp-json\/wp\/v2\/media?parent=32714"}],"wp:term":[{"taxonomy":"category","embeddable":true,"href":"https:\/\/www.hoymercedes.com.ar\/principal\/wp-json\/wp\/v2\/categories?post=32714"},{"taxonomy":"post_tag","embeddable":true,"href":"https:\/\/www.hoymercedes.com.ar\/principal\/wp-json\/wp\/v2\/tags?post=32714"}],"curies":[{"name":"wp","href":"https:\/\/api.w.org\/{rel}","templated":true}]}}