{"id":32749,"date":"2014-05-11T22:04:32","date_gmt":"2014-05-12T01:04:32","guid":{"rendered":"http:\/\/www.hoymercedes.com.ar\/principal\/?p=32749"},"modified":"2014-05-11T22:16:47","modified_gmt":"2014-05-12T01:16:47","slug":"mic-mercedes-lanzado-con-el-pro-y-macri","status":"publish","type":"post","link":"https:\/\/www.hoymercedes.com.ar\/principal\/2014\/05\/11\/mic-mercedes-lanzado-con-el-pro-y-macri\/","title":{"rendered":"MIC y Jos\u00e9 Cestari relanzados con el PRO y Macri"},"content":{"rendered":"<p><a href=\"https:\/\/www.hoymercedes.com.ar\/principal\/wp-content\/uploads\/2014\/05\/MIC-PRO-II.jpg\"><img loading=\"lazy\" decoding=\"async\" data-attachment-id=\"32756\" data-permalink=\"https:\/\/www.hoymercedes.com.ar\/principal\/2014\/05\/11\/mic-mercedes-lanzado-con-el-pro-y-macri\/mic-pro-ii\/#main\" data-orig-file=\"https:\/\/www.hoymercedes.com.ar\/principal\/wp-content\/uploads\/2014\/05\/MIC-PRO-II.jpg\" data-orig-size=\"620,349\" data-comments-opened=\"1\" data-image-meta=\"{&quot;aperture&quot;:&quot;0&quot;,&quot;credit&quot;:&quot;&quot;,&quot;camera&quot;:&quot;&quot;,&quot;caption&quot;:&quot;&quot;,&quot;created_timestamp&quot;:&quot;0&quot;,&quot;copyright&quot;:&quot;&quot;,&quot;focal_length&quot;:&quot;0&quot;,&quot;iso&quot;:&quot;0&quot;,&quot;shutter_speed&quot;:&quot;0&quot;,&quot;title&quot;:&quot;&quot;}\" data-image-title=\"MIC-PRO-II\" data-image-description=\"\" data-image-caption=\"\" data-large-file=\"https:\/\/www.hoymercedes.com.ar\/principal\/wp-content\/uploads\/2014\/05\/MIC-PRO-II.jpg\" class=\"aligncenter size-full wp-image-32756\" src=\"https:\/\/www.hoymercedes.com.ar\/principal\/wp-content\/uploads\/2014\/05\/MIC-PRO-II.jpg\" alt=\"MIC-PRO-II\" width=\"620\" height=\"349\" \/><\/a><\/p>\n<p><em><strong>El espacio pol\u00edtico de Jos\u00e9 Cestari ha dado un giro importante. Se ha incorporado plenamente a una fuerza nacional y a una figura central: Mauricio Macri y el PRO, que buscan construir en la provincia y el pa\u00eds con miras al 2015.\u00a0<\/strong><\/em><\/p>\n<p><em><strong><img loading=\"lazy\" decoding=\"async\" data-attachment-id=\"32755\" data-permalink=\"https:\/\/www.hoymercedes.com.ar\/principal\/2014\/05\/11\/mic-mercedes-lanzado-con-el-pro-y-macri\/mic-pro-i\/#main\" data-orig-file=\"https:\/\/www.hoymercedes.com.ar\/principal\/wp-content\/uploads\/2014\/05\/MIC-PRO-I.jpg\" data-orig-size=\"620,349\" data-comments-opened=\"1\" data-image-meta=\"{&quot;aperture&quot;:&quot;0&quot;,&quot;credit&quot;:&quot;&quot;,&quot;camera&quot;:&quot;&quot;,&quot;caption&quot;:&quot;&quot;,&quot;created_timestamp&quot;:&quot;0&quot;,&quot;copyright&quot;:&quot;&quot;,&quot;focal_length&quot;:&quot;0&quot;,&quot;iso&quot;:&quot;0&quot;,&quot;shutter_speed&quot;:&quot;0&quot;,&quot;title&quot;:&quot;&quot;}\" data-image-title=\"MIC-PRO-I\" data-image-description=\"\" data-image-caption=\"\" data-large-file=\"https:\/\/www.hoymercedes.com.ar\/principal\/wp-content\/uploads\/2014\/05\/MIC-PRO-I.jpg\" class=\"aligncenter size-full wp-image-32755\" src=\"https:\/\/www.hoymercedes.com.ar\/principal\/wp-content\/uploads\/2014\/05\/MIC-PRO-I.jpg\" alt=\"MIC-PRO-I\" width=\"620\" height=\"349\" \/><br \/>\n<\/strong><\/em><\/p>\n<p><em>Desde el Mercedes Independiente Comunal, que tiene a los ediles Jos\u00e9 Cestari y Carlos Badano expusieron:<strong><br \/>\n<\/strong><\/em><\/p>\n<p style=\"padding-left: 60px;\">A fines del 2013, gente del Pro se contact\u00f3 con el MIC, 1) Para felicitarnos por la elecci\u00f3n legislativa del 27 de octubre (5506 votos, casi el 14 % sin tracci\u00f3n nacional), 2) Porque no ten\u00edan referentes en Mercedes, 3) Porque nuestro perfil de representar a una nueva forma de hacer pol\u00edtica agrad\u00f3 al Pro para conformar una alianza respetando la boleta local del MIC.<\/p>\n<p style=\"padding-left: 60px;\">La Comisi\u00f3n Directiva del MIC resolvi\u00f3 dialogar con el Pro. Esta fuerza Vecinal representada en el\u00a0\u00a0Concejo Deliberante con un Bloque de dos concejales: Jos\u00e9 Cestari y Juan Carlos Badano, apunta a la formaci\u00f3n de j\u00f3venes que hoy se est\u00e1n capacitando para ser los futuros dirigentes.<\/p>\n<p style=\"padding-left: 60px;\"><img loading=\"lazy\" decoding=\"async\" data-attachment-id=\"32757\" data-permalink=\"https:\/\/www.hoymercedes.com.ar\/principal\/2014\/05\/11\/mic-mercedes-lanzado-con-el-pro-y-macri\/mic-pro-iii\/#main\" data-orig-file=\"https:\/\/www.hoymercedes.com.ar\/principal\/wp-content\/uploads\/2014\/05\/MIC-PRO-III.jpg\" data-orig-size=\"620,349\" data-comments-opened=\"1\" data-image-meta=\"{&quot;aperture&quot;:&quot;0&quot;,&quot;credit&quot;:&quot;&quot;,&quot;camera&quot;:&quot;&quot;,&quot;caption&quot;:&quot;&quot;,&quot;created_timestamp&quot;:&quot;0&quot;,&quot;copyright&quot;:&quot;&quot;,&quot;focal_length&quot;:&quot;0&quot;,&quot;iso&quot;:&quot;0&quot;,&quot;shutter_speed&quot;:&quot;0&quot;,&quot;title&quot;:&quot;&quot;}\" data-image-title=\"MIC-PRO-III\" data-image-description=\"\" data-image-caption=\"\" data-large-file=\"https:\/\/www.hoymercedes.com.ar\/principal\/wp-content\/uploads\/2014\/05\/MIC-PRO-III.jpg\" class=\"aligncenter size-full wp-image-32757\" src=\"https:\/\/www.hoymercedes.com.ar\/principal\/wp-content\/uploads\/2014\/05\/MIC-PRO-III.jpg\" alt=\"MIC-PRO-III\" width=\"620\" height=\"349\" \/><\/p>\n<p style=\"padding-left: 60px;\">De lo nacional valoramos lo realizado por el Gobierno de la Ciudad de Buenos Aires, a trav\u00e9s de la abogada mercedina Josefina Iglesias Berrondo. Que se contact\u00f3 con nosotros y\u00a0\u00a0se acerc\u00f3 a Mercedes el 30 de abril con funcionarios del Jefe de Gabinete del Gobierno de la Ciudad de Buenos Aires, para mantener una jornada de trabajo en la que se brind\u00f3 apoyo t\u00e9cnico profesional al MIC para presentar proyectos para mejorar la calidad de vida de los mercedinos (Tr\u00e1nsito, Reciclado de Basura, etc.)<\/p>\n<p style=\"padding-left: 60px;\">Se consensu\u00f3 en seguir trabajando conjuntamente y el s\u00e1bado 10 de mayo, retribuimos la confianza depositada en el MIC, ya que este equipo del Pro, coordinado por Josefina Iglesias Berrondo, tiene una visi\u00f3n plural y entiende que puede promocionar al MIC en Mercedes, mientras el Pro avanza en la Provincia de Buenos Aires.<\/p>\n<p style=\"padding-left: 60px;\">Por eso nos juntamos en la esquina de la calle 24 y 25 apoyando la candidatura de Mauricio Macri a Presidente de la Naci\u00f3n y a Mar\u00eda Eugenia Vidal como gobernadora de la Provincia de Buenos Aires<\/p>\n","protected":false},"excerpt":{"rendered":"<p>El espacio pol\u00edtico de Jos\u00e9 Cestari ha dado un giro importante. Se ha incorporado plenamente a una fuerza nacional y &#8230; <a title=\"MIC y Jos\u00e9 Cestari relanzados con el PRO y Macri\" class=\"read-more\" href=\"https:\/\/www.hoymercedes.com.ar\/principal\/2014\/05\/11\/mic-mercedes-lanzado-con-el-pro-y-macri\/\" aria-label=\"Leer m\u00e1s sobre MIC y Jos\u00e9 Cestari relanzados con el PRO y Macri\">Leer m\u00e1s<\/a><\/p>\n","protected":false},"author":1,"featured_media":0,"comment_status":"open","ping_status":"open","sticky":false,"template":"","format":"standard","meta":{"_monsterinsights_skip_tracking":false,"_monsterinsights_sitenote_active":false,"_monsterinsights_sitenote_note":"","_monsterinsights_sitenote_category":0,"jetpack_post_was_ever_published":false,"_jetpack_newsletter_access":"","_jetpack_dont_email_post_to_subs":false,"_jetpack_newsletter_tier_id":0,"_jetpack_memberships_contains_paywalled_content":false,"_jetpack_memberships_contains_paid_content":false,"footnotes":"","jetpack_publicize_message":"","jetpack_publicize_feature_enabled":true,"jetpack_social_post_already_shared":false,"jetpack_social_options":{"image_generator_settings":{"template":"highway","default_image_id":0,"font":"","enabled":false},"version":2},"_wpas_customize_per_network":false},"categories":[5],"tags":[5186,5185,1956,2185],"class_list":["post-32749","post","type-post","status-publish","format-standard","hentry","category-politica","tag-carlos-badano-pro","tag-jose-cestari-pro","tag-mic-mercedes","tag-pro-mercedes","generate-columns","tablet-grid-50","mobile-grid-100","grid-parent","grid-50"],"jetpack_publicize_connections":[],"jetpack_featured_media_url":"","wps_subtitle":"El pase del a\u00f1o ","jetpack_sharing_enabled":true,"_links":{"self":[{"href":"https:\/\/www.hoymercedes.com.ar\/principal\/wp-json\/wp\/v2\/posts\/32749","targetHints":{"allow":["GET"]}}],"collection":[{"href":"https:\/\/www.hoymercedes.com.ar\/principal\/wp-json\/wp\/v2\/posts"}],"about":[{"href":"https:\/\/www.hoymercedes.com.ar\/principal\/wp-json\/wp\/v2\/types\/post"}],"author":[{"embeddable":true,"href":"https:\/\/www.hoymercedes.com.ar\/principal\/wp-json\/wp\/v2\/users\/1"}],"replies":[{"embeddable":true,"href":"https:\/\/www.hoymercedes.com.ar\/principal\/wp-json\/wp\/v2\/comments?post=32749"}],"version-history":[{"count":0,"href":"https:\/\/www.hoymercedes.com.ar\/principal\/wp-json\/wp\/v2\/posts\/32749\/revisions"}],"wp:attachment":[{"href":"https:\/\/www.hoymercedes.com.ar\/principal\/wp-json\/wp\/v2\/media?parent=32749"}],"wp:term":[{"taxonomy":"category","embeddable":true,"href":"https:\/\/www.hoymercedes.com.ar\/principal\/wp-json\/wp\/v2\/categories?post=32749"},{"taxonomy":"post_tag","embeddable":true,"href":"https:\/\/www.hoymercedes.com.ar\/principal\/wp-json\/wp\/v2\/tags?post=32749"}],"curies":[{"name":"wp","href":"https:\/\/api.w.org\/{rel}","templated":true}]}}