{"id":3275,"date":"2011-04-06T23:59:12","date_gmt":"2011-04-06T23:59:12","guid":{"rendered":"http:\/\/www.hoymercedes.com.ar\/principal\/?p=3275"},"modified":"2011-04-07T00:00:59","modified_gmt":"2011-04-07T00:00:59","slug":"el-radicalismo-mercedino-recordo-un-nuevo-aniversario-del-5-de-abril-fecha-muy-cara-al-sentimiento-radical","status":"publish","type":"post","link":"https:\/\/www.hoymercedes.com.ar\/principal\/2011\/04\/06\/el-radicalismo-mercedino-recordo-un-nuevo-aniversario-del-5-de-abril-fecha-muy-cara-al-sentimiento-radical\/","title":{"rendered":"El Radicalismo Mercedino record\u00f3 un nuevo aniversario del 5 de abril"},"content":{"rendered":"<figure id=\"attachment_3277\" aria-describedby=\"caption-attachment-3277\" style=\"width: 290px\" class=\"wp-caption alignleft\"><a href=\"https:\/\/www.hoymercedes.com.ar\/principal\/wp-content\/uploads\/2011\/04\/ucr5abril1.jpg\"><img loading=\"lazy\" decoding=\"async\" data-attachment-id=\"3277\" data-permalink=\"https:\/\/www.hoymercedes.com.ar\/principal\/2011\/04\/06\/el-radicalismo-mercedino-recordo-un-nuevo-aniversario-del-5-de-abril-fecha-muy-cara-al-sentimiento-radical\/ucr5abril1\/#main\" data-orig-file=\"https:\/\/www.hoymercedes.com.ar\/principal\/wp-content\/uploads\/2011\/04\/ucr5abril1.jpg\" data-orig-size=\"300,199\" data-comments-opened=\"1\" data-image-meta=\"{&quot;aperture&quot;:&quot;3.5&quot;,&quot;credit&quot;:&quot;Moreira Mario&quot;,&quot;camera&quot;:&quot;NIKON D300&quot;,&quot;caption&quot;:&quot;&quot;,&quot;created_timestamp&quot;:&quot;1302038894&quot;,&quot;copyright&quot;:&quot;Moreira \/ Ferraro&quot;,&quot;focal_length&quot;:&quot;18&quot;,&quot;iso&quot;:&quot;3200&quot;,&quot;shutter_speed&quot;:&quot;0.0125&quot;,&quot;title&quot;:&quot;&quot;}\" data-image-title=\"ucr5abril1\" data-image-description=\"\" data-image-caption=\"\" data-large-file=\"https:\/\/www.hoymercedes.com.ar\/principal\/wp-content\/uploads\/2011\/04\/ucr5abril1.jpg\" class=\"size-full wp-image-3277\" title=\"ucr5abril1\" src=\"https:\/\/www.hoymercedes.com.ar\/principal\/wp-content\/uploads\/2011\/04\/ucr5abril1.jpg\" alt=\"\" width=\"300\" height=\"199\" \/><\/a><figcaption id=\"caption-attachment-3277\" class=\"wp-caption-text\">UCR Mercedes<\/figcaption><\/figure>\n<p>El 5 de abril pasado, el comit\u00e9 de distrito de la ciudad de Mercedes, record\u00f3 esa fecha en la cual el radicalismo bonaerense realz\u00f3 una elecci\u00f3n hist\u00f3rica derrotando al r\u00e9gimen, que se hab\u00eda encargado de encarcelar a sus m\u00e1ximos dirigentes.-<\/p>\n<p>En este marco, hicieron uso de la palabra el vicepresidente de la Uni\u00f3n C\u00edvica Radical, el Ing. Fernando Lapolla y tambi\u00e9n en nombre del Instituto Moises Lebensohn, el Ing. Lucas Fal. Inmediatamente despu\u00e9s se rindieron dos homenajes a militantes radicales. El primero a Mario C\u00e1mpora, fallecido hace unos pocos meses, y despu\u00e9s a Jorge Siri, militante de a\u00f1os, que en estos d\u00edas est\u00e1 cumpliendo 87 a\u00f1os.-<\/p>\n<p>Despu\u00e9s continu\u00f3 la entrega de medallas a los 25 afiliados que se hicieron presentes, con sus hijos y nietos. Los integrantes de Comit\u00e9 Fernando Lapolla, Cirilo Gutierrez, Monica Gutierrez y Oscar Albini hicieron entrega de las medallas y diplomas a aquellos militantes que han estado junto al partido los \u00faltimos 50 a\u00f1os.-<\/p>\n<p>&nbsp;<\/p>\n<p>El emotivo acto sirvi\u00f3 para que muchos afiliados tomaran la palabra e instaran a los radicales a seguir adelante y luchar por los valores del radicalismo.-<\/p>\n<p>&nbsp;<\/p>\n<p>Por \u00faltimo, mas del centenar de militantes que se hicieron presentes, compartieron empandas y vino al son de la marcha radical.-<\/p>\n<p>&nbsp;<\/p>\n<p>&nbsp;<\/p>\n","protected":false},"excerpt":{"rendered":"<p>El 5 de abril pasado, el comit\u00e9 de distrito de la ciudad de Mercedes, record\u00f3 esa fecha en la cual &#8230; <a title=\"El Radicalismo Mercedino record\u00f3 un nuevo aniversario del 5 de abril\" class=\"read-more\" href=\"https:\/\/www.hoymercedes.com.ar\/principal\/2011\/04\/06\/el-radicalismo-mercedino-recordo-un-nuevo-aniversario-del-5-de-abril-fecha-muy-cara-al-sentimiento-radical\/\" aria-label=\"Leer m\u00e1s sobre El Radicalismo Mercedino record\u00f3 un nuevo aniversario del 5 de abril\">Leer m\u00e1s<\/a><\/p>\n","protected":false},"author":1,"featured_media":0,"comment_status":"open","ping_status":"open","sticky":false,"template":"","format":"standard","meta":{"_monsterinsights_skip_tracking":false,"_monsterinsights_sitenote_active":false,"_monsterinsights_sitenote_note":"","_monsterinsights_sitenote_category":0,"jetpack_post_was_ever_published":false,"_jetpack_newsletter_access":"","_jetpack_dont_email_post_to_subs":false,"_jetpack_newsletter_tier_id":0,"_jetpack_memberships_contains_paywalled_content":false,"_jetpack_memberships_contains_paid_content":false,"footnotes":"","jetpack_publicize_message":"","jetpack_publicize_feature_enabled":true,"jetpack_social_post_already_shared":false,"jetpack_social_options":{"image_generator_settings":{"template":"highway","default_image_id":0,"font":"","enabled":false},"version":2},"_wpas_customize_per_network":false},"categories":[5],"tags":[217],"class_list":["post-3275","post","type-post","status-publish","format-standard","hentry","category-politica","tag-ucr-mercedes","generate-columns","tablet-grid-50","mobile-grid-100","grid-parent","grid-50"],"jetpack_publicize_connections":[],"jetpack_featured_media_url":"","wps_subtitle":"","jetpack_sharing_enabled":true,"_links":{"self":[{"href":"https:\/\/www.hoymercedes.com.ar\/principal\/wp-json\/wp\/v2\/posts\/3275","targetHints":{"allow":["GET"]}}],"collection":[{"href":"https:\/\/www.hoymercedes.com.ar\/principal\/wp-json\/wp\/v2\/posts"}],"about":[{"href":"https:\/\/www.hoymercedes.com.ar\/principal\/wp-json\/wp\/v2\/types\/post"}],"author":[{"embeddable":true,"href":"https:\/\/www.hoymercedes.com.ar\/principal\/wp-json\/wp\/v2\/users\/1"}],"replies":[{"embeddable":true,"href":"https:\/\/www.hoymercedes.com.ar\/principal\/wp-json\/wp\/v2\/comments?post=3275"}],"version-history":[{"count":0,"href":"https:\/\/www.hoymercedes.com.ar\/principal\/wp-json\/wp\/v2\/posts\/3275\/revisions"}],"wp:attachment":[{"href":"https:\/\/www.hoymercedes.com.ar\/principal\/wp-json\/wp\/v2\/media?parent=3275"}],"wp:term":[{"taxonomy":"category","embeddable":true,"href":"https:\/\/www.hoymercedes.com.ar\/principal\/wp-json\/wp\/v2\/categories?post=3275"},{"taxonomy":"post_tag","embeddable":true,"href":"https:\/\/www.hoymercedes.com.ar\/principal\/wp-json\/wp\/v2\/tags?post=3275"}],"curies":[{"name":"wp","href":"https:\/\/api.w.org\/{rel}","templated":true}]}}