{"id":32839,"date":"2014-05-13T23:40:18","date_gmt":"2014-05-14T02:40:18","guid":{"rendered":"http:\/\/www.hoymercedes.com.ar\/principal\/?p=32839"},"modified":"2014-05-14T00:05:32","modified_gmt":"2014-05-14T03:05:32","slug":"comision-de-planeamiento-del-h-c-d-trabajo-entorno-al-medio-ambiente-y-la-basura","status":"publish","type":"post","link":"https:\/\/www.hoymercedes.com.ar\/principal\/2014\/05\/13\/comision-de-planeamiento-del-h-c-d-trabajo-entorno-al-medio-ambiente-y-la-basura\/","title":{"rendered":"Comisi\u00f3n de Planeamiento del H.C.D trabajo alrededor del Medio Ambiente y la Basura"},"content":{"rendered":"<p><a href=\"https:\/\/www.hoymercedes.com.ar\/principal\/wp-content\/uploads\/2014\/05\/ConcejoDeliberante-Comisi\u00f3nPlaneamiento-2.jpg\"><img loading=\"lazy\" decoding=\"async\" data-attachment-id=\"32840\" data-permalink=\"https:\/\/www.hoymercedes.com.ar\/principal\/2014\/05\/13\/comision-de-planeamiento-del-h-c-d-trabajo-entorno-al-medio-ambiente-y-la-basura\/concejodeliberante-comisionplaneamiento-2\/#main\" data-orig-file=\"https:\/\/www.hoymercedes.com.ar\/principal\/wp-content\/uploads\/2014\/05\/ConcejoDeliberante-Comisi\u00f3nPlaneamiento-2.jpg\" data-orig-size=\"620,465\" data-comments-opened=\"1\" data-image-meta=\"{&quot;aperture&quot;:&quot;3.2&quot;,&quot;credit&quot;:&quot;&quot;,&quot;camera&quot;:&quot;COOLPIX L820&quot;,&quot;caption&quot;:&quot;&quot;,&quot;created_timestamp&quot;:&quot;1399983299&quot;,&quot;copyright&quot;:&quot;&quot;,&quot;focal_length&quot;:&quot;5.6&quot;,&quot;iso&quot;:&quot;220&quot;,&quot;shutter_speed&quot;:&quot;0.033333333333333&quot;,&quot;title&quot;:&quot;&quot;}\" data-image-title=\"ConcejoDeliberante-Comisi\u00f3nPlaneamiento (2)\" data-image-description=\"\" data-image-caption=\"\" data-large-file=\"https:\/\/www.hoymercedes.com.ar\/principal\/wp-content\/uploads\/2014\/05\/ConcejoDeliberante-Comisi\u00f3nPlaneamiento-2.jpg\" class=\"aligncenter size-full wp-image-32840\" src=\"https:\/\/www.hoymercedes.com.ar\/principal\/wp-content\/uploads\/2014\/05\/ConcejoDeliberante-Comisi\u00f3nPlaneamiento-2.jpg\" alt=\"ConcejoDeliberante-Comisi\u00f3nPlaneamiento (2)\" width=\"620\" height=\"465\" \/><\/a><\/p>\n<p><em><strong>Durante la ma\u00f1ana de \u00e9ste martes se reuni\u00f3 la Comisi\u00f3n de Planeamiento del Concejo Deliberante en un encuentro especial ya que estuvo dedicado al medio ambiente y la basura de nuestra ciudad. La comisi\u00f3n est\u00e1 presidida por Jos\u00e9 Cestari. Participaron de ella Guillermo Hern\u00e1ndez, licenciado en Gesti\u00f3n Ambiental y Juan Carlos Ju\u00e1rez del Departamento de Medio Ambiente, junto a los ediles.<\/strong><\/em><\/p>\n<p>En la reuni\u00f3n estuvieron los concejales Arnaldo \u201cTucho\u201d M\u00e9ndez, Juan Carlos Ben\u00edtez (que luego se retir\u00f3), Juan Navarro, Juan Carlos Badano, Celeste Burone, Patricia Prenitune y qui\u00e9n la conduce Jos\u00e9 Cesteri que, como coment\u00f3 en el encuentro, es del MIC \u2013 PRO. Como profesionales estuvieron Guillermo Hern\u00e1ndez, licenciado en Gesti\u00f3n Ambiental y Juan Carlos Ju\u00e1rez del Departamento de Medio Ambiente siendo la pata t\u00e9cnica de la reuni\u00f3n.<img loading=\"lazy\" decoding=\"async\" data-attachment-id=\"32842\" data-permalink=\"https:\/\/www.hoymercedes.com.ar\/principal\/2014\/05\/13\/comision-de-planeamiento-del-h-c-d-trabajo-entorno-al-medio-ambiente-y-la-basura\/concejodeliberante-comisionplaneamiento-1\/#main\" data-orig-file=\"https:\/\/www.hoymercedes.com.ar\/principal\/wp-content\/uploads\/2014\/05\/ConcejoDeliberante-Comisi\u00f3nPlaneamiento-1.jpg\" data-orig-size=\"620,465\" data-comments-opened=\"1\" data-image-meta=\"{&quot;aperture&quot;:&quot;3&quot;,&quot;credit&quot;:&quot;&quot;,&quot;camera&quot;:&quot;COOLPIX L820&quot;,&quot;caption&quot;:&quot;&quot;,&quot;created_timestamp&quot;:&quot;1399983338&quot;,&quot;copyright&quot;:&quot;&quot;,&quot;focal_length&quot;:&quot;4&quot;,&quot;iso&quot;:&quot;200&quot;,&quot;shutter_speed&quot;:&quot;0.033333333333333&quot;,&quot;title&quot;:&quot;&quot;}\" data-image-title=\"ConcejoDeliberante-Comisi\u00f3nPlaneamiento (1)\" data-image-description=\"\" data-image-caption=\"\" data-large-file=\"https:\/\/www.hoymercedes.com.ar\/principal\/wp-content\/uploads\/2014\/05\/ConcejoDeliberante-Comisi\u00f3nPlaneamiento-1.jpg\" class=\"aligncenter size-full wp-image-32842\" src=\"https:\/\/www.hoymercedes.com.ar\/principal\/wp-content\/uploads\/2014\/05\/ConcejoDeliberante-Comisi\u00f3nPlaneamiento-1.jpg\" alt=\"ConcejoDeliberante-Comisi\u00f3nPlaneamiento (1)\" width=\"620\" height=\"465\" \/><\/p>\n<p>Estuvieron inform\u00e1ndose y planificando como apoyar la continuidad del programa de separaci\u00f3n de residuos en origen, el estado del basural municipal y las opciones potenciales para erradicarlo, la capacidad real de procesamiento de basura y el rol del CEAMSE y los camiones que ya est\u00e1n viajando con basura de los mercedinos.<\/p>\n<p>Actualmente, en Mercedes, se producen 50 toneladas de residuos de los cuales el 25% se logran procesar y separar como corresponde mostrando el colapso que se ha generado en la ciudad que no termina de comprender la importancia de un tratamiento adecuado de lo que se desecha.<\/p>\n<p>Se trabaj\u00f3 tambi\u00e9n entorno a la posibilidad de que los ediles se conviertan en agentes difusores de la importancia de realizar acciones de separaci\u00f3n en origen, como ser participando de encuentros en barrios y escuelas.\u00a0<img loading=\"lazy\" decoding=\"async\" data-attachment-id=\"32841\" data-permalink=\"https:\/\/www.hoymercedes.com.ar\/principal\/2014\/05\/13\/comision-de-planeamiento-del-h-c-d-trabajo-entorno-al-medio-ambiente-y-la-basura\/concejodeliberante-comisionplaneamiento-3\/#main\" data-orig-file=\"https:\/\/www.hoymercedes.com.ar\/principal\/wp-content\/uploads\/2014\/05\/ConcejoDeliberante-Comisi\u00f3nPlaneamiento-3.jpg\" data-orig-size=\"620,465\" data-comments-opened=\"1\" data-image-meta=\"{&quot;aperture&quot;:&quot;3.8&quot;,&quot;credit&quot;:&quot;&quot;,&quot;camera&quot;:&quot;COOLPIX L820&quot;,&quot;caption&quot;:&quot;&quot;,&quot;created_timestamp&quot;:&quot;1399983330&quot;,&quot;copyright&quot;:&quot;&quot;,&quot;focal_length&quot;:&quot;9.7&quot;,&quot;iso&quot;:&quot;200&quot;,&quot;shutter_speed&quot;:&quot;0.033333333333333&quot;,&quot;title&quot;:&quot;&quot;}\" data-image-title=\"ConcejoDeliberante-Comisi\u00f3nPlaneamiento (3)\" data-image-description=\"\" data-image-caption=\"\" data-large-file=\"https:\/\/www.hoymercedes.com.ar\/principal\/wp-content\/uploads\/2014\/05\/ConcejoDeliberante-Comisi\u00f3nPlaneamiento-3.jpg\" class=\"aligncenter size-full wp-image-32841\" src=\"https:\/\/www.hoymercedes.com.ar\/principal\/wp-content\/uploads\/2014\/05\/ConcejoDeliberante-Comisi\u00f3nPlaneamiento-3.jpg\" alt=\"ConcejoDeliberante-Comisi\u00f3nPlaneamiento (3)\" width=\"620\" height=\"465\" \/><\/p>\n","protected":false},"excerpt":{"rendered":"<p>Durante la ma\u00f1ana de \u00e9ste martes se reuni\u00f3 la Comisi\u00f3n de Planeamiento del Concejo Deliberante en un encuentro especial ya &#8230; <a title=\"Comisi\u00f3n de Planeamiento del H.C.D trabajo alrededor del Medio Ambiente y la Basura\" class=\"read-more\" href=\"https:\/\/www.hoymercedes.com.ar\/principal\/2014\/05\/13\/comision-de-planeamiento-del-h-c-d-trabajo-entorno-al-medio-ambiente-y-la-basura\/\" aria-label=\"Leer m\u00e1s sobre Comisi\u00f3n de Planeamiento del H.C.D trabajo alrededor del Medio Ambiente y la Basura\">Leer m\u00e1s<\/a><\/p>\n","protected":false},"author":1,"featured_media":0,"comment_status":"open","ping_status":"open","sticky":false,"template":"","format":"standard","meta":{"_monsterinsights_skip_tracking":false,"_monsterinsights_sitenote_active":false,"_monsterinsights_sitenote_note":"","_monsterinsights_sitenote_category":0,"jetpack_post_was_ever_published":false,"_jetpack_newsletter_access":"","_jetpack_dont_email_post_to_subs":false,"_jetpack_newsletter_tier_id":0,"_jetpack_memberships_contains_paywalled_content":false,"_jetpack_memberships_contains_paid_content":false,"footnotes":"","jetpack_publicize_message":"","jetpack_publicize_feature_enabled":true,"jetpack_social_post_already_shared":false,"jetpack_social_options":{"image_generator_settings":{"template":"highway","default_image_id":0,"font":"","enabled":false},"version":2},"_wpas_customize_per_network":false},"categories":[5],"tags":[2423,5208,236,5209],"class_list":["post-32839","post","type-post","status-publish","format-standard","hentry","category-politica","tag-basura-en-mercedes","tag-comision-de-planeamiento","tag-concejo-deliberante","tag-medio-ambiente-en-mercedes","generate-columns","tablet-grid-50","mobile-grid-100","grid-parent","grid-50"],"jetpack_publicize_connections":[],"jetpack_featured_media_url":"","wps_subtitle":"Medio ambiente y salud","jetpack_sharing_enabled":true,"_links":{"self":[{"href":"https:\/\/www.hoymercedes.com.ar\/principal\/wp-json\/wp\/v2\/posts\/32839","targetHints":{"allow":["GET"]}}],"collection":[{"href":"https:\/\/www.hoymercedes.com.ar\/principal\/wp-json\/wp\/v2\/posts"}],"about":[{"href":"https:\/\/www.hoymercedes.com.ar\/principal\/wp-json\/wp\/v2\/types\/post"}],"author":[{"embeddable":true,"href":"https:\/\/www.hoymercedes.com.ar\/principal\/wp-json\/wp\/v2\/users\/1"}],"replies":[{"embeddable":true,"href":"https:\/\/www.hoymercedes.com.ar\/principal\/wp-json\/wp\/v2\/comments?post=32839"}],"version-history":[{"count":0,"href":"https:\/\/www.hoymercedes.com.ar\/principal\/wp-json\/wp\/v2\/posts\/32839\/revisions"}],"wp:attachment":[{"href":"https:\/\/www.hoymercedes.com.ar\/principal\/wp-json\/wp\/v2\/media?parent=32839"}],"wp:term":[{"taxonomy":"category","embeddable":true,"href":"https:\/\/www.hoymercedes.com.ar\/principal\/wp-json\/wp\/v2\/categories?post=32839"},{"taxonomy":"post_tag","embeddable":true,"href":"https:\/\/www.hoymercedes.com.ar\/principal\/wp-json\/wp\/v2\/tags?post=32839"}],"curies":[{"name":"wp","href":"https:\/\/api.w.org\/{rel}","templated":true}]}}