{"id":32844,"date":"2014-05-13T23:51:29","date_gmt":"2014-05-14T02:51:29","guid":{"rendered":"http:\/\/www.hoymercedes.com.ar\/principal\/?p=32844"},"modified":"2015-09-09T21:35:05","modified_gmt":"2015-09-10T00:35:05","slug":"wado-de-pedro-con-bachelet-y-mensaje-a-camila-vallejo","status":"publish","type":"post","link":"https:\/\/www.hoymercedes.com.ar\/principal\/2014\/05\/13\/wado-de-pedro-con-bachelet-y-mensaje-a-camila-vallejo\/","title":{"rendered":"Wado De Pedro con Bachelet y env\u00edo para Camila Vallejo"},"content":{"rendered":"<p><a href=\"https:\/\/www.hoymercedes.com.ar\/principal\/wp-content\/uploads\/2014\/05\/WadoBachelet6220.jpg\"><img loading=\"lazy\" decoding=\"async\" data-attachment-id=\"32845\" data-permalink=\"https:\/\/www.hoymercedes.com.ar\/principal\/2014\/05\/13\/wado-de-pedro-con-bachelet-y-mensaje-a-camila-vallejo\/wadobachelet6220\/#main\" data-orig-file=\"https:\/\/www.hoymercedes.com.ar\/principal\/wp-content\/uploads\/2014\/05\/WadoBachelet6220.jpg\" data-orig-size=\"620,485\" data-comments-opened=\"1\" data-image-meta=\"{&quot;aperture&quot;:&quot;0&quot;,&quot;credit&quot;:&quot;&quot;,&quot;camera&quot;:&quot;&quot;,&quot;caption&quot;:&quot;&quot;,&quot;created_timestamp&quot;:&quot;0&quot;,&quot;copyright&quot;:&quot;&quot;,&quot;focal_length&quot;:&quot;0&quot;,&quot;iso&quot;:&quot;0&quot;,&quot;shutter_speed&quot;:&quot;0&quot;,&quot;title&quot;:&quot;&quot;}\" data-image-title=\"WadoBachelet6220\" data-image-description=\"\" data-image-caption=\"\" data-large-file=\"https:\/\/www.hoymercedes.com.ar\/principal\/wp-content\/uploads\/2014\/05\/WadoBachelet6220.jpg\" class=\"aligncenter size-full wp-image-32845\" src=\"https:\/\/www.hoymercedes.com.ar\/principal\/wp-content\/uploads\/2014\/05\/WadoBachelet6220.jpg\" alt=\"WadoBachelet6220\" width=\"620\" height=\"485\" \/><\/a><\/p>\n<p><strong><em>El Diputado Nacional Eduardo \u00abWado De Pedro\u00bb particip\u00f3 de un encuentro con la presidenta del vecino pa\u00eds de Chile. A su vez, como miembro de una comitiva presidencial e integrantes de distintos espacios, tuvo la posibilidad de dialogar y hacerle entrega de un obsequio. Se trat\u00f3 de un libro en el cual se realizan comentarios, historias y an\u00e1lisis sobre la fuerza pol\u00edtica La C\u00e1mpora.<\/em><\/strong><\/p>\n<p>El libro obsequiado a Michelle Bachelet es \u00abFuerza propia\u00bb.<\/p>\n<p>A su vez, De Pedro, desde Twitter, dialog\u00f3 con la Diputada Chilena Camila Vallejo, la joven del Partido Comunista que moviliz\u00f3 a gran parte de su pa\u00eds generando momentos hist\u00f3ricos con el objetivo de que la educaci\u00f3n all\u00ed sea accesible a todos, libre, p\u00fablica y gratuita ya que en el pa\u00eds trasandino se cobra y las familias terminan fuertemente endeudadas y hasta en quiebra para poder solventar la educaci\u00f3n universitaria. Lo contrario se vive en Argentina que es libre, p\u00fablica, gratuita, aut\u00f3noma, aut\u00e1rquica y democr\u00e1tica.<\/p>\n<p>Wado le coment\u00f3 a Camila:<em> \u00ab<\/em><span style=\"color: #292f33;\"><em>Hola Camila , te mande el mismo libro con el senador Letelier\u00bb<\/em> en relaci\u00f3n a que a ella le enviaba el mismo libro.<\/span><\/p>\n<p>&nbsp;<\/p>\n","protected":false},"excerpt":{"rendered":"<p>El Diputado Nacional Eduardo \u00abWado De Pedro\u00bb particip\u00f3 de un encuentro con la presidenta del vecino pa\u00eds de Chile. A &#8230; <a title=\"Wado De Pedro con Bachelet y env\u00edo para Camila Vallejo\" class=\"read-more\" href=\"https:\/\/www.hoymercedes.com.ar\/principal\/2014\/05\/13\/wado-de-pedro-con-bachelet-y-mensaje-a-camila-vallejo\/\" aria-label=\"Leer m\u00e1s sobre Wado De Pedro con Bachelet y env\u00edo para Camila Vallejo\">Leer m\u00e1s<\/a><\/p>\n","protected":false},"author":1,"featured_media":0,"comment_status":"open","ping_status":"open","sticky":false,"template":"","format":"standard","meta":{"_monsterinsights_skip_tracking":false,"_monsterinsights_sitenote_active":false,"_monsterinsights_sitenote_note":"","_monsterinsights_sitenote_category":0,"jetpack_post_was_ever_published":false,"_jetpack_newsletter_access":"","_jetpack_dont_email_post_to_subs":false,"_jetpack_newsletter_tier_id":0,"_jetpack_memberships_contains_paywalled_content":false,"_jetpack_memberships_contains_paid_content":false,"footnotes":"","jetpack_publicize_message":"","jetpack_publicize_feature_enabled":true,"jetpack_social_post_already_shared":false,"jetpack_social_options":{"image_generator_settings":{"template":"highway","default_image_id":0,"font":"","enabled":false},"version":2},"_wpas_customize_per_network":false},"categories":[5],"tags":[5211],"class_list":["post-32844","post","type-post","status-publish","format-standard","hentry","category-politica","tag-wado-de-pedro-bachelet","generate-columns","tablet-grid-50","mobile-grid-100","grid-parent","grid-50"],"jetpack_publicize_connections":[],"jetpack_featured_media_url":"","wps_subtitle":"Junto a la presidenta de Chile","jetpack_sharing_enabled":true,"_links":{"self":[{"href":"https:\/\/www.hoymercedes.com.ar\/principal\/wp-json\/wp\/v2\/posts\/32844","targetHints":{"allow":["GET"]}}],"collection":[{"href":"https:\/\/www.hoymercedes.com.ar\/principal\/wp-json\/wp\/v2\/posts"}],"about":[{"href":"https:\/\/www.hoymercedes.com.ar\/principal\/wp-json\/wp\/v2\/types\/post"}],"author":[{"embeddable":true,"href":"https:\/\/www.hoymercedes.com.ar\/principal\/wp-json\/wp\/v2\/users\/1"}],"replies":[{"embeddable":true,"href":"https:\/\/www.hoymercedes.com.ar\/principal\/wp-json\/wp\/v2\/comments?post=32844"}],"version-history":[{"count":0,"href":"https:\/\/www.hoymercedes.com.ar\/principal\/wp-json\/wp\/v2\/posts\/32844\/revisions"}],"wp:attachment":[{"href":"https:\/\/www.hoymercedes.com.ar\/principal\/wp-json\/wp\/v2\/media?parent=32844"}],"wp:term":[{"taxonomy":"category","embeddable":true,"href":"https:\/\/www.hoymercedes.com.ar\/principal\/wp-json\/wp\/v2\/categories?post=32844"},{"taxonomy":"post_tag","embeddable":true,"href":"https:\/\/www.hoymercedes.com.ar\/principal\/wp-json\/wp\/v2\/tags?post=32844"}],"curies":[{"name":"wp","href":"https:\/\/api.w.org\/{rel}","templated":true}]}}