{"id":32864,"date":"2014-05-14T21:30:58","date_gmt":"2014-05-15T00:30:58","guid":{"rendered":"http:\/\/www.hoymercedes.com.ar\/principal\/?p=32864"},"modified":"2014-05-14T21:30:58","modified_gmt":"2014-05-15T00:30:58","slug":"comienzan-las-obras-del-centro-de-formacion-laboral","status":"publish","type":"post","link":"https:\/\/www.hoymercedes.com.ar\/principal\/2014\/05\/14\/comienzan-las-obras-del-centro-de-formacion-laboral\/","title":{"rendered":"Comienzan las obras del Centro de Formaci\u00f3n Laboral"},"content":{"rendered":"<p><a href=\"https:\/\/www.hoymercedes.com.ar\/principal\/wp-content\/uploads\/2014\/05\/CtroFormacionLaboral.jpg\"><img loading=\"lazy\" decoding=\"async\" data-attachment-id=\"32865\" data-permalink=\"https:\/\/www.hoymercedes.com.ar\/principal\/2014\/05\/14\/comienzan-las-obras-del-centro-de-formacion-laboral\/ctroformacionlaboral\/#main\" data-orig-file=\"https:\/\/www.hoymercedes.com.ar\/principal\/wp-content\/uploads\/2014\/05\/CtroFormacionLaboral.jpg\" data-orig-size=\"620,413\" data-comments-opened=\"1\" data-image-meta=\"{&quot;aperture&quot;:&quot;0&quot;,&quot;credit&quot;:&quot;&quot;,&quot;camera&quot;:&quot;&quot;,&quot;caption&quot;:&quot;&quot;,&quot;created_timestamp&quot;:&quot;0&quot;,&quot;copyright&quot;:&quot;&quot;,&quot;focal_length&quot;:&quot;0&quot;,&quot;iso&quot;:&quot;0&quot;,&quot;shutter_speed&quot;:&quot;0&quot;,&quot;title&quot;:&quot;&quot;}\" data-image-title=\"CtroFormacionLaboral\" data-image-description=\"\" data-image-caption=\"\" data-large-file=\"https:\/\/www.hoymercedes.com.ar\/principal\/wp-content\/uploads\/2014\/05\/CtroFormacionLaboral.jpg\" class=\"aligncenter size-full wp-image-32865\" src=\"https:\/\/www.hoymercedes.com.ar\/principal\/wp-content\/uploads\/2014\/05\/CtroFormacionLaboral.jpg\" alt=\"CtroFormacionLaboral\" width=\"620\" height=\"413\" \/><\/a><\/p>\n<p><em><strong>Desde la comuna se conoce la noticia de que se iniciar\u00e1n las obras del Centro de Formaci\u00f3n laboral tras las gestiones efectuadas por el intendente Carlos Selva e integrantes del Consejo Escolar.\u00a0<\/strong><\/em><\/p>\n<p>Desde hace tiempo la cooperadora de la escuela viene bregando por la posibilidad de construcci\u00f3n del nuevo edificio. Para tal fin fue que logr\u00f3 que el municipio, encabezado por el intendente Carlos selva, le donara un terreno ubicado en calles 38 entre 45 y 47. Es all\u00ed donde se elevar\u00e1 esta nueva casa para el Centro de Formaci\u00f3n Laboral.<\/p>\n<p>El delineamiento del proyecto original por parte de los padres de la cooperadora lleg\u00f3 como inquietud al Consejo Escolar y fue elevado a la UEGD, donde inspectoras y referentes de otras disciplinas analizaron la posibilidad y elevaron el proyecto a Infraestructura Provincial para poder concretarlo con fondos que llegar\u00e1n del gobierno nacional.<\/p>\n<p>Todo este proceso fue seguido de cerca por los consejeros Oscar Filip\u00edn y Magui Oliva y reci\u00e9n este mediod\u00eda del mi\u00e9rcoles pudieron concretarse los primeros trabajos en el lugar. \u201cYa las m\u00e1quinas est\u00e1n ac\u00e1 trabajando con los movimientos de suelo y es una buena noticia para toda la comunidad educativa del Centro. Es una obra de 1.100 metros cuadrados, de m\u00e1s de 9 millones de pesos de inversi\u00f3n y que demandar\u00e1 un a\u00f1o para ejecutarse\u201d, sostuvo Magui Oliva, presidente del Consejo Escolar de Mercedes.<\/p>\n<p>Oliva no quiso dejar de pasar la ocasi\u00f3n de agradecer a la comunidad educativa del Centro de Formaci\u00f3n Laboral, ente ellos a docentes y padres de la cooperadora, como as\u00ed tambi\u00e9n al intendente Selva, quien articul\u00f3 todos los mecanismos para poder hacer efectiva la donaci\u00f3n del terreno donde se emplazar\u00e1 el nuevo edificio.<\/p>\n<p><span style=\"color: #808080;\">Fuente: Prensa Municipalidad<\/span><\/p>\n","protected":false},"excerpt":{"rendered":"<p>Desde la comuna se conoce la noticia de que se iniciar\u00e1n las obras del Centro de Formaci\u00f3n laboral tras las &#8230; <a title=\"Comienzan las obras del Centro de Formaci\u00f3n Laboral\" class=\"read-more\" href=\"https:\/\/www.hoymercedes.com.ar\/principal\/2014\/05\/14\/comienzan-las-obras-del-centro-de-formacion-laboral\/\" aria-label=\"Leer m\u00e1s sobre Comienzan las obras del Centro de Formaci\u00f3n Laboral\">Leer m\u00e1s<\/a><\/p>\n","protected":false},"author":1,"featured_media":0,"comment_status":"open","ping_status":"open","sticky":false,"template":"","format":"standard","meta":{"_monsterinsights_skip_tracking":false,"_monsterinsights_sitenote_active":false,"_monsterinsights_sitenote_note":"","_monsterinsights_sitenote_category":0,"jetpack_post_was_ever_published":false,"_jetpack_newsletter_access":"","_jetpack_dont_email_post_to_subs":false,"_jetpack_newsletter_tier_id":0,"_jetpack_memberships_contains_paywalled_content":false,"_jetpack_memberships_contains_paid_content":false,"footnotes":"","jetpack_publicize_message":"","jetpack_publicize_feature_enabled":true,"jetpack_social_post_already_shared":false,"jetpack_social_options":{"image_generator_settings":{"template":"highway","default_image_id":0,"font":"","enabled":false},"version":2},"_wpas_customize_per_network":false},"categories":[23],"tags":[39,3913,1317,5217],"class_list":["post-32864","post","type-post","status-publish","format-standard","hentry","category-educacion","tag-carlos-selva","tag-centro-de-formacion-laboral","tag-consejo-escolar","tag-obras-educacion","generate-columns","tablet-grid-50","mobile-grid-100","grid-parent","grid-50"],"jetpack_publicize_connections":[],"jetpack_featured_media_url":"","wps_subtitle":"Lo anunci\u00f3 la comuna","jetpack_sharing_enabled":true,"_links":{"self":[{"href":"https:\/\/www.hoymercedes.com.ar\/principal\/wp-json\/wp\/v2\/posts\/32864","targetHints":{"allow":["GET"]}}],"collection":[{"href":"https:\/\/www.hoymercedes.com.ar\/principal\/wp-json\/wp\/v2\/posts"}],"about":[{"href":"https:\/\/www.hoymercedes.com.ar\/principal\/wp-json\/wp\/v2\/types\/post"}],"author":[{"embeddable":true,"href":"https:\/\/www.hoymercedes.com.ar\/principal\/wp-json\/wp\/v2\/users\/1"}],"replies":[{"embeddable":true,"href":"https:\/\/www.hoymercedes.com.ar\/principal\/wp-json\/wp\/v2\/comments?post=32864"}],"version-history":[{"count":0,"href":"https:\/\/www.hoymercedes.com.ar\/principal\/wp-json\/wp\/v2\/posts\/32864\/revisions"}],"wp:attachment":[{"href":"https:\/\/www.hoymercedes.com.ar\/principal\/wp-json\/wp\/v2\/media?parent=32864"}],"wp:term":[{"taxonomy":"category","embeddable":true,"href":"https:\/\/www.hoymercedes.com.ar\/principal\/wp-json\/wp\/v2\/categories?post=32864"},{"taxonomy":"post_tag","embeddable":true,"href":"https:\/\/www.hoymercedes.com.ar\/principal\/wp-json\/wp\/v2\/tags?post=32864"}],"curies":[{"name":"wp","href":"https:\/\/api.w.org\/{rel}","templated":true}]}}