{"id":3293,"date":"2011-04-08T17:49:13","date_gmt":"2011-04-08T17:49:13","guid":{"rendered":"http:\/\/www.hoymercedes.com.ar\/principal\/?p=3293"},"modified":"2011-04-08T17:49:13","modified_gmt":"2011-04-08T17:49:13","slug":"no-al-desgajamiento-del-departamento-judicial","status":"publish","type":"post","link":"https:\/\/www.hoymercedes.com.ar\/principal\/2011\/04\/08\/no-al-desgajamiento-del-departamento-judicial\/","title":{"rendered":"No al desgajamiento del Departamento Judicial"},"content":{"rendered":"<p>Frente a la nueva embestida de desgajamiento de los partidos de Salto y San Antonio de Areco de la actual \u00e1rea territorial del Departamento Judicial Mercedes, la Agrupaci\u00f3n Justicialista \u201cUnidad y Lealtad\u201d expresa su total rechazo y une sus votos a la de aquellos que bregan por la permanencia de ambos distritos en la jurisdicci\u00f3n mercedina.<\/p>\n<p>&nbsp;<\/p>\n<p>No aceptamos que por caprichos pol\u00edticos sean deso\u00eddos los sesudos an\u00e1lisis practicados por la Comisi\u00f3n del Mapa Judicial, organismo t\u00e9cnico que aconsej\u00f3 la sanci\u00f3n de la ley 14.235, norma que a poco de conocida se la intenta derogar en beneficio de Pergamino.<\/p>\n<p>&nbsp;<\/p>\n<p>Defendamos nuestro patrimonio. Estamos para sumar y no restar; tal es nuestra propuesta pol\u00edtico-partidaria que hemos venido poniendo en pr\u00e1ctica y seguiremos afianz\u00e1ndola.<\/p>\n<p>&nbsp;<\/p>\n<p>Norma Oviedo<\/p>\n<p>Sec. administrativa<\/p>\n<p>&nbsp;<\/p>\n<p>Alejandro Francisco Molle<\/p>\n<p>Secretario adjunto<\/p>\n<p>&nbsp;<\/p>\n","protected":false},"excerpt":{"rendered":"<p>Frente a la nueva embestida de desgajamiento de los partidos de Salto y San Antonio de Areco de la actual &#8230; <a title=\"No al desgajamiento del Departamento Judicial\" class=\"read-more\" href=\"https:\/\/www.hoymercedes.com.ar\/principal\/2011\/04\/08\/no-al-desgajamiento-del-departamento-judicial\/\" aria-label=\"Leer m\u00e1s sobre No al desgajamiento del Departamento Judicial\">Leer m\u00e1s<\/a><\/p>\n","protected":false},"author":1,"featured_media":0,"comment_status":"open","ping_status":"open","sticky":false,"template":"","format":"standard","meta":{"_monsterinsights_skip_tracking":false,"_monsterinsights_sitenote_active":false,"_monsterinsights_sitenote_note":"","_monsterinsights_sitenote_category":0,"jetpack_post_was_ever_published":false,"_jetpack_newsletter_access":"","_jetpack_dont_email_post_to_subs":false,"_jetpack_newsletter_tier_id":0,"_jetpack_memberships_contains_paywalled_content":false,"_jetpack_memberships_contains_paid_content":false,"footnotes":"","jetpack_publicize_message":"","jetpack_publicize_feature_enabled":true,"jetpack_social_post_already_shared":false,"jetpack_social_options":{"image_generator_settings":{"template":"highway","default_image_id":0,"font":"","enabled":false},"version":2},"_wpas_customize_per_network":false},"categories":[8],"tags":[523],"class_list":["post-3293","post","type-post","status-publish","format-standard","hentry","category-sociedad","tag-judiciales","generate-columns","tablet-grid-50","mobile-grid-100","grid-parent","grid-50"],"jetpack_publicize_connections":[],"jetpack_featured_media_url":"","wps_subtitle":"","jetpack_sharing_enabled":true,"_links":{"self":[{"href":"https:\/\/www.hoymercedes.com.ar\/principal\/wp-json\/wp\/v2\/posts\/3293","targetHints":{"allow":["GET"]}}],"collection":[{"href":"https:\/\/www.hoymercedes.com.ar\/principal\/wp-json\/wp\/v2\/posts"}],"about":[{"href":"https:\/\/www.hoymercedes.com.ar\/principal\/wp-json\/wp\/v2\/types\/post"}],"author":[{"embeddable":true,"href":"https:\/\/www.hoymercedes.com.ar\/principal\/wp-json\/wp\/v2\/users\/1"}],"replies":[{"embeddable":true,"href":"https:\/\/www.hoymercedes.com.ar\/principal\/wp-json\/wp\/v2\/comments?post=3293"}],"version-history":[{"count":0,"href":"https:\/\/www.hoymercedes.com.ar\/principal\/wp-json\/wp\/v2\/posts\/3293\/revisions"}],"wp:attachment":[{"href":"https:\/\/www.hoymercedes.com.ar\/principal\/wp-json\/wp\/v2\/media?parent=3293"}],"wp:term":[{"taxonomy":"category","embeddable":true,"href":"https:\/\/www.hoymercedes.com.ar\/principal\/wp-json\/wp\/v2\/categories?post=3293"},{"taxonomy":"post_tag","embeddable":true,"href":"https:\/\/www.hoymercedes.com.ar\/principal\/wp-json\/wp\/v2\/tags?post=3293"}],"curies":[{"name":"wp","href":"https:\/\/api.w.org\/{rel}","templated":true}]}}