{"id":32982,"date":"2014-05-18T00:45:24","date_gmt":"2014-05-18T03:45:24","guid":{"rendered":"http:\/\/www.hoymercedes.com.ar\/principal\/?p=32982"},"modified":"2014-05-18T00:45:24","modified_gmt":"2014-05-18T03:45:24","slug":"frente-mercedino-inauguro-nuevo-local-partidario","status":"publish","type":"post","link":"https:\/\/www.hoymercedes.com.ar\/principal\/2014\/05\/18\/frente-mercedino-inauguro-nuevo-local-partidario\/","title":{"rendered":"Frente Mercedino inaugur\u00f3 nuevo local partidario"},"content":{"rendered":"<p><a href=\"https:\/\/www.hoymercedes.com.ar\/principal\/wp-content\/uploads\/2014\/05\/SedeFrenteMercedino.jpg\"><img loading=\"lazy\" decoding=\"async\" data-attachment-id=\"32983\" data-permalink=\"https:\/\/www.hoymercedes.com.ar\/principal\/2014\/05\/18\/frente-mercedino-inauguro-nuevo-local-partidario\/sedefrentemercedino\/#main\" data-orig-file=\"https:\/\/www.hoymercedes.com.ar\/principal\/wp-content\/uploads\/2014\/05\/SedeFrenteMercedino.jpg\" data-orig-size=\"620,610\" data-comments-opened=\"1\" data-image-meta=\"{&quot;aperture&quot;:&quot;3.5&quot;,&quot;credit&quot;:&quot;&quot;,&quot;camera&quot;:&quot;COOLPIX L310&quot;,&quot;caption&quot;:&quot;&quot;,&quot;created_timestamp&quot;:&quot;1400443712&quot;,&quot;copyright&quot;:&quot;&quot;,&quot;focal_length&quot;:&quot;7.3&quot;,&quot;iso&quot;:&quot;400&quot;,&quot;shutter_speed&quot;:&quot;0.033333333333333&quot;,&quot;title&quot;:&quot;&quot;}\" data-image-title=\"SedeFrenteMercedino\" data-image-description=\"\" data-image-caption=\"\" data-large-file=\"https:\/\/www.hoymercedes.com.ar\/principal\/wp-content\/uploads\/2014\/05\/SedeFrenteMercedino.jpg\" class=\"aligncenter size-full wp-image-32983\" src=\"https:\/\/www.hoymercedes.com.ar\/principal\/wp-content\/uploads\/2014\/05\/SedeFrenteMercedino.jpg\" alt=\"SedeFrenteMercedino\" width=\"620\" height=\"610\" \/><\/a><\/p>\n<p>&nbsp;<\/p>\n<p>&nbsp;<\/p>\n<p>&nbsp;<\/p>\n<p><em><strong>(FM) Con la presencia de sus referentes locales, nacionales y provinciales, y la participaci\u00f3n de m\u00e1s de 200 militantes, el Frente Mercedino para la Victoria inaugur\u00f3 este s\u00e1bado su nueva Unidad B\u00e1sica, una vieja casona ubicada en la avenida 29 entre 38 y 40.<\/strong><\/em><\/p>\n<p>Junto con Juan Ignacio Ustarroz, principal referente local de la agrupaci\u00f3n y presidente del bloque de concejales, estuvieron sus compa\u00f1eros de bancada (Juan Pablo L\u00f3pez Baggio, Celeste Burone, Mat\u00edas Dematei, Juan Ignacio Ustarroz, Patricia Prenitune); el diputado nacional Eduardo &#8216;Wado&#8217; de Pedro y el diputado provincial Alberto Espa\u00f1a.<\/p>\n<p>&nbsp;<\/p>\n<p>&nbsp;<\/p>\n<p><a href=\"https:\/\/www.hoymercedes.com.ar\/principal\/wp-content\/uploads\/2014\/05\/FrenteMercedino-NuevaSede-2014.jpg\"><img loading=\"lazy\" decoding=\"async\" data-attachment-id=\"32984\" data-permalink=\"https:\/\/www.hoymercedes.com.ar\/principal\/2014\/05\/18\/frente-mercedino-inauguro-nuevo-local-partidario\/frentemercedino-nuevasede-2014\/#main\" data-orig-file=\"https:\/\/www.hoymercedes.com.ar\/principal\/wp-content\/uploads\/2014\/05\/FrenteMercedino-NuevaSede-2014.jpg\" data-orig-size=\"620,413\" data-comments-opened=\"1\" data-image-meta=\"{&quot;aperture&quot;:&quot;0&quot;,&quot;credit&quot;:&quot;SEBASTIAN_AMBROSSIO&quot;,&quot;camera&quot;:&quot;&quot;,&quot;caption&quot;:&quot;&quot;,&quot;created_timestamp&quot;:&quot;0&quot;,&quot;copyright&quot;:&quot;Sebastian Ambrossio_&quot;,&quot;focal_length&quot;:&quot;0&quot;,&quot;iso&quot;:&quot;0&quot;,&quot;shutter_speed&quot;:&quot;0&quot;,&quot;title&quot;:&quot;&quot;}\" data-image-title=\"FrenteMercedino-NuevaSede-2014\" data-image-description=\"\" data-image-caption=\"\" data-large-file=\"https:\/\/www.hoymercedes.com.ar\/principal\/wp-content\/uploads\/2014\/05\/FrenteMercedino-NuevaSede-2014.jpg\" class=\"aligncenter size-full wp-image-32984\" src=\"https:\/\/www.hoymercedes.com.ar\/principal\/wp-content\/uploads\/2014\/05\/FrenteMercedino-NuevaSede-2014.jpg\" alt=\"FrenteMercedino-NuevaSede-2014\" width=\"620\" height=\"413\" \/><\/a><\/p>\n<p>&nbsp;<\/p>\n<p>&nbsp;<\/p>\n<p>Tambi\u00e9n se hicieron presentes los referentes de otras agrupaciones pol\u00edticas que integran el Frente, como Pablo Perazzo y el hist\u00f3rico Eduardo Cerulli, quien impuls\u00f3 a los j\u00f3venes \u201ca seguir participando en la pol\u00edtica, porque son el futuro de la ciudad y del pa\u00eds\u201d.<\/p>\n<p>Junto con la inauguraci\u00f3n del nuevo espacio, el Frente Mercedino celebr\u00f3 un plenario para militantes y dirigentes en los que se dialog\u00f3 sobre distintos puntos de la actualidad local y nacional.<\/p>\n<p>\u201cEstamos muy contentos con la apertura de este nuevo espacio -dijo Juani Ustarroz- y esperamos que sea otro punto de encuentro para todos los vecinos. Impulsamos la idea de la participaci\u00f3n, del debate, del esfuerzo colectivo m\u00e1s all\u00e1 de las diferencias que podamos tener, porque cada idea y cada propuesta solamente se puede mejorar con la mirada de los otros\u201d<\/p>\n<p><span style=\"color: #808080;\">Fuente: Frente Mercedino<\/span><\/p>\n<p>&nbsp;<\/p>\n<p>&nbsp;<\/p>\n<p>&nbsp;<\/p>\n<p>&nbsp;<\/p>\n<p>&nbsp;<\/p>\n<p>&nbsp;<\/p>\n<p>&nbsp;<\/p>\n<p>&nbsp;<\/p>\n<p>&nbsp;<\/p>\n<p>&nbsp;<\/p>\n","protected":false},"excerpt":{"rendered":"<p>&nbsp; &nbsp; &nbsp; (FM) Con la presencia de sus referentes locales, nacionales y provinciales, y la participaci\u00f3n de m\u00e1s de &#8230; <a title=\"Frente Mercedino inaugur\u00f3 nuevo local partidario\" class=\"read-more\" href=\"https:\/\/www.hoymercedes.com.ar\/principal\/2014\/05\/18\/frente-mercedino-inauguro-nuevo-local-partidario\/\" aria-label=\"Leer m\u00e1s sobre Frente Mercedino inaugur\u00f3 nuevo local partidario\">Leer m\u00e1s<\/a><\/p>\n","protected":false},"author":1,"featured_media":0,"comment_status":"open","ping_status":"open","sticky":false,"template":"","format":"standard","meta":{"_monsterinsights_skip_tracking":false,"_monsterinsights_sitenote_active":false,"_monsterinsights_sitenote_note":"","_monsterinsights_sitenote_category":0,"jetpack_post_was_ever_published":false,"_jetpack_newsletter_access":"","_jetpack_dont_email_post_to_subs":false,"_jetpack_newsletter_tier_id":0,"_jetpack_memberships_contains_paywalled_content":false,"_jetpack_memberships_contains_paid_content":false,"footnotes":"","jetpack_publicize_message":"","jetpack_publicize_feature_enabled":true,"jetpack_social_post_already_shared":false,"jetpack_social_options":{"image_generator_settings":{"template":"highway","default_image_id":0,"font":"","enabled":false},"version":2},"_wpas_customize_per_network":false},"categories":[5],"tags":[2687,5255,5050,1007,273,585,5254,281],"class_list":["post-32982","post","type-post","status-publish","format-standard","hentry","category-politica","tag-alberto-espana","tag-diputado-de-pedro","tag-diputado-espana","tag-frente-mercedino","tag-juan-pablo-lopez","tag-juan-ustarroz","tag-local-partidario-frente-mercedino","tag-wado-de-pedro","generate-columns","tablet-grid-50","mobile-grid-100","grid-parent","grid-50"],"jetpack_publicize_connections":[],"jetpack_featured_media_url":"","wps_subtitle":"En 29 entre 38 y 40","jetpack_sharing_enabled":true,"_links":{"self":[{"href":"https:\/\/www.hoymercedes.com.ar\/principal\/wp-json\/wp\/v2\/posts\/32982","targetHints":{"allow":["GET"]}}],"collection":[{"href":"https:\/\/www.hoymercedes.com.ar\/principal\/wp-json\/wp\/v2\/posts"}],"about":[{"href":"https:\/\/www.hoymercedes.com.ar\/principal\/wp-json\/wp\/v2\/types\/post"}],"author":[{"embeddable":true,"href":"https:\/\/www.hoymercedes.com.ar\/principal\/wp-json\/wp\/v2\/users\/1"}],"replies":[{"embeddable":true,"href":"https:\/\/www.hoymercedes.com.ar\/principal\/wp-json\/wp\/v2\/comments?post=32982"}],"version-history":[{"count":0,"href":"https:\/\/www.hoymercedes.com.ar\/principal\/wp-json\/wp\/v2\/posts\/32982\/revisions"}],"wp:attachment":[{"href":"https:\/\/www.hoymercedes.com.ar\/principal\/wp-json\/wp\/v2\/media?parent=32982"}],"wp:term":[{"taxonomy":"category","embeddable":true,"href":"https:\/\/www.hoymercedes.com.ar\/principal\/wp-json\/wp\/v2\/categories?post=32982"},{"taxonomy":"post_tag","embeddable":true,"href":"https:\/\/www.hoymercedes.com.ar\/principal\/wp-json\/wp\/v2\/tags?post=32982"}],"curies":[{"name":"wp","href":"https:\/\/api.w.org\/{rel}","templated":true}]}}