{"id":32986,"date":"2014-05-18T00:52:46","date_gmt":"2014-05-18T03:52:46","guid":{"rendered":"http:\/\/www.hoymercedes.com.ar\/principal\/?p=32986"},"modified":"2014-05-25T12:04:50","modified_gmt":"2014-05-25T15:04:50","slug":"agrupacion-arturo-jauretche-pinto-la-escuela-n25-de-garcia","status":"publish","type":"post","link":"https:\/\/www.hoymercedes.com.ar\/principal\/2014\/05\/18\/agrupacion-arturo-jauretche-pinto-la-escuela-n25-de-garcia\/","title":{"rendered":"Agrupaci\u00f3n \u00abArturo Jauretche\u00bb pint\u00f3 la Escuela N\u00b025 de Garc\u00eda"},"content":{"rendered":"<p><a href=\"https:\/\/www.hoymercedes.com.ar\/principal\/wp-content\/uploads\/2014\/05\/escuela25-garcia.jpg\"><img loading=\"lazy\" decoding=\"async\" data-attachment-id=\"32987\" data-permalink=\"https:\/\/www.hoymercedes.com.ar\/principal\/2014\/05\/18\/agrupacion-arturo-jauretche-pinto-la-escuela-n25-de-garcia\/escuela25-garcia\/#main\" data-orig-file=\"https:\/\/www.hoymercedes.com.ar\/principal\/wp-content\/uploads\/2014\/05\/escuela25-garcia.jpg\" data-orig-size=\"620,349\" data-comments-opened=\"1\" data-image-meta=\"{&quot;aperture&quot;:&quot;0&quot;,&quot;credit&quot;:&quot;&quot;,&quot;camera&quot;:&quot;&quot;,&quot;caption&quot;:&quot;&quot;,&quot;created_timestamp&quot;:&quot;0&quot;,&quot;copyright&quot;:&quot;&quot;,&quot;focal_length&quot;:&quot;0&quot;,&quot;iso&quot;:&quot;0&quot;,&quot;shutter_speed&quot;:&quot;0&quot;,&quot;title&quot;:&quot;&quot;}\" data-image-title=\"escuela25-garcia\" data-image-description=\"\" data-image-caption=\"\" data-large-file=\"https:\/\/www.hoymercedes.com.ar\/principal\/wp-content\/uploads\/2014\/05\/escuela25-garcia.jpg\" class=\"aligncenter size-full wp-image-32987\" src=\"https:\/\/www.hoymercedes.com.ar\/principal\/wp-content\/uploads\/2014\/05\/escuela25-garcia.jpg\" alt=\"escuela25-garcia\" width=\"620\" height=\"349\" \/><\/a><\/p>\n<p><em><strong>El espacio pol\u00edtico conducido por Mariano Castelucci denominado \u00abAgrupaci\u00f3n Arturo Jauretche\u00bb llev\u00f3 a cabo un encuentro y actividad vinculado a la educaci\u00f3n y un aporte a las condiciones de su desarrollo en la Escuela N\u00b025 de Garc\u00eda.<\/strong><\/em><\/p>\n<p>La instituci\u00f3n educativa vivi\u00f3 mejoras en su edificio a manos de las voluntades de la \u00abAgrupaci\u00f3n Jauretche\u00bb que pint\u00f3 sus instalaciones ubicadas en la zona rural de nuestro partido.<\/p>\n<p>Desde la misma agrupaci\u00f3n comentaron: <em>\u00abEn una extensa jornada de trabajo, la agrupaci\u00f3n liderada por el escribano Mariano Castelucci, pint\u00f3 hoy (por el s\u00e1bado) la escuela N\u00b0 25 \u00abBartolom\u00e9 Mitre\u00bb ubicada en Garc\u00eda, perteneciente al partido de Mercedes.\u00bb<\/em><\/p>\n<p>&nbsp;<\/p>\n<p>&nbsp;<\/p>\n<p>&nbsp;<\/p>\n<p>&nbsp;<\/p>\n<p>&nbsp;<\/p>\n<p>&nbsp;<\/p>\n","protected":false},"excerpt":{"rendered":"<p>El espacio pol\u00edtico conducido por Mariano Castelucci denominado \u00abAgrupaci\u00f3n Arturo Jauretche\u00bb llev\u00f3 a cabo un encuentro y actividad vinculado a &#8230; <a title=\"Agrupaci\u00f3n \u00abArturo Jauretche\u00bb pint\u00f3 la Escuela N\u00b025 de Garc\u00eda\" class=\"read-more\" href=\"https:\/\/www.hoymercedes.com.ar\/principal\/2014\/05\/18\/agrupacion-arturo-jauretche-pinto-la-escuela-n25-de-garcia\/\" aria-label=\"Leer m\u00e1s sobre Agrupaci\u00f3n \u00abArturo Jauretche\u00bb pint\u00f3 la Escuela N\u00b025 de Garc\u00eda\">Leer m\u00e1s<\/a><\/p>\n","protected":false},"author":1,"featured_media":0,"comment_status":"open","ping_status":"open","sticky":false,"template":"","format":"standard","meta":{"_monsterinsights_skip_tracking":false,"_monsterinsights_sitenote_active":false,"_monsterinsights_sitenote_note":"","_monsterinsights_sitenote_category":0,"jetpack_post_was_ever_published":false,"_jetpack_newsletter_access":"","_jetpack_dont_email_post_to_subs":false,"_jetpack_newsletter_tier_id":0,"_jetpack_memberships_contains_paywalled_content":false,"_jetpack_memberships_contains_paid_content":false,"footnotes":"","jetpack_publicize_message":"","jetpack_publicize_feature_enabled":true,"jetpack_social_post_already_shared":false,"jetpack_social_options":{"image_generator_settings":{"template":"highway","default_image_id":0,"font":"","enabled":false},"version":2},"_wpas_customize_per_network":false},"categories":[5],"tags":[5256,513],"class_list":["post-32986","post","type-post","status-publish","format-standard","hentry","category-politica","tag-agrupacion-arturo-jauretche-pinto-la-escuela-n25-de-garcia","tag-mariano-castelucci","generate-columns","tablet-grid-50","mobile-grid-100","grid-parent","grid-50"],"jetpack_publicize_connections":[],"jetpack_featured_media_url":"","wps_subtitle":"Tarea de las voluntades pol\u00edticas ","jetpack_sharing_enabled":true,"_links":{"self":[{"href":"https:\/\/www.hoymercedes.com.ar\/principal\/wp-json\/wp\/v2\/posts\/32986","targetHints":{"allow":["GET"]}}],"collection":[{"href":"https:\/\/www.hoymercedes.com.ar\/principal\/wp-json\/wp\/v2\/posts"}],"about":[{"href":"https:\/\/www.hoymercedes.com.ar\/principal\/wp-json\/wp\/v2\/types\/post"}],"author":[{"embeddable":true,"href":"https:\/\/www.hoymercedes.com.ar\/principal\/wp-json\/wp\/v2\/users\/1"}],"replies":[{"embeddable":true,"href":"https:\/\/www.hoymercedes.com.ar\/principal\/wp-json\/wp\/v2\/comments?post=32986"}],"version-history":[{"count":0,"href":"https:\/\/www.hoymercedes.com.ar\/principal\/wp-json\/wp\/v2\/posts\/32986\/revisions"}],"wp:attachment":[{"href":"https:\/\/www.hoymercedes.com.ar\/principal\/wp-json\/wp\/v2\/media?parent=32986"}],"wp:term":[{"taxonomy":"category","embeddable":true,"href":"https:\/\/www.hoymercedes.com.ar\/principal\/wp-json\/wp\/v2\/categories?post=32986"},{"taxonomy":"post_tag","embeddable":true,"href":"https:\/\/www.hoymercedes.com.ar\/principal\/wp-json\/wp\/v2\/tags?post=32986"}],"curies":[{"name":"wp","href":"https:\/\/api.w.org\/{rel}","templated":true}]}}