{"id":33008,"date":"2014-05-18T21:32:45","date_gmt":"2014-05-19T00:32:45","guid":{"rendered":"http:\/\/www.hoymercedes.com.ar\/principal\/?p=33008"},"modified":"2014-05-18T21:45:57","modified_gmt":"2014-05-19T00:45:57","slug":"policia-efectua-cuatro-detenciones-de-sujetos-con-pedidos-de-caputa","status":"publish","type":"post","link":"https:\/\/www.hoymercedes.com.ar\/principal\/2014\/05\/18\/policia-efectua-cuatro-detenciones-de-sujetos-con-pedidos-de-caputa\/","title":{"rendered":"Polic\u00eda efect\u00faa cuatro detenciones de sujetos con pedidos de captura"},"content":{"rendered":"<p><a href=\"https:\/\/www.hoymercedes.com.ar\/principal\/wp-content\/uploads\/2014\/05\/policia2.jpg\"><img loading=\"lazy\" decoding=\"async\" data-attachment-id=\"33010\" data-permalink=\"https:\/\/www.hoymercedes.com.ar\/principal\/2014\/05\/18\/policia-efectua-cuatro-detenciones-de-sujetos-con-pedidos-de-caputa\/policia-8\/#main\" data-orig-file=\"https:\/\/www.hoymercedes.com.ar\/principal\/wp-content\/uploads\/2014\/05\/policia2.jpg\" data-orig-size=\"620,202\" data-comments-opened=\"1\" data-image-meta=\"{&quot;aperture&quot;:&quot;0&quot;,&quot;credit&quot;:&quot;&quot;,&quot;camera&quot;:&quot;&quot;,&quot;caption&quot;:&quot;&quot;,&quot;created_timestamp&quot;:&quot;0&quot;,&quot;copyright&quot;:&quot;&quot;,&quot;focal_length&quot;:&quot;0&quot;,&quot;iso&quot;:&quot;0&quot;,&quot;shutter_speed&quot;:&quot;0&quot;,&quot;title&quot;:&quot;&quot;}\" data-image-title=\"policia\" data-image-description=\"\" data-image-caption=\"\" data-large-file=\"https:\/\/www.hoymercedes.com.ar\/principal\/wp-content\/uploads\/2014\/05\/policia2.jpg\" class=\"aligncenter size-full wp-image-33010\" src=\"https:\/\/www.hoymercedes.com.ar\/principal\/wp-content\/uploads\/2014\/05\/policia2.jpg\" alt=\"policia\" width=\"620\" height=\"202\" \/><\/a><\/p>\n<p><em><strong>La polic\u00eda de nuestra ciudad logr\u00f3 detener a cuatro personas con pedido de captura emitido por la justicia. Adultos y menores estaban tras las pesquisas de las fuerzas de seguridad.\u00a0<\/strong><\/em><\/p>\n<p>El primero de los hechos tuvo lugar en la estaci\u00f3n del ferrocarril Sarmiento, cuando efectivos de la Comisaria local ven a un hombre que merodeaba la zona con una actitud extra\u00f1a. Es as\u00ed que lo demoraron y al averiguar sus antecedentes, pudieron determinar que el mismo tenia orden de detenci\u00f3n por el delito de robo calificado, el que era solicitado por un Juzgado de Menores de esta ciudad. El muchacho, que tiene 16 a\u00f1os, fue albergado en el Centro de Contenci\u00f3n Mercedes, de calle 24 y 107.<\/p>\n<p>Otra detenci\u00f3n se produjo\u00a0en inmediaciones de la Fiscal\u00eda (calles 26 y 37), cuando en la Comisaria se recibi\u00f3 un llamado telef\u00f3nico an\u00f3nimo dando cuenta que un joven caminaba por el lugar. Al ser interceptado por la Polic\u00eda, se pudo determinar que le mismo resultaba ser Oscar Carod de 43 a\u00f1os, domiciliado en la ciudad de Las Heras, quien ten\u00eda captura por el delito de abuso sexual y corrupci\u00f3n de menores, pedido este por el Juzgado de Garant\u00edas n\u00ba 3 de esta ciudad. As\u00ed es que quedo detenido en la Comisaria local.<\/p>\n<p>El tercer detenido se trata de un menor de 16 a\u00f1os, quien ten\u00eda pedido de captura por parte de la Fiscal\u00eda de Menores. En este caso se supo que un empleado judicial que sab\u00eda de \u00e9sta situaci\u00f3n, alert\u00f3 a la Polic\u00eda, y as\u00ed los uniformados lograron detenerlo. Este joven tambi\u00e9n est\u00e1 involucrado en hechos de robo.<\/p>\n<p>El cuarto delincuente detenido se encuentra involucrado en hechos de robo de ganado, encontr\u00e1ndose hoy d\u00eda a disposici\u00f3n del Juzgado de Garant\u00edas n\u00ba 3 de esta ciudad.<\/p>\n<p>&nbsp;<\/p>\n<p>&nbsp;<\/p>\n<p>&nbsp;<\/p>\n<p>&nbsp;<\/p>\n<p>&nbsp;<\/p>\n<p>&nbsp;<\/p>\n","protected":false},"excerpt":{"rendered":"<p>La polic\u00eda de nuestra ciudad logr\u00f3 detener a cuatro personas con pedido de captura emitido por la justicia. Adultos y &#8230; <a title=\"Polic\u00eda efect\u00faa cuatro detenciones de sujetos con pedidos de captura\" class=\"read-more\" href=\"https:\/\/www.hoymercedes.com.ar\/principal\/2014\/05\/18\/policia-efectua-cuatro-detenciones-de-sujetos-con-pedidos-de-caputa\/\" aria-label=\"Leer m\u00e1s sobre Polic\u00eda efect\u00faa cuatro detenciones de sujetos con pedidos de captura\">Leer m\u00e1s<\/a><\/p>\n","protected":false},"author":1,"featured_media":0,"comment_status":"open","ping_status":"open","sticky":false,"template":"","format":"standard","meta":{"_monsterinsights_skip_tracking":false,"_monsterinsights_sitenote_active":false,"_monsterinsights_sitenote_note":"","_monsterinsights_sitenote_category":0,"jetpack_post_was_ever_published":false,"_jetpack_newsletter_access":"","_jetpack_dont_email_post_to_subs":false,"_jetpack_newsletter_tier_id":0,"_jetpack_memberships_contains_paywalled_content":false,"_jetpack_memberships_contains_paid_content":false,"footnotes":"","jetpack_publicize_message":"","jetpack_publicize_feature_enabled":true,"jetpack_social_post_already_shared":false,"jetpack_social_options":{"image_generator_settings":{"template":"highway","default_image_id":0,"font":"","enabled":false},"version":2},"_wpas_customize_per_network":false},"categories":[85],"tags":[3385,5257,126],"class_list":["post-33008","post","type-post","status-publish","format-standard","hentry","category-policial","tag-detenciones-mercedes","tag-pedido-de-captura-mercedes","tag-policia-mercedes","generate-columns","tablet-grid-50","mobile-grid-100","grid-parent","grid-50"],"jetpack_publicize_connections":[],"jetpack_featured_media_url":"","wps_subtitle":"En nuestra ciudad ","jetpack_sharing_enabled":true,"_links":{"self":[{"href":"https:\/\/www.hoymercedes.com.ar\/principal\/wp-json\/wp\/v2\/posts\/33008","targetHints":{"allow":["GET"]}}],"collection":[{"href":"https:\/\/www.hoymercedes.com.ar\/principal\/wp-json\/wp\/v2\/posts"}],"about":[{"href":"https:\/\/www.hoymercedes.com.ar\/principal\/wp-json\/wp\/v2\/types\/post"}],"author":[{"embeddable":true,"href":"https:\/\/www.hoymercedes.com.ar\/principal\/wp-json\/wp\/v2\/users\/1"}],"replies":[{"embeddable":true,"href":"https:\/\/www.hoymercedes.com.ar\/principal\/wp-json\/wp\/v2\/comments?post=33008"}],"version-history":[{"count":0,"href":"https:\/\/www.hoymercedes.com.ar\/principal\/wp-json\/wp\/v2\/posts\/33008\/revisions"}],"wp:attachment":[{"href":"https:\/\/www.hoymercedes.com.ar\/principal\/wp-json\/wp\/v2\/media?parent=33008"}],"wp:term":[{"taxonomy":"category","embeddable":true,"href":"https:\/\/www.hoymercedes.com.ar\/principal\/wp-json\/wp\/v2\/categories?post=33008"},{"taxonomy":"post_tag","embeddable":true,"href":"https:\/\/www.hoymercedes.com.ar\/principal\/wp-json\/wp\/v2\/tags?post=33008"}],"curies":[{"name":"wp","href":"https:\/\/api.w.org\/{rel}","templated":true}]}}