{"id":33043,"date":"2014-05-19T22:57:42","date_gmt":"2014-05-20T01:57:42","guid":{"rendered":"http:\/\/www.hoymercedes.com.ar\/principal\/?p=33043"},"modified":"2014-05-25T11:58:01","modified_gmt":"2014-05-25T14:58:01","slug":"ex-ministro-daniel-arroyo-disertara-en-mercedes-junto-a-selva","status":"publish","type":"post","link":"https:\/\/www.hoymercedes.com.ar\/principal\/2014\/05\/19\/ex-ministro-daniel-arroyo-disertara-en-mercedes-junto-a-selva\/","title":{"rendered":"Ex Ministro Daniel Arroyo disertar\u00e1 en Mercedes junto a Selva"},"content":{"rendered":"<p><a href=\"https:\/\/www.hoymercedes.com.ar\/principal\/wp-content\/uploads\/2014\/05\/ConferenciaDanielArroyo.jpg\"><img loading=\"lazy\" decoding=\"async\" data-attachment-id=\"33044\" data-permalink=\"https:\/\/www.hoymercedes.com.ar\/principal\/2014\/05\/19\/ex-ministro-daniel-arroyo-disertara-en-mercedes-junto-a-selva\/conferenciadanielarroyo\/#main\" data-orig-file=\"https:\/\/www.hoymercedes.com.ar\/principal\/wp-content\/uploads\/2014\/05\/ConferenciaDanielArroyo.jpg\" data-orig-size=\"620,622\" data-comments-opened=\"1\" data-image-meta=\"{&quot;aperture&quot;:&quot;0&quot;,&quot;credit&quot;:&quot;&quot;,&quot;camera&quot;:&quot;&quot;,&quot;caption&quot;:&quot;&quot;,&quot;created_timestamp&quot;:&quot;0&quot;,&quot;copyright&quot;:&quot;&quot;,&quot;focal_length&quot;:&quot;0&quot;,&quot;iso&quot;:&quot;0&quot;,&quot;shutter_speed&quot;:&quot;0&quot;,&quot;title&quot;:&quot;&quot;}\" data-image-title=\"ConferenciaDanielArroyo\" data-image-description=\"\" data-image-caption=\"\" data-large-file=\"https:\/\/www.hoymercedes.com.ar\/principal\/wp-content\/uploads\/2014\/05\/ConferenciaDanielArroyo.jpg\" class=\"aligncenter size-full wp-image-33044\" src=\"https:\/\/www.hoymercedes.com.ar\/principal\/wp-content\/uploads\/2014\/05\/ConferenciaDanielArroyo.jpg\" alt=\"ConferenciaDanielArroyo\" width=\"620\" height=\"622\" srcset=\"https:\/\/www.hoymercedes.com.ar\/principal\/wp-content\/uploads\/2014\/05\/ConferenciaDanielArroyo.jpg 620w, https:\/\/www.hoymercedes.com.ar\/principal\/wp-content\/uploads\/2014\/05\/ConferenciaDanielArroyo-150x150.jpg 150w, https:\/\/www.hoymercedes.com.ar\/principal\/wp-content\/uploads\/2014\/05\/ConferenciaDanielArroyo-618x620.jpg 618w\" sizes=\"auto, (max-width: 620px) 100vw, 620px\" \/><\/a><\/p>\n<p><em><strong>Este martes el espacio partidario de la Agrupaci\u00f3n 17 de Octubre que es el nucleo del Frente Renovador Mercedes desarrollar\u00e1 una actividad partidaria denominada \u00abCiclo de conferencias\u00bb donde participar\u00e1n principalmente las voluntades, pero, es abierto a toda la comunidad. Ser\u00e1 en \u00e9sta ocasi\u00f3n el invitado principal Daniel Arroyo, ex ministro de Desarrollo Social de la provincia y viceministro de la cartera nacional, ahora parte del massismo en la Provincia de Buenos Aires.<\/strong><\/em><\/p>\n<p>Desde la propia Agrupaci\u00f3n sostuvieron: \u00abInvitamos a todos los que quieran acercarse el martes a las 18.00hs a nuestra querida Agrupaci\u00f3n 17 de Octubre a participar de la disertaci\u00f3n sobre pol\u00edticas sociales que estar\u00e1 dando el compa\u00f1ero Daniel Arroyo\u00bb<\/p>\n<p>Estar\u00e1 presente y ser\u00e1 parte de la conferencia el intendente municipal, Carlos Selva, qui\u00e9n adem\u00e1s conduce dicho espacio partidario.<\/p>\n<p>El encuentro ser\u00e1 en calle 29 entre 20 y 22.<\/p>\n<p>&nbsp;<\/p>\n<p>&nbsp;<\/p>\n<p>&nbsp;<\/p>\n<p>&nbsp;<\/p>\n","protected":false},"excerpt":{"rendered":"<p>Este martes el espacio partidario de la Agrupaci\u00f3n 17 de Octubre que es el nucleo del Frente Renovador Mercedes desarrollar\u00e1 &#8230; <a title=\"Ex Ministro Daniel Arroyo disertar\u00e1 en Mercedes junto a Selva\" class=\"read-more\" href=\"https:\/\/www.hoymercedes.com.ar\/principal\/2014\/05\/19\/ex-ministro-daniel-arroyo-disertara-en-mercedes-junto-a-selva\/\" aria-label=\"Leer m\u00e1s sobre Ex Ministro Daniel Arroyo disertar\u00e1 en Mercedes junto a Selva\">Leer m\u00e1s<\/a><\/p>\n","protected":false},"author":1,"featured_media":0,"comment_status":"open","ping_status":"open","sticky":false,"template":"","format":"standard","meta":{"_monsterinsights_skip_tracking":false,"_monsterinsights_sitenote_active":false,"_monsterinsights_sitenote_note":"","_monsterinsights_sitenote_category":0,"jetpack_post_was_ever_published":false,"_jetpack_newsletter_access":"","_jetpack_dont_email_post_to_subs":false,"_jetpack_newsletter_tier_id":0,"_jetpack_memberships_contains_paywalled_content":false,"_jetpack_memberships_contains_paid_content":false,"footnotes":"","jetpack_publicize_message":"","jetpack_publicize_feature_enabled":true,"jetpack_social_post_already_shared":false,"jetpack_social_options":{"image_generator_settings":{"template":"highway","default_image_id":0,"font":"","enabled":false},"version":2},"_wpas_customize_per_network":false},"categories":[5],"tags":[5266,5265,5267],"class_list":["post-33043","post","type-post","status-publish","format-standard","hentry","category-politica","tag-carlos-selva-y-daniel-arroyo","tag-daniel-arroyo-en-mercedes","tag-frente-renovador-daniel-arroyo","generate-columns","tablet-grid-50","mobile-grid-100","grid-parent","grid-50"],"jetpack_publicize_connections":[],"jetpack_featured_media_url":"","wps_subtitle":"Construcci\u00f3n pol\u00edtica ","jetpack_sharing_enabled":true,"_links":{"self":[{"href":"https:\/\/www.hoymercedes.com.ar\/principal\/wp-json\/wp\/v2\/posts\/33043","targetHints":{"allow":["GET"]}}],"collection":[{"href":"https:\/\/www.hoymercedes.com.ar\/principal\/wp-json\/wp\/v2\/posts"}],"about":[{"href":"https:\/\/www.hoymercedes.com.ar\/principal\/wp-json\/wp\/v2\/types\/post"}],"author":[{"embeddable":true,"href":"https:\/\/www.hoymercedes.com.ar\/principal\/wp-json\/wp\/v2\/users\/1"}],"replies":[{"embeddable":true,"href":"https:\/\/www.hoymercedes.com.ar\/principal\/wp-json\/wp\/v2\/comments?post=33043"}],"version-history":[{"count":0,"href":"https:\/\/www.hoymercedes.com.ar\/principal\/wp-json\/wp\/v2\/posts\/33043\/revisions"}],"wp:attachment":[{"href":"https:\/\/www.hoymercedes.com.ar\/principal\/wp-json\/wp\/v2\/media?parent=33043"}],"wp:term":[{"taxonomy":"category","embeddable":true,"href":"https:\/\/www.hoymercedes.com.ar\/principal\/wp-json\/wp\/v2\/categories?post=33043"},{"taxonomy":"post_tag","embeddable":true,"href":"https:\/\/www.hoymercedes.com.ar\/principal\/wp-json\/wp\/v2\/tags?post=33043"}],"curies":[{"name":"wp","href":"https:\/\/api.w.org\/{rel}","templated":true}]}}