{"id":33046,"date":"2014-05-20T00:09:35","date_gmt":"2014-05-20T03:09:35","guid":{"rendered":"http:\/\/www.hoymercedes.com.ar\/principal\/?p=33046"},"modified":"2014-05-20T00:11:12","modified_gmt":"2014-05-20T03:11:12","slug":"casa-joven-celebra-y-reflexiona-en-sus-4-anos-de-vida","status":"publish","type":"post","link":"https:\/\/www.hoymercedes.com.ar\/principal\/2014\/05\/20\/casa-joven-celebra-y-reflexiona-en-sus-4-anos-de-vida\/","title":{"rendered":"Casa Joven celebra y reflexiona en su 4to aniversario"},"content":{"rendered":"<p><a href=\"https:\/\/www.hoymercedes.com.ar\/principal\/wp-content\/uploads\/2014\/05\/CasaJovenMercedes-4a\u00f1os.jpg\"><img loading=\"lazy\" decoding=\"async\" data-attachment-id=\"33047\" data-permalink=\"https:\/\/www.hoymercedes.com.ar\/principal\/2014\/05\/20\/casa-joven-celebra-y-reflexiona-en-sus-4-anos-de-vida\/casajovenmercedes-4anos\/#main\" data-orig-file=\"https:\/\/www.hoymercedes.com.ar\/principal\/wp-content\/uploads\/2014\/05\/CasaJovenMercedes-4a\u00f1os.jpg\" data-orig-size=\"620,465\" data-comments-opened=\"1\" data-image-meta=\"{&quot;aperture&quot;:&quot;0&quot;,&quot;credit&quot;:&quot;&quot;,&quot;camera&quot;:&quot;&quot;,&quot;caption&quot;:&quot;&quot;,&quot;created_timestamp&quot;:&quot;0&quot;,&quot;copyright&quot;:&quot;&quot;,&quot;focal_length&quot;:&quot;0&quot;,&quot;iso&quot;:&quot;0&quot;,&quot;shutter_speed&quot;:&quot;0&quot;,&quot;title&quot;:&quot;&quot;}\" data-image-title=\"CasaJovenMercedes-4a\u00f1os\" data-image-description=\"\" data-image-caption=\"\" data-large-file=\"https:\/\/www.hoymercedes.com.ar\/principal\/wp-content\/uploads\/2014\/05\/CasaJovenMercedes-4a\u00f1os.jpg\" class=\"aligncenter size-full wp-image-33047\" src=\"https:\/\/www.hoymercedes.com.ar\/principal\/wp-content\/uploads\/2014\/05\/CasaJovenMercedes-4a\u00f1os.jpg\" alt=\"CasaJovenMercedes-4a\u00f1os\" width=\"620\" height=\"465\" \/><\/a><\/p>\n<p><em><strong>La Agrupaci\u00f3n Pol\u00edtica que conduce Juan Pablo L\u00f3pez Baggio, actual concejal del Frente Mercedino, cumpli\u00f3 4 a\u00f1os de vida institucional y partidaria en nuestra ciudad. Un logro no menor en el contexto actual logrando mantenerse en escena, con m\u00faltiples actividades, con sostenimiento de su mensaje a trav\u00e9s del tiempo y crecimiento en t\u00e9rminos de participaci\u00f3n interna.<\/strong><\/em><\/p>\n<p>Desde el espacio pol\u00edtico comentaron que: <em>\u00abCuando 4 a\u00f1os\u00a0atr\u00e1s\u00a0decidimos con un grupo de compa\u00f1eros abrir las puertas de una\u00a0agrupaci\u00f3n nos fijamos claros desaf\u00edos:<\/em><\/p>\n<p><em>&#8211; Ser una agrupaci\u00f3n peronista, no una agrupaci\u00f3n del oportunismo circunstancial, no una agrupaci\u00f3n que cambie sus colores seg\u00fan la conveniencia electoral. Nuestra identidad tiene que ver con las banderas hist\u00f3ricas del movimiento nacional.-<\/em><\/p>\n<p><em>&#8211; Tomar como referencia contempor\u00e1nea a la figura de N\u00e9stor Kirchner como el interprete mas autentico del peronismo y quien supo transformar la apat\u00eda reinante en una vocaci\u00f3n transformadora desde la pol\u00edtica.<\/em><\/p>\n<p><em>&#8211; Generar un espacio de contenci\u00f3n y formaci\u00f3n de nuevos cuadros pol\u00edticos, entendiendo a la capacitaci\u00f3n como eje fundamental del crecimiento colectivo, donde los progresos personales enriquezcan a todos.<\/em><\/p>\n<p><em>&#8211; Ser un eslab\u00f3n entre las pol\u00edticas implementadas por el Proyecto Nacional y nuestro territorio que logre acortar la brecha entre el pueblo y el gobierno, valorando el esfuerzo y la lucha cont\u00ednua contra aquellos intereses mezquinos que buscan sistem\u00e1ticamente boicotear este proyecto.<\/em><\/p>\n<p><em>&#8211; Identificarnos con la Juventud Peronista de Pronvincia de Buenos Aires y el Peronismo Kirchnerista, siendo sus referentes compa\u00f1eros de muchos a\u00f1os y aportando desde nuestro territorio a la org\u00e1nica provincial.<\/em><\/p>\n<p><em>&#8211; Estar siempre presentes. Que nuestras puertas est\u00e9n siempre abiertas. No convertirnos en aquellos reductos de la pol\u00edtica que solo abren sus puertas de cara a una elecci\u00f3n.<\/em><\/p>\n<p><em>&#8211; Hoy podemos decir que as\u00ed fue, y as\u00ed es. Y la esperanza esta puesta en que siga siendo; que aquellos postulados fundantes trasciendan a nuestros actuales militantes.<\/em><\/p>\n<p><em>Cumplir a\u00f1os, es una motivaci\u00f3n para valorar todo lo realizado y continuar creciendo, privilegiando a las ideas, por encima de los intereses.<\/em><\/p>\n<p><em>Queremos agradecer a los militantes de siempre, a los fundadores y a los de hoy. A los vecinos de nuestra esquina de 33 y 14. A quienes se sienten amigos de la Casa. A nuestros compa\u00f1eros de otras agrupaciones integrantes del Frente Mercedino. A nuestros adversarios que nos dispensan a diario su respeto y consideraci\u00f3n.<\/em><\/p>\n<p><em>Considerando que todo lo realizado no fue en vano, podemos proponernos: Nunca Menos, vamos por mas!!\u00bb, <\/em>remarcaron.<em>\u00a0<\/em><\/p>\n<p>Un claro posicionamiento que los ha mantenido vigente durante los \u00faltimos cuatro a\u00f1os de la Argentina, la Provincia y la ciudad. Con movimientos, participaciones solidarias con en La Plata, con apoyo a causas populares en Plaza de Mayo y en el Congreso de la Naci\u00f3n, desde la construcci\u00f3n partidaria en Gestar, \u00a0en el deporte apoyando a los competidores locales, en la solidaridad participando de actos en localidades vecinas, en los Barrios donde incluso son conducci\u00f3n y en especial en el d\u00eda a d\u00eda de los mercedinos.<\/p>\n","protected":false},"excerpt":{"rendered":"<p>La Agrupaci\u00f3n Pol\u00edtica que conduce Juan Pablo L\u00f3pez Baggio, actual concejal del Frente Mercedino, cumpli\u00f3 4 a\u00f1os de vida institucional &#8230; <a title=\"Casa Joven celebra y reflexiona en su 4to aniversario\" class=\"read-more\" href=\"https:\/\/www.hoymercedes.com.ar\/principal\/2014\/05\/20\/casa-joven-celebra-y-reflexiona-en-sus-4-anos-de-vida\/\" aria-label=\"Leer m\u00e1s sobre Casa Joven celebra y reflexiona en su 4to aniversario\">Leer m\u00e1s<\/a><\/p>\n","protected":false},"author":1,"featured_media":0,"comment_status":"open","ping_status":"open","sticky":false,"template":"","format":"standard","meta":{"_monsterinsights_skip_tracking":false,"_monsterinsights_sitenote_active":false,"_monsterinsights_sitenote_note":"","_monsterinsights_sitenote_category":0,"jetpack_post_was_ever_published":false,"_jetpack_newsletter_access":"","_jetpack_dont_email_post_to_subs":false,"_jetpack_newsletter_tier_id":0,"_jetpack_memberships_contains_paywalled_content":false,"_jetpack_memberships_contains_paid_content":false,"footnotes":"","jetpack_publicize_message":"","jetpack_publicize_feature_enabled":true,"jetpack_social_post_already_shared":false,"jetpack_social_options":{"image_generator_settings":{"template":"highway","default_image_id":0,"font":"","enabled":false},"version":2},"_wpas_customize_per_network":false},"categories":[5],"tags":[298,4180],"class_list":["post-33046","post","type-post","status-publish","format-standard","hentry","category-politica","tag-casa-joven-mercedes","tag-juan-pablo-lopez-baggio","generate-columns","tablet-grid-50","mobile-grid-100","grid-parent","grid-50"],"jetpack_publicize_connections":[],"jetpack_featured_media_url":"","wps_subtitle":"Desde 14 y 33 a toda la ciudad ","jetpack_sharing_enabled":true,"_links":{"self":[{"href":"https:\/\/www.hoymercedes.com.ar\/principal\/wp-json\/wp\/v2\/posts\/33046","targetHints":{"allow":["GET"]}}],"collection":[{"href":"https:\/\/www.hoymercedes.com.ar\/principal\/wp-json\/wp\/v2\/posts"}],"about":[{"href":"https:\/\/www.hoymercedes.com.ar\/principal\/wp-json\/wp\/v2\/types\/post"}],"author":[{"embeddable":true,"href":"https:\/\/www.hoymercedes.com.ar\/principal\/wp-json\/wp\/v2\/users\/1"}],"replies":[{"embeddable":true,"href":"https:\/\/www.hoymercedes.com.ar\/principal\/wp-json\/wp\/v2\/comments?post=33046"}],"version-history":[{"count":0,"href":"https:\/\/www.hoymercedes.com.ar\/principal\/wp-json\/wp\/v2\/posts\/33046\/revisions"}],"wp:attachment":[{"href":"https:\/\/www.hoymercedes.com.ar\/principal\/wp-json\/wp\/v2\/media?parent=33046"}],"wp:term":[{"taxonomy":"category","embeddable":true,"href":"https:\/\/www.hoymercedes.com.ar\/principal\/wp-json\/wp\/v2\/categories?post=33046"},{"taxonomy":"post_tag","embeddable":true,"href":"https:\/\/www.hoymercedes.com.ar\/principal\/wp-json\/wp\/v2\/tags?post=33046"}],"curies":[{"name":"wp","href":"https:\/\/api.w.org\/{rel}","templated":true}]}}