{"id":33060,"date":"2014-05-20T21:06:41","date_gmt":"2014-05-21T00:06:41","guid":{"rendered":"http:\/\/www.hoymercedes.com.ar\/principal\/?p=33060"},"modified":"2014-05-21T22:23:51","modified_gmt":"2014-05-22T01:23:51","slug":"ustarroz-en-vez-de-lanzar-mentiras-y-versiones-le-pedimos-al-intendente-que-resuelva-el-gran-problema-causado-por-el-estacionamiento-medido","status":"publish","type":"post","link":"https:\/\/www.hoymercedes.com.ar\/principal\/2014\/05\/20\/ustarroz-en-vez-de-lanzar-mentiras-y-versiones-le-pedimos-al-intendente-que-resuelva-el-gran-problema-causado-por-el-estacionamiento-medido\/","title":{"rendered":"Ustarroz: \u00abEn vez de lanzar mentiras y versiones le pedimos al intendente que resuelva el gran problema causado por el estacionamiento medido\u00bb"},"content":{"rendered":"<p style=\"color: #000000;\"><a href=\"https:\/\/www.hoymercedes.com.ar\/principal\/wp-content\/uploads\/2014\/05\/ustarroz-juan.jpg\"><img loading=\"lazy\" decoding=\"async\" data-attachment-id=\"33061\" data-permalink=\"https:\/\/www.hoymercedes.com.ar\/principal\/2014\/05\/20\/ustarroz-en-vez-de-lanzar-mentiras-y-versiones-le-pedimos-al-intendente-que-resuelva-el-gran-problema-causado-por-el-estacionamiento-medido\/ustarroz-juan-3\/#main\" data-orig-file=\"https:\/\/www.hoymercedes.com.ar\/principal\/wp-content\/uploads\/2014\/05\/ustarroz-juan.jpg\" data-orig-size=\"620,208\" data-comments-opened=\"1\" data-image-meta=\"{&quot;aperture&quot;:&quot;4&quot;,&quot;credit&quot;:&quot;&quot;,&quot;camera&quot;:&quot;COOLPIX L310&quot;,&quot;caption&quot;:&quot;&quot;,&quot;created_timestamp&quot;:&quot;1386794607&quot;,&quot;copyright&quot;:&quot;&quot;,&quot;focal_length&quot;:&quot;12.6&quot;,&quot;iso&quot;:&quot;500&quot;,&quot;shutter_speed&quot;:&quot;0.02&quot;,&quot;title&quot;:&quot;&quot;}\" data-image-title=\"ustarroz-juan\" data-image-description=\"\" data-image-caption=\"\" data-large-file=\"https:\/\/www.hoymercedes.com.ar\/principal\/wp-content\/uploads\/2014\/05\/ustarroz-juan.jpg\" class=\"aligncenter size-full wp-image-33061\" src=\"https:\/\/www.hoymercedes.com.ar\/principal\/wp-content\/uploads\/2014\/05\/ustarroz-juan.jpg\" alt=\"ustarroz-juan\" width=\"620\" height=\"208\" \/><\/a><\/p>\n<p style=\"color: #000000;\"><em><strong>(FM) El presidente del bloque de concejales del Frente Mercedino para la Victoria, Juan Ignacio Ustarroz, desminti\u00f3 \u201ccateg\u00f3ricamente\u201d la posible llegada de un mercado concentrador al predio recuperado de la Trocha y vincul\u00f3 la versi\u00f3n \u201ca una operaci\u00f3n de prensa difundida desde el selvismo como un intento de tapar los perjuicios que viene provocando el sistema de estacionamiento medido que implementaron\u201d<\/strong><\/em>.<\/p>\n<p style=\"color: #000000;\">\u201cNo nos resulta nada nuevo. En 2011 fue la llegada de la villa 31, y despu\u00e9s qued\u00f3 al descubierto que es el intendente quien promueve la usurpaci\u00f3n de terrenos; el a\u00f1o pasado, lo de los DNI truchos, causa que la justicia no solo desestim\u00f3 sino que tambi\u00e9n consider\u00f3 que los argumentos de la denuncia eran poco serios; y ahora esto del mercado en La Trocha \u2013enumer\u00f3 Ustarroz-. Es una evidente maniobra de prensa. Quieren tapar con mentiras el da\u00f1o que le est\u00e1n haciendo a la gente\u201d.<\/p>\n<p style=\"color: #000000;\">\u201cEn vez de lanzar mentiras y versiones a trav\u00e9s de un sitio de noticias con notoria inclinaci\u00f3n hacia el massismo, nosotros le pedimos al intendente que resuelva el gran problema causado por el estacionamiento medido. En vez de atender a los comerciantes no solo usa el tiempo para su campa\u00f1a personal, buscando proyectarse pol\u00edticamente y descuidando la gesti\u00f3n en nuestra ciudad, sino que ahora tambi\u00e9n, como descubrimos hoy, lo utiliza para desparramar versiones intencionadas\u201d, agreg\u00f3.<\/p>\n<p style=\"color: #000000;\">Ustarroz se mostr\u00f3 \u201capenado\u201d por el recurso medi\u00e1tico. \u201cSobre todo \u2013dijo-, porque ven\u00eda de tener una reuni\u00f3n muy amena con el intendente para articular un programa de vacunaci\u00f3n antigripal gratuito para todos los vecinos y supuse que pod\u00edamos encarar una nueva etapa de trabajo, sin embarrar la cancha, uniendo los esfuerzos de todos y, m\u00e1s all\u00e1 de las diferencias, tratar los problemas de la gente\u201d.<\/p>\n<p style=\"color: #000000;\">\u201cAfortunadamente, y seg\u00fan me dicen en la calle, los vecinos ya se dan cuenta de esta clase de acciones intencionadas \u2013a\u00f1adi\u00f3-. El predio de la Trocha era un lugar abandonado, descuidado, un foco de inseguridad y de basura; y hubiese estado mucho peor si no fuera por los esfuerzos de Fernando Luna y los Amigos del Belgrano. Hoy, en cambio, es un predio hermoso totalmente recuperado, iluminado, mantenido por el trabajo de los cooperativistas y custodiado. Se est\u00e1n haciendo actividades maravillosas como fue la fiesta reciente con Horacio Guarany y est\u00e1 a disposici\u00f3n de todos los vecinos de Mercedes, que pueden usarlo todo el d\u00eda y pueden cruzarlo de noche sin miedo a que les pase algo como suced\u00eda hasta hace algunos pocos meses\u201d.<\/p>\n<p style=\"color: #000000;\">El referente del Frente Mercedino, sin embargo, mostr\u00f3 su predisposici\u00f3n al di\u00e1logo: \u201cVamos a seguir generando espacios de encuentro con el intendente, dejando de lado diferencias pol\u00edticas y buscando respuestas a los problemas de la gente. Nosotros hemos cometido errores, pero nunca de mala fe. Y lo hemos asumido y corregido. Con respeto, con humildad, con el compromiso inclaudicable del trabajo y con la obligaci\u00f3n de escuchar a la gente, debemos velar por el bien com\u00fan. Hoy ser\u00eda importante que podamos dar pasos concretos para avanzar juntos por mejorar la salud en Mercedes\u201d, puntualiz\u00f3.<\/p>\n","protected":false},"excerpt":{"rendered":"<p>(FM) El presidente del bloque de concejales del Frente Mercedino para la Victoria, Juan Ignacio Ustarroz, desminti\u00f3 \u201ccateg\u00f3ricamente\u201d la posible &#8230; <a title=\"Ustarroz: \u00abEn vez de lanzar mentiras y versiones le pedimos al intendente que resuelva el gran problema causado por el estacionamiento medido\u00bb\" class=\"read-more\" href=\"https:\/\/www.hoymercedes.com.ar\/principal\/2014\/05\/20\/ustarroz-en-vez-de-lanzar-mentiras-y-versiones-le-pedimos-al-intendente-que-resuelva-el-gran-problema-causado-por-el-estacionamiento-medido\/\" aria-label=\"Leer m\u00e1s sobre Ustarroz: \u00abEn vez de lanzar mentiras y versiones le pedimos al intendente que resuelva el gran problema causado por el estacionamiento medido\u00bb\">Leer m\u00e1s<\/a><\/p>\n","protected":false},"author":1,"featured_media":0,"comment_status":"open","ping_status":"open","sticky":false,"template":"","format":"standard","meta":{"_monsterinsights_skip_tracking":false,"_monsterinsights_sitenote_active":false,"_monsterinsights_sitenote_note":"","_monsterinsights_sitenote_category":0,"jetpack_post_was_ever_published":false,"_jetpack_newsletter_access":"","_jetpack_dont_email_post_to_subs":false,"_jetpack_newsletter_tier_id":0,"_jetpack_memberships_contains_paywalled_content":false,"_jetpack_memberships_contains_paid_content":false,"footnotes":"","jetpack_publicize_message":"","jetpack_publicize_feature_enabled":true,"jetpack_social_post_already_shared":false,"jetpack_social_options":{"image_generator_settings":{"template":"highway","default_image_id":0,"font":"","enabled":false},"version":2},"_wpas_customize_per_network":false},"categories":[5],"tags":[5030,424],"class_list":["post-33060","post","type-post","status-publish","format-standard","hentry","category-politica","tag-estacionamiento-medido","tag-ustarroz","generate-columns","tablet-grid-50","mobile-grid-100","grid-parent","grid-50"],"jetpack_publicize_connections":[],"jetpack_featured_media_url":"","wps_subtitle":"Pol\u00e9mica encendida ","jetpack_sharing_enabled":true,"_links":{"self":[{"href":"https:\/\/www.hoymercedes.com.ar\/principal\/wp-json\/wp\/v2\/posts\/33060","targetHints":{"allow":["GET"]}}],"collection":[{"href":"https:\/\/www.hoymercedes.com.ar\/principal\/wp-json\/wp\/v2\/posts"}],"about":[{"href":"https:\/\/www.hoymercedes.com.ar\/principal\/wp-json\/wp\/v2\/types\/post"}],"author":[{"embeddable":true,"href":"https:\/\/www.hoymercedes.com.ar\/principal\/wp-json\/wp\/v2\/users\/1"}],"replies":[{"embeddable":true,"href":"https:\/\/www.hoymercedes.com.ar\/principal\/wp-json\/wp\/v2\/comments?post=33060"}],"version-history":[{"count":0,"href":"https:\/\/www.hoymercedes.com.ar\/principal\/wp-json\/wp\/v2\/posts\/33060\/revisions"}],"wp:attachment":[{"href":"https:\/\/www.hoymercedes.com.ar\/principal\/wp-json\/wp\/v2\/media?parent=33060"}],"wp:term":[{"taxonomy":"category","embeddable":true,"href":"https:\/\/www.hoymercedes.com.ar\/principal\/wp-json\/wp\/v2\/categories?post=33060"},{"taxonomy":"post_tag","embeddable":true,"href":"https:\/\/www.hoymercedes.com.ar\/principal\/wp-json\/wp\/v2\/tags?post=33060"}],"curies":[{"name":"wp","href":"https:\/\/api.w.org\/{rel}","templated":true}]}}